{"id":11288,"date":"2022-11-16T20:04:55","date_gmt":"2022-11-16T19:04:55","guid":{"rendered":"https:\/\/familie-weitgereist.de\/?p=11288"},"modified":"2025-11-12T22:56:57","modified_gmt":"2025-11-12T21:56:57","slug":"europareise-roadtrip-deutschland-mit-kleinkind-und-baby","status":"publish","type":"post","link":"https:\/\/familie-weitgereist.de\/?p=11288","title":{"rendered":"Europareise Roadtrip &#8211; Deutschland mit Kleinkind und Baby"},"content":{"rendered":"\n<p>Ab November 2022 haben wir unsere Elternzeit genutzt um mit unserem <strong>VW T6<\/strong> durch Europa zu reisen. Unsere Reise startete in <strong>Deutschland<\/strong>. Wir \u00fcbernachteten in unserem Camper auf Wanderparkpl\u00e4tzen. Da es Mitte November in Mitteleuropa schon recht k\u00fchl ist, haben wir in Deutschland nicht sehr viele Stopps gemacht und uns auf unserem Weg in den S\u00fcden, folgende Highlights angeschaut.<\/p>\n\n\n\n<figure class=\"wp-block-embed is-type-video is-provider-youtube wp-block-embed-youtube wp-embed-aspect-16-9 wp-has-aspect-ratio\"><div class=\"wp-block-embed__wrapper\">\n<iframe loading=\"lazy\" title=\"EUROPA ROADTRIP 2022 \/ 2023 - Woche #001\" width=\"580\" height=\"326\" src=\"https:\/\/www.youtube.com\/embed\/FF3dc8SGV5Q?feature=oembed\" frameborder=\"0\" allow=\"accelerometer; autoplay; clipboard-write; encrypted-media; gyroscope; picture-in-picture; web-share\" referrerpolicy=\"strict-origin-when-cross-origin\" allowfullscreen><\/iframe>\n<\/div><\/figure>\n\n\n\n<h2 class=\"wp-block-heading\">Bamberg <\/h2>\n\n\n\n<p>Bamberg ist eine Stadt im Norden von Bayern mit wunderbar erhaltenen Geb\u00e4uden. Bamberg wird auch als das <strong>fr\u00e4nkische Rom<\/strong> bezeichnet und ist Weltkulturerbe. Beim Schlendern durch die Altstadt gerieten wir an sehr vielen Stellen ins Staunen. Die Geb\u00e4ude sind einfach wundersch\u00f6n!<\/p>\n\n\n\n<p>Wir spazierten \u00fcber die vielen Br\u00fccken, die \u00fcber den Main und die Regnitz f\u00fchren. Musiker, Bierg\u00e4rten (sogar im November ge\u00f6ffnet) und das traumhafte Herbstwetter machten Bamberg f\u00fcr uns zu einem wahrhaft tollen Auftakt unserer <strong>Europareise<\/strong>. <\/p>\n\n\n\n<figure class=\"wp-block-image size-large is-resized\"><img loading=\"lazy\" decoding=\"async\" src=\"https:\/\/familie-weitgereist.de\/wp-content\/uploads\/2022\/11\/IMG_20221114_153531-1024x768.jpg\" alt=\"\" class=\"wp-image-11290\" width=\"378\" height=\"283\" srcset=\"https:\/\/familie-weitgereist.de\/wp-content\/uploads\/2022\/11\/IMG_20221114_153531-1024x768.jpg 1024w, https:\/\/familie-weitgereist.de\/wp-content\/uploads\/2022\/11\/IMG_20221114_153531-300x225.jpg 300w, https:\/\/familie-weitgereist.de\/wp-content\/uploads\/2022\/11\/IMG_20221114_153531-768x576.jpg 768w, https:\/\/familie-weitgereist.de\/wp-content\/uploads\/2022\/11\/IMG_20221114_153531-1536x1152.jpg 1536w, https:\/\/familie-weitgereist.de\/wp-content\/uploads\/2022\/11\/IMG_20221114_153531-2048x1536.jpg 2048w, https:\/\/familie-weitgereist.de\/wp-content\/uploads\/2022\/11\/IMG_20221114_153531-1200x900.jpg 1200w, https:\/\/familie-weitgereist.de\/wp-content\/uploads\/2022\/11\/IMG_20221114_153531-1980x1485.jpg 1980w, https:\/\/familie-weitgereist.de\/wp-content\/uploads\/2022\/11\/IMG_20221114_153531-150x113.jpg 150w\" sizes=\"auto, (max-width: 378px) 100vw, 378px\" \/><figcaption class=\"wp-element-caption\">Altes Rathaus Bamberg<\/figcaption><\/figure>\n\n\n\n<p>Das Alte Rathaus ist auf einer k\u00fcnstlichen Insel in der Regnitz gebaut. Schon von hier bieten sich tolle Ausblicke auf <strong>Klein<\/strong> <strong>Venedig<\/strong>, eine ehemalige Fischersiedlung.<\/p>\n\n\n\n<div id=\"wp-block-themeisle-blocks-slider-9f3e7943\" class=\"wp-block-themeisle-blocks-slider glide\" data-per-view=\"1\" data-gap=\"0\" data-peek=\"0\" data-autoplay=\"true\" data-height=\"400px\" data-hide-arrows=\"false\"><div class=\"glide__track\" data-glide-el=\"track\"><div class=\"glide__slides\"><div class=\"wp-block-themeisle-blocks-slider-item-wrapper glide__slide\" tabindex=\"0\"><figure><img decoding=\"async\" class=\"wp-block-themeisle-blocks-slider-item\" src=\"https:\/\/familie-weitgereist.de\/wp-content\/uploads\/2022\/11\/IMG_20221114_153217-scaled.jpg\" alt=\"\" title=\"\" data-id=\"11293\"\/><\/figure><\/div><div class=\"wp-block-themeisle-blocks-slider-item-wrapper glide__slide\" tabindex=\"0\"><figure><img decoding=\"async\" class=\"wp-block-themeisle-blocks-slider-item\" src=\"https:\/\/familie-weitgereist.de\/wp-content\/uploads\/2022\/11\/IMG_20221114_152400-scaled.jpg\" alt=\"\" title=\"\" data-id=\"11294\"\/><\/figure><\/div><div class=\"wp-block-themeisle-blocks-slider-item-wrapper glide__slide\" tabindex=\"0\"><figure><img decoding=\"async\" class=\"wp-block-themeisle-blocks-slider-item\" src=\"https:\/\/familie-weitgereist.de\/wp-content\/uploads\/2022\/11\/IMG_20221114_151941-scaled.jpg\" alt=\"\" title=\"\" data-id=\"11295\"\/><\/figure><\/div><div class=\"wp-block-themeisle-blocks-slider-item-wrapper glide__slide\" tabindex=\"0\"><figure><img decoding=\"async\" class=\"wp-block-themeisle-blocks-slider-item\" src=\"https:\/\/familie-weitgereist.de\/wp-content\/uploads\/2022\/11\/IMG_20221114_151724-scaled.jpg\" alt=\"\" title=\"\" data-id=\"11296\"\/><\/figure><\/div><\/div><div class=\"glide__bullets\" data-glide-el=\"controls[nav]\"><button class=\"glide__bullet\" data-glide-dir=\"=0\"><\/button><button class=\"glide__bullet\" data-glide-dir=\"=1\"><\/button><button class=\"glide__bullet\" data-glide-dir=\"=2\"><\/button><button class=\"glide__bullet\" data-glide-dir=\"=3\"><\/button><\/div><\/div><\/div>\n\n\n\n<p>In <strong>Klein Venedig<\/strong> lebten damals Fischer, die in ihren Vorg\u00e4rten die Netze trockneten. Heute zieren die h\u00fcbschen Fachwerkh\u00e4user mit ihren kleinen G\u00e4rten und Booten das Stadtbild.<\/p>\n\n\n\n<figure class=\"wp-block-image size-large\"><img loading=\"lazy\" decoding=\"async\" width=\"1024\" height=\"768\" src=\"https:\/\/familie-weitgereist.de\/wp-content\/uploads\/2022\/11\/IMG_20221114_161404-1024x768.jpg\" alt=\"\" class=\"wp-image-11299\" srcset=\"https:\/\/familie-weitgereist.de\/wp-content\/uploads\/2022\/11\/IMG_20221114_161404-1024x768.jpg 1024w, https:\/\/familie-weitgereist.de\/wp-content\/uploads\/2022\/11\/IMG_20221114_161404-300x225.jpg 300w, https:\/\/familie-weitgereist.de\/wp-content\/uploads\/2022\/11\/IMG_20221114_161404-768x576.jpg 768w, https:\/\/familie-weitgereist.de\/wp-content\/uploads\/2022\/11\/IMG_20221114_161404-1536x1152.jpg 1536w, https:\/\/familie-weitgereist.de\/wp-content\/uploads\/2022\/11\/IMG_20221114_161404-2048x1536.jpg 2048w, https:\/\/familie-weitgereist.de\/wp-content\/uploads\/2022\/11\/IMG_20221114_161404-1200x900.jpg 1200w, https:\/\/familie-weitgereist.de\/wp-content\/uploads\/2022\/11\/IMG_20221114_161404-1980x1485.jpg 1980w, https:\/\/familie-weitgereist.de\/wp-content\/uploads\/2022\/11\/IMG_20221114_161404-150x113.jpg 150w\" sizes=\"auto, (max-width: 1024px) 100vw, 1024px\" \/><figcaption class=\"wp-element-caption\">Klein Venedig<\/figcaption><\/figure>\n\n\n\n<p>Bamberg ist auf sieben H\u00fcgeln erbaut und bietet sehr viel zum Entdecken. Wir besichtigten den <strong>Kaiserdom<\/strong> auf dem <strong>Domberg<\/strong>. Dieser Bau thront anm\u00e4chtig \u00fcber der Stadt.<\/p>\n\n\n\n<figure class=\"wp-block-image size-large\"><img loading=\"lazy\" decoding=\"async\" width=\"1024\" height=\"768\" src=\"https:\/\/familie-weitgereist.de\/wp-content\/uploads\/2022\/11\/IMG_20221114_155137-1024x768.jpg\" alt=\"\" class=\"wp-image-11301\" srcset=\"https:\/\/familie-weitgereist.de\/wp-content\/uploads\/2022\/11\/IMG_20221114_155137-1024x768.jpg 1024w, https:\/\/familie-weitgereist.de\/wp-content\/uploads\/2022\/11\/IMG_20221114_155137-300x225.jpg 300w, https:\/\/familie-weitgereist.de\/wp-content\/uploads\/2022\/11\/IMG_20221114_155137-768x576.jpg 768w, https:\/\/familie-weitgereist.de\/wp-content\/uploads\/2022\/11\/IMG_20221114_155137-1536x1152.jpg 1536w, https:\/\/familie-weitgereist.de\/wp-content\/uploads\/2022\/11\/IMG_20221114_155137-2048x1536.jpg 2048w, https:\/\/familie-weitgereist.de\/wp-content\/uploads\/2022\/11\/IMG_20221114_155137-1200x900.jpg 1200w, https:\/\/familie-weitgereist.de\/wp-content\/uploads\/2022\/11\/IMG_20221114_155137-1980x1485.jpg 1980w, https:\/\/familie-weitgereist.de\/wp-content\/uploads\/2022\/11\/IMG_20221114_155137-150x113.jpg 150w\" sizes=\"auto, (max-width: 1024px) 100vw, 1024px\" \/><figcaption class=\"wp-element-caption\">Kaiserdom<\/figcaption><\/figure>\n\n\n\n<h2 class=\"wp-block-heading\">Frankfurt am Main <\/h2>\n\n\n\n<p>Frankfurt am Main ist die einzige Stadt in Deutschland, welche eine Skyline von Wolkenkratzern hat. Diese Skyline wollten wir unbedingt einmal Merlin zeigen und sie auch selbst bestaunen.<\/p>\n\n\n\n<p>Frankfurt am Main ist ein wichtiger Ort f\u00fcr das <strong>europ\u00e4ische<\/strong> <strong>Finanzwesen<\/strong> und die <strong>Europ\u00e4ische Zentralbank<\/strong> hat hier ihren Sitz. Zudem ist Johann Wolfgang von Goethe hier geboren.<\/p>\n\n\n\n<figure class=\"wp-block-image size-large\"><img loading=\"lazy\" decoding=\"async\" width=\"768\" height=\"1024\" src=\"https:\/\/familie-weitgereist.de\/wp-content\/uploads\/2022\/11\/IMG_20221115_145243-768x1024.jpg\" alt=\"\" class=\"wp-image-11306\" srcset=\"https:\/\/familie-weitgereist.de\/wp-content\/uploads\/2022\/11\/IMG_20221115_145243-768x1024.jpg 768w, https:\/\/familie-weitgereist.de\/wp-content\/uploads\/2022\/11\/IMG_20221115_145243-225x300.jpg 225w, https:\/\/familie-weitgereist.de\/wp-content\/uploads\/2022\/11\/IMG_20221115_145243-1152x1536.jpg 1152w, https:\/\/familie-weitgereist.de\/wp-content\/uploads\/2022\/11\/IMG_20221115_145243-1536x2048.jpg 1536w, https:\/\/familie-weitgereist.de\/wp-content\/uploads\/2022\/11\/IMG_20221115_145243-1200x1600.jpg 1200w, https:\/\/familie-weitgereist.de\/wp-content\/uploads\/2022\/11\/IMG_20221115_145243-1980x2640.jpg 1980w, https:\/\/familie-weitgereist.de\/wp-content\/uploads\/2022\/11\/IMG_20221115_145243-640x853.jpg 640w, https:\/\/familie-weitgereist.de\/wp-content\/uploads\/2022\/11\/IMG_20221115_145243-150x200.jpg 150w, https:\/\/familie-weitgereist.de\/wp-content\/uploads\/2022\/11\/IMG_20221115_145243-scaled.jpg 1920w\" sizes=\"auto, (max-width: 768px) 100vw, 768px\" \/><\/figure>\n\n\n\n<div id=\"wp-block-themeisle-blocks-slider-84a01eb7\" class=\"wp-block-themeisle-blocks-slider glide\" data-per-view=\"1\" data-gap=\"0\" data-peek=\"0\" data-autoplay=\"true\" data-height=\"400px\" data-hide-arrows=\"false\"><div class=\"glide__track\" data-glide-el=\"track\"><div class=\"glide__slides\"><div class=\"wp-block-themeisle-blocks-slider-item-wrapper glide__slide\" tabindex=\"0\"><figure><img decoding=\"async\" class=\"wp-block-themeisle-blocks-slider-item\" src=\"https:\/\/familie-weitgereist.de\/wp-content\/uploads\/2022\/11\/IMG_20221115_155149-scaled.jpg\" alt=\"\" title=\"\" data-id=\"11312\"\/><\/figure><\/div><div class=\"wp-block-themeisle-blocks-slider-item-wrapper glide__slide\" tabindex=\"0\"><figure><img decoding=\"async\" class=\"wp-block-themeisle-blocks-slider-item\" src=\"https:\/\/familie-weitgereist.de\/wp-content\/uploads\/2022\/11\/IMG_20221115_144820-scaled.jpg\" alt=\"\" title=\"\" data-id=\"11313\"\/><\/figure><\/div><div class=\"wp-block-themeisle-blocks-slider-item-wrapper glide__slide\" tabindex=\"0\"><figure><img decoding=\"async\" class=\"wp-block-themeisle-blocks-slider-item\" src=\"https:\/\/familie-weitgereist.de\/wp-content\/uploads\/2022\/11\/IMG_20221115_144023-scaled.jpg\" alt=\"\" title=\"\" data-id=\"11314\"\/><\/figure><\/div><\/div><div class=\"glide__bullets\" data-glide-el=\"controls[nav]\"><button class=\"glide__bullet\" data-glide-dir=\"=0\"><\/button><button class=\"glide__bullet\" data-glide-dir=\"=1\"><\/button><button class=\"glide__bullet\" data-glide-dir=\"=2\"><\/button><\/div><\/div><\/div>\n\n\n\n<p>Die beschauliche Altstadt von Frankfurt am Main ist h\u00fcbsch und die Fachwerkh\u00e4user sind sehr gut erhalten. Der <strong>R\u00f6mer<\/strong> ist <strong>Frankfurts Rathaus<\/strong> und ein Wahrzeichen der Stadt.<\/p>\n\n\n\n<div id=\"wp-block-themeisle-blocks-slider-ba91e7a1\" class=\"wp-block-themeisle-blocks-slider glide\" data-per-view=\"1\" data-gap=\"0\" data-peek=\"0\" data-autoplay=\"true\" data-height=\"400px\" data-hide-arrows=\"false\"><div class=\"glide__track\" data-glide-el=\"track\"><div class=\"glide__slides\"><div class=\"wp-block-themeisle-blocks-slider-item-wrapper glide__slide\" tabindex=\"0\"><figure><img decoding=\"async\" class=\"wp-block-themeisle-blocks-slider-item\" src=\"https:\/\/familie-weitgereist.de\/wp-content\/uploads\/2022\/11\/IMG_20221115_151427-scaled.jpg\" alt=\"\" title=\"\" data-id=\"11309\"\/><\/figure><\/div><div class=\"wp-block-themeisle-blocks-slider-item-wrapper glide__slide\" tabindex=\"0\"><figure><img decoding=\"async\" class=\"wp-block-themeisle-blocks-slider-item\" src=\"https:\/\/familie-weitgereist.de\/wp-content\/uploads\/2022\/11\/IMG_20221115_151323-scaled.jpg\" alt=\"\" title=\"\" data-id=\"11310\"\/><\/figure><\/div><div class=\"wp-block-themeisle-blocks-slider-item-wrapper glide__slide\" tabindex=\"0\"><figure><img decoding=\"async\" class=\"wp-block-themeisle-blocks-slider-item\" src=\"https:\/\/familie-weitgereist.de\/wp-content\/uploads\/2022\/11\/IMG_20221115_151022-scaled.jpg\" alt=\"\" title=\"\" data-id=\"11311\"\/><\/figure><\/div><\/div><div class=\"glide__bullets\" data-glide-el=\"controls[nav]\"><button class=\"glide__bullet\" data-glide-dir=\"=0\"><\/button><button class=\"glide__bullet\" data-glide-dir=\"=1\"><\/button><button class=\"glide__bullet\" data-glide-dir=\"=2\"><\/button><\/div><\/div><\/div>\n\n\n\n<p>Wir schlenderten am Main entlang, sahen die <strong>Goethe Statue<\/strong> und hatten den Blick auf die Skyline. Ein toller Spielplatz direkt am Main gefiel besonders Merlin sehr gut.<\/p>\n\n\n\n<figure class=\"wp-block-gallery has-nested-images columns-default is-cropped wp-block-gallery-1 is-layout-flex wp-block-gallery-is-layout-flex\">\n<figure class=\"wp-block-image size-large\"><img loading=\"lazy\" decoding=\"async\" width=\"1024\" height=\"768\" data-id=\"11307\" src=\"https:\/\/familie-weitgereist.de\/wp-content\/uploads\/2022\/11\/IMG_20221115_154051-1024x768.jpg\" alt=\"\" class=\"wp-image-11307\" srcset=\"https:\/\/familie-weitgereist.de\/wp-content\/uploads\/2022\/11\/IMG_20221115_154051-1024x768.jpg 1024w, https:\/\/familie-weitgereist.de\/wp-content\/uploads\/2022\/11\/IMG_20221115_154051-300x225.jpg 300w, https:\/\/familie-weitgereist.de\/wp-content\/uploads\/2022\/11\/IMG_20221115_154051-768x576.jpg 768w, https:\/\/familie-weitgereist.de\/wp-content\/uploads\/2022\/11\/IMG_20221115_154051-1536x1152.jpg 1536w, https:\/\/familie-weitgereist.de\/wp-content\/uploads\/2022\/11\/IMG_20221115_154051-2048x1536.jpg 2048w, https:\/\/familie-weitgereist.de\/wp-content\/uploads\/2022\/11\/IMG_20221115_154051-1200x900.jpg 1200w, https:\/\/familie-weitgereist.de\/wp-content\/uploads\/2022\/11\/IMG_20221115_154051-1980x1485.jpg 1980w, https:\/\/familie-weitgereist.de\/wp-content\/uploads\/2022\/11\/IMG_20221115_154051-150x113.jpg 150w\" sizes=\"auto, (max-width: 1024px) 100vw, 1024px\" \/><\/figure>\n\n\n\n<figure class=\"wp-block-image size-large\"><img loading=\"lazy\" decoding=\"async\" width=\"1024\" height=\"768\" data-id=\"11308\" src=\"https:\/\/familie-weitgereist.de\/wp-content\/uploads\/2022\/11\/IMG_20221115_152437-1024x768.jpg\" alt=\"\" class=\"wp-image-11308\" srcset=\"https:\/\/familie-weitgereist.de\/wp-content\/uploads\/2022\/11\/IMG_20221115_152437-1024x768.jpg 1024w, https:\/\/familie-weitgereist.de\/wp-content\/uploads\/2022\/11\/IMG_20221115_152437-300x225.jpg 300w, https:\/\/familie-weitgereist.de\/wp-content\/uploads\/2022\/11\/IMG_20221115_152437-768x576.jpg 768w, https:\/\/familie-weitgereist.de\/wp-content\/uploads\/2022\/11\/IMG_20221115_152437-1536x1152.jpg 1536w, https:\/\/familie-weitgereist.de\/wp-content\/uploads\/2022\/11\/IMG_20221115_152437-2048x1536.jpg 2048w, https:\/\/familie-weitgereist.de\/wp-content\/uploads\/2022\/11\/IMG_20221115_152437-1200x900.jpg 1200w, https:\/\/familie-weitgereist.de\/wp-content\/uploads\/2022\/11\/IMG_20221115_152437-1980x1485.jpg 1980w, https:\/\/familie-weitgereist.de\/wp-content\/uploads\/2022\/11\/IMG_20221115_152437-150x113.jpg 150w\" sizes=\"auto, (max-width: 1024px) 100vw, 1024px\" \/><\/figure>\n<\/figure>\n\n\n\n<p>Ein bisschen erinnerte uns Frankfurt am Main an New York in den USA. Die Altstadtbauten und die Skyline im Hintergrund gefielen uns sehr gut. Jedoch hat Frankfurt am Main auch weniger sch\u00f6ne Ecken. Besonders am Hauptbahnhof gibt es viele Obdachlose und die Gegend erschien uns nicht allzu sicher. Ein kurzer Aufenthalt in Frankfurt am Main hat uns jedoch gut gefallen.<\/p>\n\n\n\n<h2 class=\"wp-block-heading\">Geierlay H\u00e4ngebr\u00fccke<\/h2>\n\n\n\n<p>Die Geierlay H\u00e4ngeseilbr\u00fccke wurde 2015 erbaut und war bis 2017 die l\u00e4ngste H\u00e4ngebr\u00fccke in Deutschland. Mit einer L\u00e4nge von 360m und einer H\u00f6he von 100m f\u00fchrt sie mitten im <strong>Hunsr\u00fcck<\/strong> \u00fcber das sch\u00f6ne <strong>M\u00f6rsdorfer Bachtal<\/strong>.<\/p>\n\n\n\n<figure class=\"wp-block-image size-large\"><img loading=\"lazy\" decoding=\"async\" width=\"1024\" height=\"768\" src=\"https:\/\/familie-weitgereist.de\/wp-content\/uploads\/2022\/11\/IMG_20221116_135512-1024x768.jpg\" alt=\"\" class=\"wp-image-11322\" srcset=\"https:\/\/familie-weitgereist.de\/wp-content\/uploads\/2022\/11\/IMG_20221116_135512-1024x768.jpg 1024w, https:\/\/familie-weitgereist.de\/wp-content\/uploads\/2022\/11\/IMG_20221116_135512-300x225.jpg 300w, https:\/\/familie-weitgereist.de\/wp-content\/uploads\/2022\/11\/IMG_20221116_135512-768x576.jpg 768w, https:\/\/familie-weitgereist.de\/wp-content\/uploads\/2022\/11\/IMG_20221116_135512-1536x1152.jpg 1536w, https:\/\/familie-weitgereist.de\/wp-content\/uploads\/2022\/11\/IMG_20221116_135512-2048x1536.jpg 2048w, https:\/\/familie-weitgereist.de\/wp-content\/uploads\/2022\/11\/IMG_20221116_135512-1200x900.jpg 1200w, https:\/\/familie-weitgereist.de\/wp-content\/uploads\/2022\/11\/IMG_20221116_135512-1980x1485.jpg 1980w, https:\/\/familie-weitgereist.de\/wp-content\/uploads\/2022\/11\/IMG_20221116_135512-150x113.jpg 150w\" sizes=\"auto, (max-width: 1024px) 100vw, 1024px\" \/><\/figure>\n\n\n\n<figure class=\"wp-block-image size-large\"><img loading=\"lazy\" decoding=\"async\" width=\"1024\" height=\"576\" src=\"https:\/\/familie-weitgereist.de\/wp-content\/uploads\/2022\/11\/PXL_20221116_1241395932-1024x576.jpg\" alt=\"\" class=\"wp-image-11392\" srcset=\"https:\/\/familie-weitgereist.de\/wp-content\/uploads\/2022\/11\/PXL_20221116_1241395932-1024x576.jpg 1024w, https:\/\/familie-weitgereist.de\/wp-content\/uploads\/2022\/11\/PXL_20221116_1241395932-300x169.jpg 300w, https:\/\/familie-weitgereist.de\/wp-content\/uploads\/2022\/11\/PXL_20221116_1241395932-768x432.jpg 768w, https:\/\/familie-weitgereist.de\/wp-content\/uploads\/2022\/11\/PXL_20221116_1241395932-1536x864.jpg 1536w, https:\/\/familie-weitgereist.de\/wp-content\/uploads\/2022\/11\/PXL_20221116_1241395932-2048x1152.jpg 2048w, https:\/\/familie-weitgereist.de\/wp-content\/uploads\/2022\/11\/PXL_20221116_1241395932-1200x675.jpg 1200w, https:\/\/familie-weitgereist.de\/wp-content\/uploads\/2022\/11\/PXL_20221116_1241395932-1980x1114.jpg 1980w, https:\/\/familie-weitgereist.de\/wp-content\/uploads\/2022\/11\/PXL_20221116_1241395932-150x84.jpg 150w\" sizes=\"auto, (max-width: 1024px) 100vw, 1024px\" \/><\/figure>\n\n\n\n<p><strong>Die Br\u00fccke kann gratis bewandert werden. <\/strong>In M\u00f6rsdorf auf dem Wanderparkplatz wird jedoch eine Geb\u00fchr von 6\u20ac f\u00fcr 4 Stunden Parkdauer f\u00e4llig. (<em>Stand November<\/em> <em>2022<\/em>)<\/p>\n\n\n\n<div id=\"wp-block-themeisle-blocks-slider-2922b242\" class=\"wp-block-themeisle-blocks-slider glide\" data-per-view=\"1\" data-gap=\"0\" data-peek=\"0\" data-autoplay=\"true\" data-height=\"400px\" data-hide-arrows=\"false\"><div class=\"glide__track\" data-glide-el=\"track\"><div class=\"glide__slides\"><div class=\"wp-block-themeisle-blocks-slider-item-wrapper glide__slide\" tabindex=\"0\"><figure><img decoding=\"async\" class=\"wp-block-themeisle-blocks-slider-item\" src=\"https:\/\/familie-weitgereist.de\/wp-content\/uploads\/2022\/11\/IMG_20221116_140011-scaled.jpg\" alt=\"\" title=\"\" data-id=\"11324\"\/><\/figure><\/div><div class=\"wp-block-themeisle-blocks-slider-item-wrapper glide__slide\" tabindex=\"0\"><figure><img decoding=\"async\" class=\"wp-block-themeisle-blocks-slider-item\" src=\"https:\/\/familie-weitgereist.de\/wp-content\/uploads\/2022\/11\/IMG_20221116_140143-scaled.jpg\" alt=\"\" title=\"\" data-id=\"11326\"\/><\/figure><\/div><div class=\"wp-block-themeisle-blocks-slider-item-wrapper glide__slide\" tabindex=\"0\"><figure><img decoding=\"async\" class=\"wp-block-themeisle-blocks-slider-item\" src=\"https:\/\/familie-weitgereist.de\/wp-content\/uploads\/2022\/11\/IMG_20221116_135431-scaled.jpg\" alt=\"\" title=\"\" data-id=\"11327\"\/><\/figure><\/div><\/div><div class=\"glide__bullets\" data-glide-el=\"controls[nav]\"><button class=\"glide__bullet\" data-glide-dir=\"=0\"><\/button><button class=\"glide__bullet\" data-glide-dir=\"=1\"><\/button><button class=\"glide__bullet\" data-glide-dir=\"=2\"><\/button><\/div><\/div><\/div>\n\n\n\n<p>Viele Wanderwege f\u00fchren um die H\u00e4ngeseilbr\u00fccke herum. Sie ist eine tolle Wanderattraktion und f\u00fcr kleine Abenteurer ein spannendes Wanderhighlight. In der Mitte der Br\u00fccke schwingt diese ziemlich stark mit. Schwindelfreiheit und Trittsicherheit sollte man jedenfalls mitbringen.<\/p>\n","protected":false},"excerpt":{"rendered":"<p>Ab November 2022 haben wir unsere Elternzeit genutzt um mit unserem VW T6 durch Europa zu reisen. Unsere Reise startete in Deutschland. Wir \u00fcbernachteten in unserem Camper auf Wanderparkpl\u00e4tzen. Da es Mitte November in Mitteleuropa schon recht k\u00fchl ist, haben wir in Deutschland nicht sehr viele Stopps gemacht und uns auf unserem Weg in den [&hellip;]<\/p>\n","protected":false},"author":3,"featured_media":11293,"comment_status":"open","ping_status":"open","sticky":false,"template":"","format":"standard","meta":{"_themeisle_gutenberg_block_has_review":false,"footnotes":""},"categories":[242,1751,1756,1760,377],"tags":[743,402,325,742,744,745,481],"class_list":["post-11288","post","type-post","status-publish","format-standard","has-post-thumbnail","hentry","category-deutschland","category-bayern","category-hessen","category-rheinland-pfalz","category-spielplaetze","tag-bamberg","tag-bayern","tag-deutschland","tag-frankfurt-am-main","tag-geierlay-haengebruecke","tag-hessen","tag-rheinland-pfalz"],"_links":{"self":[{"href":"https:\/\/familie-weitgereist.de\/index.php?rest_route=\/wp\/v2\/posts\/11288","targetHints":{"allow":["GET"]}}],"collection":[{"href":"https:\/\/familie-weitgereist.de\/index.php?rest_route=\/wp\/v2\/posts"}],"about":[{"href":"https:\/\/familie-weitgereist.de\/index.php?rest_route=\/wp\/v2\/types\/post"}],"author":[{"embeddable":true,"href":"https:\/\/familie-weitgereist.de\/index.php?rest_route=\/wp\/v2\/users\/3"}],"replies":[{"embeddable":true,"href":"https:\/\/familie-weitgereist.de\/index.php?rest_route=%2Fwp%2Fv2%2Fcomments&post=11288"}],"version-history":[{"count":31,"href":"https:\/\/familie-weitgereist.de\/index.php?rest_route=\/wp\/v2\/posts\/11288\/revisions"}],"predecessor-version":[{"id":23455,"href":"https:\/\/familie-weitgereist.de\/index.php?rest_route=\/wp\/v2\/posts\/11288\/revisions\/23455"}],"wp:featuredmedia":[{"embeddable":true,"href":"https:\/\/familie-weitgereist.de\/index.php?rest_route=\/wp\/v2\/media\/11293"}],"wp:attachment":[{"href":"https:\/\/familie-weitgereist.de\/index.php?rest_route=%2Fwp%2Fv2%2Fmedia&parent=11288"}],"wp:term":[{"taxonomy":"category","embeddable":true,"href":"https:\/\/familie-weitgereist.de\/index.php?rest_route=%2Fwp%2Fv2%2Fcategories&post=11288"},{"taxonomy":"post_tag","embeddable":true,"href":"https:\/\/familie-weitgereist.de\/index.php?rest_route=%2Fwp%2Fv2%2Ftags&post=11288"}],"curies":[{"name":"wp","href":"https:\/\/api.w.org\/{rel}","templated":true}]}}