{"id":11085,"date":"2022-10-06T21:47:32","date_gmt":"2022-10-06T19:47:32","guid":{"rendered":"https:\/\/familie-weitgereist.de\/?p=11085"},"modified":"2025-11-08T22:38:06","modified_gmt":"2025-11-08T21:38:06","slug":"kurzurlaub-in-tschechien-mit-kleinkind-und-unsere-erste-reise-mit-baby-maris","status":"publish","type":"post","link":"https:\/\/familie-weitgereist.de\/?p=11085","title":{"rendered":"Kurzurlaub in Tschechien mit Kleinkind und unsere erste Reise mit Baby Maris"},"content":{"rendered":"\n<p>Wir haben unsere erste Reise mit unserem Baby Maris unternommen und sind f\u00fcr ein verl\u00e4ngertes Wochenende mit unserem Camper nach Tschechien gefahren. Maris war gerade einmal 4 Wochen alt und unser erstes gemeinsames Abenteuer war ein riesen Erfolg.<\/p>\n\n\n\n<figure class=\"wp-block-image size-large\"><img loading=\"lazy\" decoding=\"async\" width=\"1024\" height=\"768\" src=\"https:\/\/familie-weitgereist.de\/wp-content\/uploads\/2022\/10\/20221002064205_IMG_9428-1024x768.jpg\" alt=\"\" class=\"wp-image-11127\" srcset=\"https:\/\/familie-weitgereist.de\/wp-content\/uploads\/2022\/10\/20221002064205_IMG_9428-1024x768.jpg 1024w, https:\/\/familie-weitgereist.de\/wp-content\/uploads\/2022\/10\/20221002064205_IMG_9428-300x225.jpg 300w, https:\/\/familie-weitgereist.de\/wp-content\/uploads\/2022\/10\/20221002064205_IMG_9428-768x576.jpg 768w, https:\/\/familie-weitgereist.de\/wp-content\/uploads\/2022\/10\/20221002064205_IMG_9428-1536x1152.jpg 1536w, https:\/\/familie-weitgereist.de\/wp-content\/uploads\/2022\/10\/20221002064205_IMG_9428-2048x1536.jpg 2048w, https:\/\/familie-weitgereist.de\/wp-content\/uploads\/2022\/10\/20221002064205_IMG_9428-1200x900.jpg 1200w, https:\/\/familie-weitgereist.de\/wp-content\/uploads\/2022\/10\/20221002064205_IMG_9428-1980x1485.jpg 1980w, https:\/\/familie-weitgereist.de\/wp-content\/uploads\/2022\/10\/20221002064205_IMG_9428-150x113.jpg 150w\" sizes=\"auto, (max-width: 1024px) 100vw, 1024px\" \/><\/figure>\n\n\n\n<p>Wir freuen uns total, dass Maris auch so ein entspanntes Reisebaby ist wie Merlin und wir viele kleine und gro\u00dfe Abenteuer erleben werden.<\/p>\n\n\n\n<figure class=\"wp-block-image size-large\"><img loading=\"lazy\" decoding=\"async\" width=\"1024\" height=\"768\" src=\"https:\/\/familie-weitgereist.de\/wp-content\/uploads\/2022\/10\/20221002054303_IMG_9401-1024x768.jpg\" alt=\"\" class=\"wp-image-11131\" srcset=\"https:\/\/familie-weitgereist.de\/wp-content\/uploads\/2022\/10\/20221002054303_IMG_9401-1024x768.jpg 1024w, https:\/\/familie-weitgereist.de\/wp-content\/uploads\/2022\/10\/20221002054303_IMG_9401-300x225.jpg 300w, https:\/\/familie-weitgereist.de\/wp-content\/uploads\/2022\/10\/20221002054303_IMG_9401-768x576.jpg 768w, https:\/\/familie-weitgereist.de\/wp-content\/uploads\/2022\/10\/20221002054303_IMG_9401-1536x1152.jpg 1536w, https:\/\/familie-weitgereist.de\/wp-content\/uploads\/2022\/10\/20221002054303_IMG_9401-2048x1536.jpg 2048w, https:\/\/familie-weitgereist.de\/wp-content\/uploads\/2022\/10\/20221002054303_IMG_9401-1200x900.jpg 1200w, https:\/\/familie-weitgereist.de\/wp-content\/uploads\/2022\/10\/20221002054303_IMG_9401-1980x1485.jpg 1980w, https:\/\/familie-weitgereist.de\/wp-content\/uploads\/2022\/10\/20221002054303_IMG_9401-150x113.jpg 150w\" sizes=\"auto, (max-width: 1024px) 100vw, 1024px\" \/><\/figure>\n\n\n\n<h2 class=\"wp-block-heading\">Anreise<\/h2>\n\n\n\n<p>Wir sind mit unserem Camper in das Zittauer Gebirge gefahren und haben auf einem Wanderparkplatz drei wundervolle N\u00e4chte verbracht.<\/p>\n\n\n\n<figure class=\"wp-block-image size-large is-resized\"><img loading=\"lazy\" decoding=\"async\" src=\"https:\/\/familie-weitgereist.de\/wp-content\/uploads\/2022\/10\/20221002012754_IMG_9350-1024x768.jpg\" alt=\"\" class=\"wp-image-11089\" width=\"375\" height=\"280\" srcset=\"https:\/\/familie-weitgereist.de\/wp-content\/uploads\/2022\/10\/20221002012754_IMG_9350-1024x768.jpg 1024w, https:\/\/familie-weitgereist.de\/wp-content\/uploads\/2022\/10\/20221002012754_IMG_9350-300x225.jpg 300w, https:\/\/familie-weitgereist.de\/wp-content\/uploads\/2022\/10\/20221002012754_IMG_9350-768x576.jpg 768w, https:\/\/familie-weitgereist.de\/wp-content\/uploads\/2022\/10\/20221002012754_IMG_9350-1536x1152.jpg 1536w, https:\/\/familie-weitgereist.de\/wp-content\/uploads\/2022\/10\/20221002012754_IMG_9350-2048x1536.jpg 2048w, https:\/\/familie-weitgereist.de\/wp-content\/uploads\/2022\/10\/20221002012754_IMG_9350-1200x900.jpg 1200w, https:\/\/familie-weitgereist.de\/wp-content\/uploads\/2022\/10\/20221002012754_IMG_9350-1980x1485.jpg 1980w, https:\/\/familie-weitgereist.de\/wp-content\/uploads\/2022\/10\/20221002012754_IMG_9350-150x113.jpg 150w\" sizes=\"auto, (max-width: 375px) 100vw, 375px\" \/><figcaption class=\"wp-element-caption\">Wanderparkplatz im Zittauer Gebirge<\/figcaption><\/figure>\n\n\n\n<h2 class=\"wp-block-heading\">Wandern im Zittauer Gebirge<\/h2>\n\n\n\n<p>Wir haben im letzten Jahr schon einige tolle Trips in das Zittauer Gebirge unternommen und haben wundersch\u00f6ne Wanderungen unternommen. Dazu gibt es hier mehr zu lesen: <a href=\"https:\/\/familie-weitgereist.de\/?p=5388\"><strong>Wandern im Zittauer Gebirge<\/strong><\/a><\/p>\n\n\n\n<p>Da das Wetter an diesem Tag etwas wechselhaft war, entschieden wir uns f\u00fcr eine kurze Wanderung zu den <strong>Kelchsteinen<\/strong>. In der N\u00e4he gibt es einen Parkplatz. Es lohnt sich eine Wanderung von den Kelchsteinen zu beginnen und z.B. weiter zum <strong>T\u00f6pfer<\/strong> zu laufen. (Mehr Infos zum T\u00f6pfer gibt es oben auf dem Link.)<\/p>\n\n\n\n<div id=\"wp-block-themeisle-blocks-slider-271330a8\" class=\"wp-block-themeisle-blocks-slider glide\" data-per-view=\"1\" data-gap=\"0\" data-peek=\"0\" data-autoplay=\"true\" data-height=\"400px\" data-hide-arrows=\"false\"><div class=\"glide__track\" data-glide-el=\"track\"><div class=\"glide__slides\"><div class=\"wp-block-themeisle-blocks-slider-item-wrapper glide__slide\" tabindex=\"0\"><figure><img decoding=\"async\" class=\"wp-block-themeisle-blocks-slider-item\" src=\"https:\/\/familie-weitgereist.de\/wp-content\/uploads\/2022\/10\/20221001025721_IMG_9330-scaled.jpg\" alt=\"\" title=\"\" data-id=\"11096\"\/><\/figure><\/div><div class=\"wp-block-themeisle-blocks-slider-item-wrapper glide__slide\" tabindex=\"0\"><figure><img decoding=\"async\" class=\"wp-block-themeisle-blocks-slider-item\" src=\"https:\/\/familie-weitgereist.de\/wp-content\/uploads\/2022\/10\/20221001025042_IMG_9322-scaled.jpg\" alt=\"\" title=\"\" data-id=\"11098\"\/><\/figure><\/div><\/div><div class=\"glide__bullets\" data-glide-el=\"controls[nav]\"><button class=\"glide__bullet\" data-glide-dir=\"=0\"><\/button><button class=\"glide__bullet\" data-glide-dir=\"=1\"><\/button><\/div><\/div><\/div>\n\n\n\n<h2 class=\"wp-block-heading\">Fun Park Liberec <\/h2>\n\n\n\n<p>Da es am Nachmittag stark angefangen hat zu regnen, sind wir in das naheliegende Liberec in Tschechien gefahren. Der Fun Park ist ein Indoor-Spielplatz und f\u00fcr Kinder ein riesen Spa\u00df. Es gibt so viele unterschiedliche M\u00f6glichkeiten sich auszutoben und mit seinen Kindern zu spielen. Rutschen, Kletterm\u00f6glichkeiten, B\u00e4lleb\u00e4der, kleine Karussells, riesen Legosteine und unterschiedliche St\u00e4nde um Rollenspiele zu spielen. Zudem gibt es ein Caf\u00e9 und Kindergeburtstage k\u00f6nnen dort mit Buffet ebenfalls gefeiert werden. Wir hatten einen tollen Nachmittag dort. Maris hat die allermeiste Zeit im Tragetuch geschlafen. Die Eintrittspreise lagen bei 290 Kronen (11,80\u20ac) f\u00fcr Kinder ab 1 Jahr, Erwachsene zahlen 90 Kronen (3,60\u20ac) und Kinder bis ein Jahr zahlen 20 Kronen (0,80\u20ac). (<em>Stand Oktober 2022<\/em>)<\/p>\n\n\n\n<div id=\"wp-block-themeisle-blocks-slider-9d997712\" class=\"wp-block-themeisle-blocks-slider glide\" data-per-view=\"1\" data-gap=\"0\" data-peek=\"0\" data-autoplay=\"true\" data-height=\"400px\" data-hide-arrows=\"false\"><div class=\"glide__track\" data-glide-el=\"track\"><div class=\"glide__slides\"><div class=\"wp-block-themeisle-blocks-slider-item-wrapper glide__slide\" tabindex=\"0\"><figure><img decoding=\"async\" class=\"wp-block-themeisle-blocks-slider-item\" src=\"https:\/\/familie-weitgereist.de\/wp-content\/uploads\/2022\/10\/IMG_20221003_214247_565-scaled.jpg\" alt=\"\" title=\"\" data-id=\"11103\"\/><\/figure><\/div><div class=\"wp-block-themeisle-blocks-slider-item-wrapper glide__slide\" tabindex=\"0\"><figure><img decoding=\"async\" class=\"wp-block-themeisle-blocks-slider-item\" src=\"https:\/\/familie-weitgereist.de\/wp-content\/uploads\/2022\/10\/IMG_20221003_213156_502-scaled.jpg\" alt=\"\" title=\"\" data-id=\"11104\"\/><\/figure><\/div><div class=\"wp-block-themeisle-blocks-slider-item-wrapper glide__slide\" tabindex=\"0\"><figure><img decoding=\"async\" class=\"wp-block-themeisle-blocks-slider-item\" src=\"https:\/\/familie-weitgereist.de\/wp-content\/uploads\/2022\/10\/IMG_20221003_213156_153-scaled.jpg\" alt=\"\" title=\"\" data-id=\"11105\"\/><\/figure><\/div><div class=\"wp-block-themeisle-blocks-slider-item-wrapper glide__slide\" tabindex=\"0\"><figure><img decoding=\"async\" class=\"wp-block-themeisle-blocks-slider-item\" src=\"https:\/\/familie-weitgereist.de\/wp-content\/uploads\/2022\/10\/IMG_20221003_213156_605-scaled.jpg\" alt=\"\" title=\"\" data-id=\"11106\"\/><\/figure><\/div><\/div><div class=\"glide__bullets\" data-glide-el=\"controls[nav]\"><button class=\"glide__bullet\" data-glide-dir=\"=0\"><\/button><button class=\"glide__bullet\" data-glide-dir=\"=1\"><\/button><button class=\"glide__bullet\" data-glide-dir=\"=2\"><\/button><button class=\"glide__bullet\" data-glide-dir=\"=3\"><\/button><\/div><\/div><\/div>\n\n\n\n<h2 class=\"wp-block-heading\">Wandern in der B\u00f6hmischen Schweiz <\/h2>\n\n\n\n<p>Die B\u00f6hmische Schweiz liegt an der deutschen Grenze und ist vom Zittauer Gebirge, als auch von der s\u00e4chsischen Schweiz gut erreichbar.<\/p>\n\n\n\n<p>Es gibt zahlreiche, wunderbare und abenteuerliche Wanderungen. Es wird gekraxelt, Leitern und Treppen \u00fcberwunden um Sandsteingipfel zu erklimmen. F\u00fcr Merlin und sp\u00e4ter sicherlich auch f\u00fcr Maris, ist das immer ein riesen Erlebnis!<\/p>\n\n\n\n<p>Hier gibt es mehr zu lesen \u00fcber unsere Wanderungen in der s\u00e4chsischen Schweiz. <a href=\"https:\/\/familie-weitgereist.de\/?p=5305\"><strong>Wandern in der s\u00e4chsischen Schweiz<\/strong><\/a><\/p>\n\n\n\n<p>Unser Ausgangsort war <strong>Jet\u0159ichovice<\/strong>. Dieser kleine Ort ist der Startpunkt f\u00fcr viele grandiose Wanderungen und liegt in Waldesn\u00e4he.<\/p>\n\n\n\n<p>Wir liefen vom Parkplatz direkt in den Wald hinein und unser erstes Etappenziel war die <strong>Mariina Sk\u00e1la (Marienfels)<\/strong>. Auf dem Marienfelsen steht eine kleine Aussichtsh\u00fctte. Der Aufstieg ist abenteuerlich, einige Treppen und Leitern werden \u00fcberwunden. Schmale Stufen winden sich am Felsen entlang. Der Ausblick vom Marienfelsen ist ein Traum. Wir blickten zur\u00fcck auf Jet\u0159ichovice und geradezu auf unser n\u00e4chstes Etappenziel, <strong>Vilem\u00ednina Vyhl\u00eddka<\/strong>, <strong>der<\/strong> <strong>Wilhelminenwand<\/strong>. Das Mittelgebirge und die vielen Sandsteinfelsen pr\u00e4sentieren sich in voller Pracht vom Aussichtspunkt.<\/p>\n\n\n\n<div id=\"wp-block-themeisle-blocks-slider-683eb952\" class=\"wp-block-themeisle-blocks-slider glide\" data-per-view=\"1\" data-gap=\"0\" data-peek=\"0\" data-autoplay=\"true\" data-height=\"400px\" data-hide-arrows=\"false\"><div class=\"glide__track\" data-glide-el=\"track\"><div class=\"glide__slides\"><div class=\"wp-block-themeisle-blocks-slider-item-wrapper glide__slide\" tabindex=\"0\"><figure><img decoding=\"async\" class=\"wp-block-themeisle-blocks-slider-item\" src=\"https:\/\/familie-weitgereist.de\/wp-content\/uploads\/2022\/10\/20221002043852_IMG_9371-scaled.jpg\" alt=\"\" title=\"\" data-id=\"11118\"\/><\/figure><\/div><div class=\"wp-block-themeisle-blocks-slider-item-wrapper glide__slide\" tabindex=\"0\"><figure><img decoding=\"async\" class=\"wp-block-themeisle-blocks-slider-item\" src=\"https:\/\/familie-weitgereist.de\/wp-content\/uploads\/2022\/10\/20221002050948_IMG_9384-scaled.jpg\" alt=\"\" title=\"\" data-id=\"11119\"\/><\/figure><\/div><div class=\"wp-block-themeisle-blocks-slider-item-wrapper glide__slide\" tabindex=\"0\"><figure><img decoding=\"async\" class=\"wp-block-themeisle-blocks-slider-item\" src=\"https:\/\/familie-weitgereist.de\/wp-content\/uploads\/2022\/10\/20221002051009_IMG_9386-scaled.jpg\" alt=\"\" title=\"\" data-id=\"11121\"\/><\/figure><\/div><div class=\"wp-block-themeisle-blocks-slider-item-wrapper glide__slide\" tabindex=\"0\"><figure><img decoding=\"async\" class=\"wp-block-themeisle-blocks-slider-item\" src=\"https:\/\/familie-weitgereist.de\/wp-content\/uploads\/2022\/10\/20221002053736_IMG_9396-scaled.jpg\" alt=\"\" title=\"\" data-id=\"11122\"\/><\/figure><\/div><\/div><div class=\"glide__bullets\" data-glide-el=\"controls[nav]\"><button class=\"glide__bullet\" data-glide-dir=\"=0\"><\/button><button class=\"glide__bullet\" data-glide-dir=\"=1\"><\/button><button class=\"glide__bullet\" data-glide-dir=\"=2\"><\/button><button class=\"glide__bullet\" data-glide-dir=\"=3\"><\/button><\/div><\/div><\/div>\n\n\n\n<figure class=\"wp-block-image size-large\"><img loading=\"lazy\" decoding=\"async\" width=\"1024\" height=\"768\" src=\"https:\/\/familie-weitgereist.de\/wp-content\/uploads\/2022\/10\/20221002050557_IMG_9378-1024x768.jpg\" alt=\"\" class=\"wp-image-11129\" srcset=\"https:\/\/familie-weitgereist.de\/wp-content\/uploads\/2022\/10\/20221002050557_IMG_9378-1024x768.jpg 1024w, https:\/\/familie-weitgereist.de\/wp-content\/uploads\/2022\/10\/20221002050557_IMG_9378-300x225.jpg 300w, https:\/\/familie-weitgereist.de\/wp-content\/uploads\/2022\/10\/20221002050557_IMG_9378-768x576.jpg 768w, https:\/\/familie-weitgereist.de\/wp-content\/uploads\/2022\/10\/20221002050557_IMG_9378-1536x1152.jpg 1536w, https:\/\/familie-weitgereist.de\/wp-content\/uploads\/2022\/10\/20221002050557_IMG_9378-2048x1536.jpg 2048w, https:\/\/familie-weitgereist.de\/wp-content\/uploads\/2022\/10\/20221002050557_IMG_9378-1200x900.jpg 1200w, https:\/\/familie-weitgereist.de\/wp-content\/uploads\/2022\/10\/20221002050557_IMG_9378-1980x1485.jpg 1980w, https:\/\/familie-weitgereist.de\/wp-content\/uploads\/2022\/10\/20221002050557_IMG_9378-150x113.jpg 150w\" sizes=\"auto, (max-width: 1024px) 100vw, 1024px\" \/><\/figure>\n\n\n\n<p>\u00dcber wundersch\u00f6ne Waldwege liefen wir zur <strong>Wilhelminenwand<\/strong>. Von dort blickten wir zur\u00fcck zum Marienfelsen. Auf der Wilhelminenwand wurde eine Aussichtsplattform errichtet und einige B\u00e4nke laden zum Verweilen ein.<\/p>\n\n\n\n<div id=\"wp-block-themeisle-blocks-slider-42e279d4\" class=\"wp-block-themeisle-blocks-slider glide\" data-per-view=\"1\" data-gap=\"0\" data-peek=\"0\" data-autoplay=\"true\" data-height=\"400px\" data-hide-arrows=\"false\"><div class=\"glide__track\" data-glide-el=\"track\"><div class=\"glide__slides\"><div class=\"wp-block-themeisle-blocks-slider-item-wrapper glide__slide\" tabindex=\"0\"><figure><img decoding=\"async\" class=\"wp-block-themeisle-blocks-slider-item\" src=\"https:\/\/familie-weitgereist.de\/wp-content\/uploads\/2022\/10\/20221002062136_IMG_9425-scaled.jpg\" alt=\"\" title=\"\" data-id=\"11124\"\/><\/figure><\/div><div class=\"wp-block-themeisle-blocks-slider-item-wrapper glide__slide\" tabindex=\"0\"><figure><img decoding=\"async\" class=\"wp-block-themeisle-blocks-slider-item\" src=\"https:\/\/familie-weitgereist.de\/wp-content\/uploads\/2022\/10\/20221002061645_IMG_9424-scaled.jpg\" alt=\"\" title=\"\" data-id=\"11125\"\/><\/figure><\/div><div class=\"wp-block-themeisle-blocks-slider-item-wrapper glide__slide\" tabindex=\"0\"><figure><img decoding=\"async\" class=\"wp-block-themeisle-blocks-slider-item\" src=\"https:\/\/familie-weitgereist.de\/wp-content\/uploads\/2022\/10\/20221002055627_IMG_9410-scaled.jpg\" alt=\"\" title=\"\" data-id=\"11126\"\/><\/figure><\/div><\/div><div class=\"glide__bullets\" data-glide-el=\"controls[nav]\"><button class=\"glide__bullet\" data-glide-dir=\"=0\"><\/button><button class=\"glide__bullet\" data-glide-dir=\"=1\"><\/button><button class=\"glide__bullet\" data-glide-dir=\"=2\"><\/button><\/div><\/div><\/div>\n\n\n\n<p>Der <strong>Rudolf\u016fv k\u00e1men<\/strong> <strong>(Rudolfstein)<\/strong> war f\u00fcr uns das gr\u00f6\u00dfte Highlight auf der Wanderung. Der Rudolfstein liegt auf einer H\u00f6he von 484m und ist zumindest mit Kleinkind und Baby eine kleine Herausforderung ihn zu erklimmen. Eine Schutzh\u00fctte steht oben auf dem Felsen.<\/p>\n\n\n\n<figure class=\"wp-block-image size-large\"><img loading=\"lazy\" decoding=\"async\" width=\"1024\" height=\"768\" src=\"https:\/\/familie-weitgereist.de\/wp-content\/uploads\/2022\/10\/20221002075340_IMG_9470-1024x768.jpg\" alt=\"\" class=\"wp-image-11143\" srcset=\"https:\/\/familie-weitgereist.de\/wp-content\/uploads\/2022\/10\/20221002075340_IMG_9470-1024x768.jpg 1024w, https:\/\/familie-weitgereist.de\/wp-content\/uploads\/2022\/10\/20221002075340_IMG_9470-300x225.jpg 300w, https:\/\/familie-weitgereist.de\/wp-content\/uploads\/2022\/10\/20221002075340_IMG_9470-768x576.jpg 768w, https:\/\/familie-weitgereist.de\/wp-content\/uploads\/2022\/10\/20221002075340_IMG_9470-1536x1152.jpg 1536w, https:\/\/familie-weitgereist.de\/wp-content\/uploads\/2022\/10\/20221002075340_IMG_9470-2048x1536.jpg 2048w, https:\/\/familie-weitgereist.de\/wp-content\/uploads\/2022\/10\/20221002075340_IMG_9470-1200x900.jpg 1200w, https:\/\/familie-weitgereist.de\/wp-content\/uploads\/2022\/10\/20221002075340_IMG_9470-1980x1485.jpg 1980w, https:\/\/familie-weitgereist.de\/wp-content\/uploads\/2022\/10\/20221002075340_IMG_9470-150x113.jpg 150w\" sizes=\"auto, (max-width: 1024px) 100vw, 1024px\" \/><\/figure>\n\n\n\n<p>Es hat so viel Spa\u00df gemacht und Merlin lief mit unserer Hilfe den Felsen hinauf, hinunter setzte er sich in unseren Tragerucksack. Maris hat den spannendsten Teil unserer Wanderung verschlafen.<\/p>\n\n\n\n<div id=\"wp-block-themeisle-blocks-slider-bdb908f9\" class=\"wp-block-themeisle-blocks-slider glide\" data-per-view=\"1\" data-gap=\"0\" data-peek=\"0\" data-autoplay=\"true\" data-height=\"316px\" data-hide-arrows=\"false\"><div class=\"glide__track\" data-glide-el=\"track\"><div class=\"glide__slides\"><div class=\"wp-block-themeisle-blocks-slider-item-wrapper glide__slide\" tabindex=\"0\"><figure><img decoding=\"async\" class=\"wp-block-themeisle-blocks-slider-item\" src=\"https:\/\/familie-weitgereist.de\/wp-content\/uploads\/2022\/10\/20221002073559_IMG_9449-scaled.jpg\" alt=\"\" title=\"\" data-id=\"11136\"\/><\/figure><\/div><div class=\"wp-block-themeisle-blocks-slider-item-wrapper glide__slide\" tabindex=\"0\"><figure><img decoding=\"async\" class=\"wp-block-themeisle-blocks-slider-item\" src=\"https:\/\/familie-weitgereist.de\/wp-content\/uploads\/2022\/10\/20221002073006_IMG_9445-scaled.jpg\" alt=\"\" title=\"\" data-id=\"11138\"\/><\/figure><\/div><div class=\"wp-block-themeisle-blocks-slider-item-wrapper glide__slide\" tabindex=\"0\"><figure><img decoding=\"async\" class=\"wp-block-themeisle-blocks-slider-item\" src=\"https:\/\/familie-weitgereist.de\/wp-content\/uploads\/2022\/10\/20221002073727_IMG_9455-scaled.jpg\" alt=\"\" title=\"\" data-id=\"11139\"\/><\/figure><\/div><div class=\"wp-block-themeisle-blocks-slider-item-wrapper glide__slide\" tabindex=\"0\"><figure><img decoding=\"async\" class=\"wp-block-themeisle-blocks-slider-item\" src=\"https:\/\/familie-weitgereist.de\/wp-content\/uploads\/2022\/10\/20221002075955_IMG_9474-scaled.jpg\" alt=\"\" title=\"\" data-id=\"11140\"\/><\/figure><\/div><div class=\"wp-block-themeisle-blocks-slider-item-wrapper glide__slide\" tabindex=\"0\"><figure><img decoding=\"async\" class=\"wp-block-themeisle-blocks-slider-item\" src=\"https:\/\/familie-weitgereist.de\/wp-content\/uploads\/2022\/10\/20221002080739_IMG_9490-scaled.jpg\" alt=\"\" title=\"\" data-id=\"11141\"\/><\/figure><\/div><\/div><div class=\"glide__bullets\" data-glide-el=\"controls[nav]\"><button class=\"glide__bullet\" data-glide-dir=\"=0\"><\/button><button class=\"glide__bullet\" data-glide-dir=\"=1\"><\/button><button class=\"glide__bullet\" data-glide-dir=\"=2\"><\/button><button class=\"glide__bullet\" data-glide-dir=\"=3\"><\/button><button class=\"glide__bullet\" data-glide-dir=\"=4\"><\/button><\/div><\/div><\/div>\n\n\n\n<h2 class=\"wp-block-heading\">Wanderung im Lu\u017eick\u00e9 hory \/ Lausitzer Gebirge <\/h2>\n\n\n\n<p>Das Lausitzer Gebirge in Tschechien ist das Pendant zum Zittauer Gebirge.<\/p>\n\n\n\n<figure class=\"wp-block-image size-large\"><img loading=\"lazy\" decoding=\"async\" width=\"1024\" height=\"768\" src=\"https:\/\/familie-weitgereist.de\/wp-content\/uploads\/2022\/10\/20221003044951_IMG_9576-1024x768.jpg\" alt=\"\" class=\"wp-image-11154\" srcset=\"https:\/\/familie-weitgereist.de\/wp-content\/uploads\/2022\/10\/20221003044951_IMG_9576-1024x768.jpg 1024w, https:\/\/familie-weitgereist.de\/wp-content\/uploads\/2022\/10\/20221003044951_IMG_9576-300x225.jpg 300w, https:\/\/familie-weitgereist.de\/wp-content\/uploads\/2022\/10\/20221003044951_IMG_9576-768x576.jpg 768w, https:\/\/familie-weitgereist.de\/wp-content\/uploads\/2022\/10\/20221003044951_IMG_9576-1536x1152.jpg 1536w, https:\/\/familie-weitgereist.de\/wp-content\/uploads\/2022\/10\/20221003044951_IMG_9576-2048x1536.jpg 2048w, https:\/\/familie-weitgereist.de\/wp-content\/uploads\/2022\/10\/20221003044951_IMG_9576-1200x900.jpg 1200w, https:\/\/familie-weitgereist.de\/wp-content\/uploads\/2022\/10\/20221003044951_IMG_9576-1980x1485.jpg 1980w, https:\/\/familie-weitgereist.de\/wp-content\/uploads\/2022\/10\/20221003044951_IMG_9576-150x113.jpg 150w\" sizes=\"auto, (max-width: 1024px) 100vw, 1024px\" \/><\/figure>\n\n\n\n<p>Wir haben in dem kleinen Ort <strong>Svojkov<\/strong> geparkt und sind auf einem sch\u00f6nen Waldweg zum <strong>Modliv\u00fd d\u016fl<\/strong> (Betgraben) gelaufen. Auf dem Weg dahin, ist der Leidensweg Jesu mittels 14 Bildern dargestellt. Der Betgraben ist ein Wallfahrtsort und es werden Messen abgehalten. Eine riesige Andachtsst\u00e4tte wurde in den Sandstein gehauen, mitten im Wald, umgeben von herrlicher Natur.<\/p>\n\n\n\n<figure class=\"wp-block-image size-large\"><img loading=\"lazy\" decoding=\"async\" width=\"1024\" height=\"768\" src=\"https:\/\/familie-weitgereist.de\/wp-content\/uploads\/2022\/10\/20221003041851_IMG_9554-1024x768.jpg\" alt=\"\" class=\"wp-image-11155\" srcset=\"https:\/\/familie-weitgereist.de\/wp-content\/uploads\/2022\/10\/20221003041851_IMG_9554-1024x768.jpg 1024w, https:\/\/familie-weitgereist.de\/wp-content\/uploads\/2022\/10\/20221003041851_IMG_9554-300x225.jpg 300w, https:\/\/familie-weitgereist.de\/wp-content\/uploads\/2022\/10\/20221003041851_IMG_9554-768x576.jpg 768w, https:\/\/familie-weitgereist.de\/wp-content\/uploads\/2022\/10\/20221003041851_IMG_9554-1536x1152.jpg 1536w, https:\/\/familie-weitgereist.de\/wp-content\/uploads\/2022\/10\/20221003041851_IMG_9554-2048x1536.jpg 2048w, https:\/\/familie-weitgereist.de\/wp-content\/uploads\/2022\/10\/20221003041851_IMG_9554-1200x900.jpg 1200w, https:\/\/familie-weitgereist.de\/wp-content\/uploads\/2022\/10\/20221003041851_IMG_9554-1980x1485.jpg 1980w, https:\/\/familie-weitgereist.de\/wp-content\/uploads\/2022\/10\/20221003041851_IMG_9554-150x113.jpg 150w\" sizes=\"auto, (max-width: 1024px) 100vw, 1024px\" \/><figcaption class=\"wp-element-caption\"><strong>Modliv\u00fd<\/strong> <strong>d\u016fl<\/strong><\/figcaption><\/figure>\n\n\n\n<p>Wir hatten ein wundervolles verl\u00e4ngertes Wochenende. Maris ist so ein liebes Baby. Neugeborene schlafen noch sehr viel und somit konnten wir sehr gut wandern, denn Maris verschlief nahezu die ganze Wanderung im Tragetuch.<\/p>\n\n\n\n<figure class=\"wp-block-image size-large is-resized\"><img loading=\"lazy\" decoding=\"async\" src=\"https:\/\/familie-weitgereist.de\/wp-content\/uploads\/2022\/10\/20221002043828_IMG_9370-768x1024.jpg\" alt=\"\" class=\"wp-image-11157\" width=\"381\" height=\"508\" srcset=\"https:\/\/familie-weitgereist.de\/wp-content\/uploads\/2022\/10\/20221002043828_IMG_9370-768x1024.jpg 768w, https:\/\/familie-weitgereist.de\/wp-content\/uploads\/2022\/10\/20221002043828_IMG_9370-225x300.jpg 225w, https:\/\/familie-weitgereist.de\/wp-content\/uploads\/2022\/10\/20221002043828_IMG_9370-1152x1536.jpg 1152w, https:\/\/familie-weitgereist.de\/wp-content\/uploads\/2022\/10\/20221002043828_IMG_9370-1536x2048.jpg 1536w, https:\/\/familie-weitgereist.de\/wp-content\/uploads\/2022\/10\/20221002043828_IMG_9370-1200x1600.jpg 1200w, https:\/\/familie-weitgereist.de\/wp-content\/uploads\/2022\/10\/20221002043828_IMG_9370-1980x2640.jpg 1980w, https:\/\/familie-weitgereist.de\/wp-content\/uploads\/2022\/10\/20221002043828_IMG_9370-640x853.jpg 640w, https:\/\/familie-weitgereist.de\/wp-content\/uploads\/2022\/10\/20221002043828_IMG_9370-150x200.jpg 150w, https:\/\/familie-weitgereist.de\/wp-content\/uploads\/2022\/10\/20221002043828_IMG_9370-scaled.jpg 1920w\" sizes=\"auto, (max-width: 381px) 100vw, 381px\" \/><\/figure>\n","protected":false},"excerpt":{"rendered":"<p>Wir haben unsere erste Reise mit unserem Baby Maris unternommen und sind f\u00fcr ein verl\u00e4ngertes Wochenende mit unserem Camper nach Tschechien gefahren. Maris war gerade einmal 4 Wochen alt und unser erstes gemeinsames Abenteuer war ein riesen Erfolg. Wir freuen uns total, dass Maris auch so ein entspanntes Reisebaby ist wie Merlin und wir viele [&hellip;]<\/p>\n","protected":false},"author":3,"featured_media":11155,"comment_status":"open","ping_status":"open","sticky":false,"template":"","format":"standard","meta":{"_themeisle_gutenberg_block_has_review":false,"footnotes":""},"categories":[242,1762,377,659],"tags":[737,726,727,725,724,723,734,729,728,736,735,733,732,730,731,521],"class_list":["post-11085","post","type-post","status-publish","format-standard","has-post-thumbnail","hentry","category-deutschland","category-sachsen","category-spielplaetze","category-tschechien","tag-betgraben","tag-boehmische-schweiz","tag-jetrichovice","tag-kelchsteine","tag-lausitzer-gebirge","tag-liberec","tag-luzicke-hory","tag-marienfels","tag-mariina-skala","tag-modlivy-dul","tag-ort-svojkov","tag-rudolfstein","tag-rudolfuv-kamen","tag-vileminina-vyhlidka","tag-wilhelminenwand","tag-zittauer-gebirge"],"_links":{"self":[{"href":"https:\/\/familie-weitgereist.de\/index.php?rest_route=\/wp\/v2\/posts\/11085","targetHints":{"allow":["GET"]}}],"collection":[{"href":"https:\/\/familie-weitgereist.de\/index.php?rest_route=\/wp\/v2\/posts"}],"about":[{"href":"https:\/\/familie-weitgereist.de\/index.php?rest_route=\/wp\/v2\/types\/post"}],"author":[{"embeddable":true,"href":"https:\/\/familie-weitgereist.de\/index.php?rest_route=\/wp\/v2\/users\/3"}],"replies":[{"embeddable":true,"href":"https:\/\/familie-weitgereist.de\/index.php?rest_route=%2Fwp%2Fv2%2Fcomments&post=11085"}],"version-history":[{"count":53,"href":"https:\/\/familie-weitgereist.de\/index.php?rest_route=\/wp\/v2\/posts\/11085\/revisions"}],"predecessor-version":[{"id":23457,"href":"https:\/\/familie-weitgereist.de\/index.php?rest_route=\/wp\/v2\/posts\/11085\/revisions\/23457"}],"wp:featuredmedia":[{"embeddable":true,"href":"https:\/\/familie-weitgereist.de\/index.php?rest_route=\/wp\/v2\/media\/11155"}],"wp:attachment":[{"href":"https:\/\/familie-weitgereist.de\/index.php?rest_route=%2Fwp%2Fv2%2Fmedia&parent=11085"}],"wp:term":[{"taxonomy":"category","embeddable":true,"href":"https:\/\/familie-weitgereist.de\/index.php?rest_route=%2Fwp%2Fv2%2Fcategories&post=11085"},{"taxonomy":"post_tag","embeddable":true,"href":"https:\/\/familie-weitgereist.de\/index.php?rest_route=%2Fwp%2Fv2%2Ftags&post=11085"}],"curies":[{"name":"wp","href":"https:\/\/api.w.org\/{rel}","templated":true}]}}