{"id":1055,"date":"2012-06-22T22:40:00","date_gmt":"2012-06-22T20:40:00","guid":{"rendered":"http:\/\/wordpress\/?p=1055"},"modified":"2025-11-12T21:27:00","modified_gmt":"2025-11-12T20:27:00","slug":"vorbereitungen-fuer-la-reunion","status":"publish","type":"post","link":"https:\/\/familie-weitgereist.de\/?p=1055","title":{"rendered":"Meine Reisevorbereitungen f\u00fcr La R\u00e9union, Frankreich"},"content":{"rendered":"\n<p>Hall\u00f6chen meine Lieben! <\/p>\n\n\n\n<p>Ufff, die Vorbereitungen f\u00fcr meine gro\u00dfe Reise sind im Gro\u00dfen und Ganzen abgeschlossen. Zum Gl\u00fcck! Der Stressfaktor war teilweise ganz sch\u00f6n gro\u00df &#8230; und mein armer Philipp musste das mit durchstehen. Die Bewerbung f\u00fcr ERASMUS war ja noch das Wenigste. Das war schnell erledigt und bedurfte auch keinen gro\u00dfen Aufwand &#8230; w\u00e4hrendessen, was danach erfolgte, um einiges aufwendiger wurde. hihi<\/p>\n\n\n\n<p>Es gab unendlich viele Dinge zu erledigen. Ein Untermieter f\u00fcr mein Wohnheimzimmer musste gefunden werden, eine Wohnung auf La R\u00e9union, der Flug musste gebucht werden, das Auslandsbaf\u00f6g und ERASMUS F\u00f6rderung beantragt werden und letztendlich auch noch der geplante Wanderurlaub mit meiner Mutti auf der Insel musste organisiert werden. Klingt alles ziemlich viel und ich bin froh, dass ich jetzt alles geschafft habe. Ein netter Untermieter in der Zeit meiner Abwesenheit ist gefunden, der Flug ist schon l\u00e4ngst gebucht, das Auslandsbaf\u00f6g beantragt und eine niedliche, kleine Wohnung in Saint-Denis habe ich auch gefunden. *freu* Jetzt kann ich mich endlich entspannt zur\u00fcck lehnen und mich auf die Zeit weit, weit weg von zu Hause freuen. <\/p>\n\n\n\n<figure class=\"wp-block-image size-large\"><img loading=\"lazy\" decoding=\"async\" width=\"1024\" height=\"768\" src=\"https:\/\/familie-weitgereist.de\/wp-content\/uploads\/2021\/02\/DSCN1430-1024x768.jpg\" alt=\"\" class=\"wp-image-2939\" srcset=\"https:\/\/familie-weitgereist.de\/wp-content\/uploads\/2021\/02\/DSCN1430-1024x768.jpg 1024w, https:\/\/familie-weitgereist.de\/wp-content\/uploads\/2021\/02\/DSCN1430-300x225.jpg 300w, https:\/\/familie-weitgereist.de\/wp-content\/uploads\/2021\/02\/DSCN1430-768x576.jpg 768w, https:\/\/familie-weitgereist.de\/wp-content\/uploads\/2021\/02\/DSCN1430-1536x1152.jpg 1536w, https:\/\/familie-weitgereist.de\/wp-content\/uploads\/2021\/02\/DSCN1430-2048x1536.jpg 2048w, https:\/\/familie-weitgereist.de\/wp-content\/uploads\/2021\/02\/DSCN1430-1200x900.jpg 1200w, https:\/\/familie-weitgereist.de\/wp-content\/uploads\/2021\/02\/DSCN1430-1980x1485.jpg 1980w, https:\/\/familie-weitgereist.de\/wp-content\/uploads\/2021\/02\/DSCN1430-853x640.jpg 853w, https:\/\/familie-weitgereist.de\/wp-content\/uploads\/2021\/02\/DSCN1430-150x113.jpg 150w\" sizes=\"auto, (max-width: 1024px) 100vw, 1024px\" \/><figcaption>La R\u00e9union<\/figcaption><\/figure>\n","protected":false},"excerpt":{"rendered":"<p>Hall\u00f6chen meine Lieben! Ufff, die Vorbereitungen f\u00fcr meine gro\u00dfe Reise sind im Gro\u00dfen und Ganzen abgeschlossen. Zum Gl\u00fcck! Der Stressfaktor war teilweise ganz sch\u00f6n gro\u00df &#8230; und mein armer Philipp musste das mit durchstehen. Die Bewerbung f\u00fcr ERASMUS war ja noch das Wenigste. Das war schnell erledigt und bedurfte auch keinen gro\u00dfen Aufwand &#8230; w\u00e4hrendessen, [&hellip;]<\/p>\n","protected":false},"author":3,"featured_media":2939,"comment_status":"open","ping_status":"open","sticky":false,"template":"","format":"standard","meta":{"_themeisle_gutenberg_block_has_review":false,"footnotes":""},"categories":[257,8,4],"tags":[191,151],"class_list":["post-1055","post","type-post","status-publish","format-standard","has-post-thumbnail","hentry","category-frankreich","category-europa","category-laender","tag-frankreich","tag-la-reunion"],"_links":{"self":[{"href":"https:\/\/familie-weitgereist.de\/index.php?rest_route=\/wp\/v2\/posts\/1055","targetHints":{"allow":["GET"]}}],"collection":[{"href":"https:\/\/familie-weitgereist.de\/index.php?rest_route=\/wp\/v2\/posts"}],"about":[{"href":"https:\/\/familie-weitgereist.de\/index.php?rest_route=\/wp\/v2\/types\/post"}],"author":[{"embeddable":true,"href":"https:\/\/familie-weitgereist.de\/index.php?rest_route=\/wp\/v2\/users\/3"}],"replies":[{"embeddable":true,"href":"https:\/\/familie-weitgereist.de\/index.php?rest_route=%2Fwp%2Fv2%2Fcomments&post=1055"}],"version-history":[{"count":5,"href":"https:\/\/familie-weitgereist.de\/index.php?rest_route=\/wp\/v2\/posts\/1055\/revisions"}],"predecessor-version":[{"id":10071,"href":"https:\/\/familie-weitgereist.de\/index.php?rest_route=\/wp\/v2\/posts\/1055\/revisions\/10071"}],"wp:featuredmedia":[{"embeddable":true,"href":"https:\/\/familie-weitgereist.de\/index.php?rest_route=\/wp\/v2\/media\/2939"}],"wp:attachment":[{"href":"https:\/\/familie-weitgereist.de\/index.php?rest_route=%2Fwp%2Fv2%2Fmedia&parent=1055"}],"wp:term":[{"taxonomy":"category","embeddable":true,"href":"https:\/\/familie-weitgereist.de\/index.php?rest_route=%2Fwp%2Fv2%2Fcategories&post=1055"},{"taxonomy":"post_tag","embeddable":true,"href":"https:\/\/familie-weitgereist.de\/index.php?rest_route=%2Fwp%2Fv2%2Ftags&post=1055"}],"curies":[{"name":"wp","href":"https:\/\/api.w.org\/{rel}","templated":true}]}}