{"id":1054,"date":"2012-07-08T20:44:00","date_gmt":"2012-07-08T18:44:00","guid":{"rendered":"http:\/\/wordpress\/?p=1054"},"modified":"2025-11-13T22:31:31","modified_gmt":"2025-11-13T21:31:31","slug":"mein-um-bzw-auszug","status":"publish","type":"post","link":"https:\/\/familie-weitgereist.de\/?p=1054","title":{"rendered":"Mein Um- bzw. Auszug"},"content":{"rendered":"\n<p>Hallooo @ all! <\/p>\n\n\n\n<p>Gestern war mein gro\u00dfer, kleiner Umzug. Ich habe mit meinem Freund den halben Tag damit verbracht mein Wohnheimzimmer auszur\u00e4umen. Wir hatten innerhalb der letzten Woche schon kleinere Sachen zusammen gepackt und mussten gestern nur noch alle M\u00f6bel holen. Daf\u00fcr haben wir das Auto seines Onkels benutzt, was ziemlich gro\u00df ist und alle Sachen hinein passen. Cool, dass das alles so gut funktioniert hat. Die Familie ist total lieb! \ud83d\ude42 Jetzt stehen meine gesamten Sch\u00e4tze bei meinem Freund. hihi Irgendwie war das gestern alles etwas komisch. Mein Wohnheimzimmer ist jetzt ganz leer, au\u00dfer dem Bett und der Matratze befinden sich leider keinerlei Sachen mehr dort. Daf\u00fcr ist das Zimmer meines Freundes jetzt sch\u00f6ner geworden, einige Dekoartikel haben ihren Platz dort gefunden. *freu* Der Umzug war wieder ein Zeichen, dass es jetzt bald los geht &#8230; Die Zeit rennt und bald bin ich sehr weit weg &#8230; Feels a little bit strange.<\/p>\n","protected":false},"excerpt":{"rendered":"<p>Hallooo @ all! Gestern war mein gro\u00dfer, kleiner Umzug. Ich habe mit meinem Freund den halben Tag damit verbracht mein Wohnheimzimmer auszur\u00e4umen. Wir hatten innerhalb der letzten Woche schon kleinere Sachen zusammen gepackt und mussten gestern nur noch alle M\u00f6bel holen. Daf\u00fcr haben wir das Auto seines Onkels benutzt, was ziemlich gro\u00df ist und alle [&hellip;]<\/p>\n","protected":false},"author":3,"featured_media":0,"comment_status":"open","ping_status":"open","sticky":false,"template":"","format":"standard","meta":{"_themeisle_gutenberg_block_has_review":false,"footnotes":""},"categories":[1],"tags":[191,151],"class_list":["post-1054","post","type-post","status-publish","format-standard","hentry","category-allgemein","tag-frankreich","tag-la-reunion"],"_links":{"self":[{"href":"https:\/\/familie-weitgereist.de\/index.php?rest_route=\/wp\/v2\/posts\/1054","targetHints":{"allow":["GET"]}}],"collection":[{"href":"https:\/\/familie-weitgereist.de\/index.php?rest_route=\/wp\/v2\/posts"}],"about":[{"href":"https:\/\/familie-weitgereist.de\/index.php?rest_route=\/wp\/v2\/types\/post"}],"author":[{"embeddable":true,"href":"https:\/\/familie-weitgereist.de\/index.php?rest_route=\/wp\/v2\/users\/3"}],"replies":[{"embeddable":true,"href":"https:\/\/familie-weitgereist.de\/index.php?rest_route=%2Fwp%2Fv2%2Fcomments&post=1054"}],"version-history":[{"count":2,"href":"https:\/\/familie-weitgereist.de\/index.php?rest_route=\/wp\/v2\/posts\/1054\/revisions"}],"predecessor-version":[{"id":2943,"href":"https:\/\/familie-weitgereist.de\/index.php?rest_route=\/wp\/v2\/posts\/1054\/revisions\/2943"}],"wp:attachment":[{"href":"https:\/\/familie-weitgereist.de\/index.php?rest_route=%2Fwp%2Fv2%2Fmedia&parent=1054"}],"wp:term":[{"taxonomy":"category","embeddable":true,"href":"https:\/\/familie-weitgereist.de\/index.php?rest_route=%2Fwp%2Fv2%2Fcategories&post=1054"},{"taxonomy":"post_tag","embeddable":true,"href":"https:\/\/familie-weitgereist.de\/index.php?rest_route=%2Fwp%2Fv2%2Ftags&post=1054"}],"curies":[{"name":"wp","href":"https:\/\/api.w.org\/{rel}","templated":true}]}}