{"id":1052,"date":"2012-08-12T03:51:00","date_gmt":"2012-08-12T01:51:00","guid":{"rendered":"http:\/\/wordpress\/?p=1052"},"modified":"2025-11-12T21:25:01","modified_gmt":"2025-11-12T20:25:01","slug":"abschied","status":"publish","type":"post","link":"https:\/\/familie-weitgereist.de\/?p=1052","title":{"rendered":"Abschied und Abreise nach La R\u00e9union, Frankreich"},"content":{"rendered":"\n<p>Hallo meine Lieben!<br><br>Der Abschied ist in sehr greifbarer N\u00e4he &#8230; Das f\u00fchlt sich nicht so gut an. In zwei Tagen sitze ich schon im Flugzeug und schwebe irgendwo \u00fcber Saudi Arabien oder dem Indischen Ozean. Hmmm &#8230;<\/p>\n\n\n\n<p>Wenn ich es mir so recht \u00fcberlege, klingt das nat\u00fcrlich auch super toll. Denn ich war noch nie \u00fcber Saudi Arabien oder dem Indischen Ozean unterwegs. hihi<br>Na ja, ganz so lustig ist es dann doch nicht.<br>Der Abschied wird ziemlich schwer, besonders von Phili. Arggghhhh &#8230; Was tun wir uns da blo\u00df an, ca. 7 Monate Trennung ist echt lang?!? :&#8216;-(<\/p>\n\n\n\n<p>Von dem Rest meiner Familie habe ich mich schon verabschiedet.&nbsp;<\/p>\n\n\n\n<p>Nach dem mega tollen Urlaub in Schottland und der wundersch\u00f6nen Zeit die ich dort mit meinem Schatz hatte, hei\u00dft es jetzt leider Abschied nehmen.<\/p>\n\n\n\n<figure class=\"wp-block-image size-large\"><img loading=\"lazy\" decoding=\"async\" width=\"1024\" height=\"768\" src=\"https:\/\/familie-weitgereist.de\/wp-content\/uploads\/2021\/02\/DSCN0977-1024x768.jpg\" alt=\"\" class=\"wp-image-2954\" srcset=\"https:\/\/familie-weitgereist.de\/wp-content\/uploads\/2021\/02\/DSCN0977-1024x768.jpg 1024w, https:\/\/familie-weitgereist.de\/wp-content\/uploads\/2021\/02\/DSCN0977-300x225.jpg 300w, https:\/\/familie-weitgereist.de\/wp-content\/uploads\/2021\/02\/DSCN0977-768x576.jpg 768w, https:\/\/familie-weitgereist.de\/wp-content\/uploads\/2021\/02\/DSCN0977-1536x1152.jpg 1536w, https:\/\/familie-weitgereist.de\/wp-content\/uploads\/2021\/02\/DSCN0977-2048x1536.jpg 2048w, https:\/\/familie-weitgereist.de\/wp-content\/uploads\/2021\/02\/DSCN0977-1200x900.jpg 1200w, https:\/\/familie-weitgereist.de\/wp-content\/uploads\/2021\/02\/DSCN0977-1980x1485.jpg 1980w, https:\/\/familie-weitgereist.de\/wp-content\/uploads\/2021\/02\/DSCN0977-853x640.jpg 853w, https:\/\/familie-weitgereist.de\/wp-content\/uploads\/2021\/02\/DSCN0977-150x113.jpg 150w\" sizes=\"auto, (max-width: 1024px) 100vw, 1024px\" \/><figcaption>Am Loch Lomond<\/figcaption><\/figure>\n\n\n\n<p>Das f\u00fchlt sich total unrealistisch an, der 13. August 2012 war doch immer noch in weiter Ferne. Wie kann der denn schon \u00fcbermorgen sein?!?<\/p>\n\n\n\n<p>Der Trost bleibt ja, dass wir uns n\u00e4chstes Jahr wiedersehen und das wird bestimmt richtig sch\u00f6n!<\/p>\n\n\n\n<p>Bis dahin hei\u00dft es warten und viele tolle Erlebnisse und Eindr\u00fccke sammeln &#8230; Ich halte euch auf dem Laufenden, sobald ich dort Internetzugang habe. Das wird aber etwas dauern, da ich mit meiner Mutti erst einmal zwei Wochen in der Flora und Fauna der Insel unterwegs sein werde, sprich wir wandern den GR R2.<\/p>\n\n\n\n<figure class=\"wp-block-image size-large\"><img loading=\"lazy\" decoding=\"async\" width=\"1024\" height=\"768\" src=\"https:\/\/familie-weitgereist.de\/wp-content\/uploads\/2021\/02\/DSCN1845-1024x768.jpg\" alt=\"\" class=\"wp-image-2955\" srcset=\"https:\/\/familie-weitgereist.de\/wp-content\/uploads\/2021\/02\/DSCN1845-1024x768.jpg 1024w, https:\/\/familie-weitgereist.de\/wp-content\/uploads\/2021\/02\/DSCN1845-300x225.jpg 300w, https:\/\/familie-weitgereist.de\/wp-content\/uploads\/2021\/02\/DSCN1845-768x576.jpg 768w, https:\/\/familie-weitgereist.de\/wp-content\/uploads\/2021\/02\/DSCN1845-1536x1152.jpg 1536w, https:\/\/familie-weitgereist.de\/wp-content\/uploads\/2021\/02\/DSCN1845-2048x1536.jpg 2048w, https:\/\/familie-weitgereist.de\/wp-content\/uploads\/2021\/02\/DSCN1845-1200x900.jpg 1200w, https:\/\/familie-weitgereist.de\/wp-content\/uploads\/2021\/02\/DSCN1845-1980x1485.jpg 1980w, https:\/\/familie-weitgereist.de\/wp-content\/uploads\/2021\/02\/DSCN1845-853x640.jpg 853w, https:\/\/familie-weitgereist.de\/wp-content\/uploads\/2021\/02\/DSCN1845-150x113.jpg 150w\" sizes=\"auto, (max-width: 1024px) 100vw, 1024px\" \/><figcaption>Vulkan Piton de la Fournaise<\/figcaption><\/figure>\n","protected":false},"excerpt":{"rendered":"<p>Hallo meine Lieben! Der Abschied ist in sehr greifbarer N\u00e4he &#8230; Das f\u00fchlt sich nicht so gut an. In zwei Tagen sitze ich schon im Flugzeug und schwebe irgendwo \u00fcber Saudi Arabien oder dem Indischen Ozean. Hmmm &#8230; Wenn ich es mir so recht \u00fcberlege, klingt das nat\u00fcrlich auch super toll. Denn ich war noch [&hellip;]<\/p>\n","protected":false},"author":3,"featured_media":2955,"comment_status":"open","ping_status":"open","sticky":false,"template":"","format":"standard","meta":{"_themeisle_gutenberg_block_has_review":false,"footnotes":""},"categories":[257,8,4],"tags":[191,151],"class_list":["post-1052","post","type-post","status-publish","format-standard","has-post-thumbnail","hentry","category-frankreich","category-europa","category-laender","tag-frankreich","tag-la-reunion"],"_links":{"self":[{"href":"https:\/\/familie-weitgereist.de\/index.php?rest_route=\/wp\/v2\/posts\/1052","targetHints":{"allow":["GET"]}}],"collection":[{"href":"https:\/\/familie-weitgereist.de\/index.php?rest_route=\/wp\/v2\/posts"}],"about":[{"href":"https:\/\/familie-weitgereist.de\/index.php?rest_route=\/wp\/v2\/types\/post"}],"author":[{"embeddable":true,"href":"https:\/\/familie-weitgereist.de\/index.php?rest_route=\/wp\/v2\/users\/3"}],"replies":[{"embeddable":true,"href":"https:\/\/familie-weitgereist.de\/index.php?rest_route=%2Fwp%2Fv2%2Fcomments&post=1052"}],"version-history":[{"count":6,"href":"https:\/\/familie-weitgereist.de\/index.php?rest_route=\/wp\/v2\/posts\/1052\/revisions"}],"predecessor-version":[{"id":10073,"href":"https:\/\/familie-weitgereist.de\/index.php?rest_route=\/wp\/v2\/posts\/1052\/revisions\/10073"}],"wp:featuredmedia":[{"embeddable":true,"href":"https:\/\/familie-weitgereist.de\/index.php?rest_route=\/wp\/v2\/media\/2955"}],"wp:attachment":[{"href":"https:\/\/familie-weitgereist.de\/index.php?rest_route=%2Fwp%2Fv2%2Fmedia&parent=1052"}],"wp:term":[{"taxonomy":"category","embeddable":true,"href":"https:\/\/familie-weitgereist.de\/index.php?rest_route=%2Fwp%2Fv2%2Fcategories&post=1052"},{"taxonomy":"post_tag","embeddable":true,"href":"https:\/\/familie-weitgereist.de\/index.php?rest_route=%2Fwp%2Fv2%2Ftags&post=1052"}],"curies":[{"name":"wp","href":"https:\/\/api.w.org\/{rel}","templated":true}]}}