{"id":1051,"date":"2012-08-14T16:02:00","date_gmt":"2012-08-14T14:02:00","guid":{"rendered":"http:\/\/wordpress\/?p=1051"},"modified":"2025-11-12T21:24:27","modified_gmt":"2025-11-12T20:24:27","slug":"ankunft-la-reunion","status":"publish","type":"post","link":"https:\/\/familie-weitgereist.de\/?p=1051","title":{"rendered":"Ankunft auf La R\u00e9union, Frankreich"},"content":{"rendered":"\n<p>Hallo an alle! \ud83d\ude42 <\/p>\n\n\n\n<p>Ich sitze gerade am Flughafen auf Mauritius und muss noch ca. eine Stunde warten bis ich nach La R\u00e9union weiter fliege. (Der Blogtitel stimmt deshalb nicht ganz. hihi) Ich bin super m\u00fcde &#8230; ich will eigentlich nur noch schlafen. Nachdem ich 11 Stunden neben f\u00fcnf schreienden Babys verbracht habe, ist mein Energievorrat fast restlos aufgebraucht.<\/p>\n\n\n\n<p>Als ich endlich mal kurz eingeschlafen bin, ruckelte eine ziemlich dicke mauritianische Stuardess an meinem Arm und rief: &#8222;Petit d\u00e9jeuner!&#8220; (Fr\u00fchst\u00fcck). Super, als ob ich halb 2, deutscher Zeit, Lust auf Croissants und Quark habe \u2026 \ud83d\ude09&nbsp;Egal, das Croissant habe ich mitgenommen und den Orangensaft habe ich getrunken. Der Quark war allerdings nicht nach meinem Geschmack.<\/p>\n\n\n\n<p>Bin ich froh, dass wir am Flughafen von der Wohnungsgesellschaft abgeholt werden und ich bald in meine kleine, neue Wohnung kann. Dann endet der Tag f\u00fcr mich leider noch nicht, der 14. August hat ja auch erst begonnen. Ich muss noch zur Uni und mich einschreiben. Hoffentlich geht alles gut. Ich habe eigentlich alle notwendigen Unterlagen bei mir, sodass es keinerlei Probleme geben sollte. Heute Abend falle ich wahrscheinlich in mein Bett &#8230; das noch mit der Bettw\u00e4sche meines Freundes \u00fcberzogen wird. *freu*<br>Ich hoffe, dass mein Koffer mitankommen wird, sonst bleibt die Bettw\u00e4sche an irgendeinem Flughafen. Das w\u00e4re ziemlich doof! Noch etwas zum Abschied &#8230;<br>Demnach zu urteilen war es der schrecklichste Tag in meinem Leben!! Ich war noch nie sooo traurig. Ich musste Phili zur\u00fcck lassen und das war mehr als bitter. Meinerseits sind sehr viele Tr\u00e4nen geflossen. :'( Phili konnte sie irgendwie wegdr\u00fccken. Die Tr\u00e4nen kamen dann aber sp\u00e4ter.<br>Jetzt m\u00fcssen wir die Tage z\u00e4hlen bis wir uns endlich wiedersehen und das wird wundertoll!! \ud83d\ude42<\/p>\n\n\n\n<figure class=\"wp-block-image size-large\"><img loading=\"lazy\" decoding=\"async\" width=\"1024\" height=\"768\" src=\"https:\/\/familie-weitgereist.de\/wp-content\/uploads\/2021\/02\/DSCN9969-1024x768.jpg\" alt=\"\" class=\"wp-image-2974\" srcset=\"https:\/\/familie-weitgereist.de\/wp-content\/uploads\/2021\/02\/DSCN9969-1024x768.jpg 1024w, https:\/\/familie-weitgereist.de\/wp-content\/uploads\/2021\/02\/DSCN9969-300x225.jpg 300w, https:\/\/familie-weitgereist.de\/wp-content\/uploads\/2021\/02\/DSCN9969-768x576.jpg 768w, https:\/\/familie-weitgereist.de\/wp-content\/uploads\/2021\/02\/DSCN9969-1536x1152.jpg 1536w, https:\/\/familie-weitgereist.de\/wp-content\/uploads\/2021\/02\/DSCN9969-2048x1536.jpg 2048w, https:\/\/familie-weitgereist.de\/wp-content\/uploads\/2021\/02\/DSCN9969-1200x900.jpg 1200w, https:\/\/familie-weitgereist.de\/wp-content\/uploads\/2021\/02\/DSCN9969-1980x1485.jpg 1980w, https:\/\/familie-weitgereist.de\/wp-content\/uploads\/2021\/02\/DSCN9969-853x640.jpg 853w, https:\/\/familie-weitgereist.de\/wp-content\/uploads\/2021\/02\/DSCN9969-150x113.jpg 150w\" sizes=\"auto, (max-width: 1024px) 100vw, 1024px\" \/><figcaption>Mein Appartment auf La R\u00e9union<\/figcaption><\/figure>\n\n\n\n<figure class=\"wp-block-image size-large\"><img loading=\"lazy\" decoding=\"async\" width=\"1024\" height=\"768\" src=\"https:\/\/familie-weitgereist.de\/wp-content\/uploads\/2021\/02\/DSCN1288-1024x768.jpg\" alt=\"\" class=\"wp-image-2971\" srcset=\"https:\/\/familie-weitgereist.de\/wp-content\/uploads\/2021\/02\/DSCN1288-1024x768.jpg 1024w, https:\/\/familie-weitgereist.de\/wp-content\/uploads\/2021\/02\/DSCN1288-300x225.jpg 300w, https:\/\/familie-weitgereist.de\/wp-content\/uploads\/2021\/02\/DSCN1288-768x576.jpg 768w, https:\/\/familie-weitgereist.de\/wp-content\/uploads\/2021\/02\/DSCN1288-1536x1152.jpg 1536w, https:\/\/familie-weitgereist.de\/wp-content\/uploads\/2021\/02\/DSCN1288-2048x1536.jpg 2048w, https:\/\/familie-weitgereist.de\/wp-content\/uploads\/2021\/02\/DSCN1288-1200x900.jpg 1200w, https:\/\/familie-weitgereist.de\/wp-content\/uploads\/2021\/02\/DSCN1288-1980x1485.jpg 1980w, https:\/\/familie-weitgereist.de\/wp-content\/uploads\/2021\/02\/DSCN1288-853x640.jpg 853w, https:\/\/familie-weitgereist.de\/wp-content\/uploads\/2021\/02\/DSCN1288-150x113.jpg 150w\" sizes=\"auto, (max-width: 1024px) 100vw, 1024px\" \/><figcaption>Universit\u00e9 de La R\u00e9union<\/figcaption><\/figure>\n\n\n\n<p>Morgen geht es dann auch schon zum Wandern auf dem GR R2. Ich hoffe es wird nicht zu anstrengend und wir schaffen alles was wir uns vorgenommen haben.<\/p>\n\n\n\n<figure class=\"wp-block-image size-large\"><img loading=\"lazy\" decoding=\"async\" width=\"1024\" height=\"768\" src=\"https:\/\/familie-weitgereist.de\/wp-content\/uploads\/2021\/02\/DSCN1940-1024x768.jpg\" alt=\"\" class=\"wp-image-2975\" srcset=\"https:\/\/familie-weitgereist.de\/wp-content\/uploads\/2021\/02\/DSCN1940-1024x768.jpg 1024w, https:\/\/familie-weitgereist.de\/wp-content\/uploads\/2021\/02\/DSCN1940-300x225.jpg 300w, https:\/\/familie-weitgereist.de\/wp-content\/uploads\/2021\/02\/DSCN1940-768x576.jpg 768w, https:\/\/familie-weitgereist.de\/wp-content\/uploads\/2021\/02\/DSCN1940-1536x1152.jpg 1536w, https:\/\/familie-weitgereist.de\/wp-content\/uploads\/2021\/02\/DSCN1940-2048x1536.jpg 2048w, https:\/\/familie-weitgereist.de\/wp-content\/uploads\/2021\/02\/DSCN1940-1200x900.jpg 1200w, https:\/\/familie-weitgereist.de\/wp-content\/uploads\/2021\/02\/DSCN1940-1980x1485.jpg 1980w, https:\/\/familie-weitgereist.de\/wp-content\/uploads\/2021\/02\/DSCN1940-853x640.jpg 853w, https:\/\/familie-weitgereist.de\/wp-content\/uploads\/2021\/02\/DSCN1940-150x113.jpg 150w\" sizes=\"auto, (max-width: 1024px) 100vw, 1024px\" \/><figcaption>Der GR R2 auf La R\u00e9union<\/figcaption><\/figure>\n","protected":false},"excerpt":{"rendered":"<p>Hallo an alle! \ud83d\ude42 Ich sitze gerade am Flughafen auf Mauritius und muss noch ca. eine Stunde warten bis ich nach La R\u00e9union weiter fliege. (Der Blogtitel stimmt deshalb nicht ganz. hihi) Ich bin super m\u00fcde &#8230; ich will eigentlich nur noch schlafen. Nachdem ich 11 Stunden neben f\u00fcnf schreienden Babys verbracht habe, ist mein [&hellip;]<\/p>\n","protected":false},"author":3,"featured_media":2975,"comment_status":"open","ping_status":"open","sticky":false,"template":"","format":"standard","meta":{"_themeisle_gutenberg_block_has_review":false,"footnotes":""},"categories":[257,8,4],"tags":[191,151],"class_list":["post-1051","post","type-post","status-publish","format-standard","has-post-thumbnail","hentry","category-frankreich","category-europa","category-laender","tag-frankreich","tag-la-reunion"],"_links":{"self":[{"href":"https:\/\/familie-weitgereist.de\/index.php?rest_route=\/wp\/v2\/posts\/1051","targetHints":{"allow":["GET"]}}],"collection":[{"href":"https:\/\/familie-weitgereist.de\/index.php?rest_route=\/wp\/v2\/posts"}],"about":[{"href":"https:\/\/familie-weitgereist.de\/index.php?rest_route=\/wp\/v2\/types\/post"}],"author":[{"embeddable":true,"href":"https:\/\/familie-weitgereist.de\/index.php?rest_route=\/wp\/v2\/users\/3"}],"replies":[{"embeddable":true,"href":"https:\/\/familie-weitgereist.de\/index.php?rest_route=%2Fwp%2Fv2%2Fcomments&post=1051"}],"version-history":[{"count":5,"href":"https:\/\/familie-weitgereist.de\/index.php?rest_route=\/wp\/v2\/posts\/1051\/revisions"}],"predecessor-version":[{"id":10072,"href":"https:\/\/familie-weitgereist.de\/index.php?rest_route=\/wp\/v2\/posts\/1051\/revisions\/10072"}],"wp:featuredmedia":[{"embeddable":true,"href":"https:\/\/familie-weitgereist.de\/index.php?rest_route=\/wp\/v2\/media\/2975"}],"wp:attachment":[{"href":"https:\/\/familie-weitgereist.de\/index.php?rest_route=%2Fwp%2Fv2%2Fmedia&parent=1051"}],"wp:term":[{"taxonomy":"category","embeddable":true,"href":"https:\/\/familie-weitgereist.de\/index.php?rest_route=%2Fwp%2Fv2%2Fcategories&post=1051"},{"taxonomy":"post_tag","embeddable":true,"href":"https:\/\/familie-weitgereist.de\/index.php?rest_route=%2Fwp%2Fv2%2Ftags&post=1051"}],"curies":[{"name":"wp","href":"https:\/\/api.w.org\/{rel}","templated":true}]}}