{"id":1049,"date":"2012-09-10T19:45:00","date_gmt":"2012-09-10T17:45:00","guid":{"rendered":"http:\/\/wordpress\/?p=1049"},"modified":"2025-11-12T21:22:34","modified_gmt":"2025-11-12T20:22:34","slug":"4-wochen-im-indischen-ozean","status":"publish","type":"post","link":"https:\/\/familie-weitgereist.de\/?p=1049","title":{"rendered":"4 Wochen im Indischen Ozean"},"content":{"rendered":"\n<p>Hall\u00f6chen ihr Lieben! &nbsp; <\/p>\n\n\n\n<p>Vier Wochen sind vergangen, seitdem ich mich auf dieser wundervollen Insel im Indischen Ozean befinde. Vier Wochen gef\u00fcllt mit ziemlich vielen Erlebnissen, b\u00fcrokratischen H\u00fcrdenl\u00e4ufen und langsamer Gewinnung einer Routine. Vier Wochen bin ich nun aber auch gaaaanz weit weg von Philipp. *traurig* Ich kann es irgendwie gar nicht glauben, dass schon vier Wochen vergangen sind. Das positive ist aber, dass die Zeit weniger wird, bis wir uns endlich wieder sehen k\u00f6nnen. Phili, ich vermisse dich ganz sehr!! :-*<\/p>\n\n\n\n<figure class=\"wp-block-image size-large\"><img loading=\"lazy\" decoding=\"async\" width=\"1024\" height=\"768\" src=\"https:\/\/familie-weitgereist.de\/wp-content\/uploads\/2021\/02\/DSCN9993-1024x768.jpg\" alt=\"\" class=\"wp-image-3005\" srcset=\"https:\/\/familie-weitgereist.de\/wp-content\/uploads\/2021\/02\/DSCN9993-1024x768.jpg 1024w, https:\/\/familie-weitgereist.de\/wp-content\/uploads\/2021\/02\/DSCN9993-300x225.jpg 300w, https:\/\/familie-weitgereist.de\/wp-content\/uploads\/2021\/02\/DSCN9993-768x576.jpg 768w, https:\/\/familie-weitgereist.de\/wp-content\/uploads\/2021\/02\/DSCN9993-1536x1152.jpg 1536w, https:\/\/familie-weitgereist.de\/wp-content\/uploads\/2021\/02\/DSCN9993-2048x1536.jpg 2048w, https:\/\/familie-weitgereist.de\/wp-content\/uploads\/2021\/02\/DSCN9993-1200x900.jpg 1200w, https:\/\/familie-weitgereist.de\/wp-content\/uploads\/2021\/02\/DSCN9993-1980x1485.jpg 1980w, https:\/\/familie-weitgereist.de\/wp-content\/uploads\/2021\/02\/DSCN9993-853x640.jpg 853w, https:\/\/familie-weitgereist.de\/wp-content\/uploads\/2021\/02\/DSCN9993-150x113.jpg 150w\" sizes=\"auto, (max-width: 1024px) 100vw, 1024px\" \/><figcaption class=\"wp-element-caption\">Universit\u00e9 de La R\u00e9union<\/figcaption><\/figure>\n\n\n\n<p>Die Uni beginnt f\u00fcr mich so richtig erst diese Woche. Irgendwie beginnt hier jede Fakult\u00e4t ihre Kurse an anderen Terminen. Na ja, manche Vorlesungen habe ich verpasst \u2026 ist aber nicht weiter schlimm. Ich bin ja mit meinem Bachelorstudium im Endeffekt eh fertig. Das hei\u00dft, ich belege die Kurse mehr oder weniger aus Interesse und nicht wegen irgendeinem Leistungsdruck. Den hatte ich in den letzten Semestern zur Gen\u00fcge \u2026 da kann ich mich auch einmal ein Semester zur\u00fccklehnen und vom H\u00f6rsaal lieber auf den Indischen Ozean schauen, als jedes kleinste Detail der Vorlesung mitzubekommen. Hihi Bekommt jetzt aber keinen falschen Eindruck von mir, eigentlich bin ich immer ganz strebsam.<\/p>\n\n\n\n<figure class=\"wp-block-image size-large\"><img loading=\"lazy\" decoding=\"async\" width=\"1024\" height=\"768\" src=\"https:\/\/familie-weitgereist.de\/wp-content\/uploads\/2021\/02\/DSCN9978-1024x768.jpg\" alt=\"\" class=\"wp-image-3006\" srcset=\"https:\/\/familie-weitgereist.de\/wp-content\/uploads\/2021\/02\/DSCN9978-1024x768.jpg 1024w, https:\/\/familie-weitgereist.de\/wp-content\/uploads\/2021\/02\/DSCN9978-300x225.jpg 300w, https:\/\/familie-weitgereist.de\/wp-content\/uploads\/2021\/02\/DSCN9978-768x576.jpg 768w, https:\/\/familie-weitgereist.de\/wp-content\/uploads\/2021\/02\/DSCN9978-1536x1152.jpg 1536w, https:\/\/familie-weitgereist.de\/wp-content\/uploads\/2021\/02\/DSCN9978-2048x1536.jpg 2048w, https:\/\/familie-weitgereist.de\/wp-content\/uploads\/2021\/02\/DSCN9978-1200x900.jpg 1200w, https:\/\/familie-weitgereist.de\/wp-content\/uploads\/2021\/02\/DSCN9978-1980x1485.jpg 1980w, https:\/\/familie-weitgereist.de\/wp-content\/uploads\/2021\/02\/DSCN9978-853x640.jpg 853w, https:\/\/familie-weitgereist.de\/wp-content\/uploads\/2021\/02\/DSCN9978-150x113.jpg 150w\" sizes=\"auto, (max-width: 1024px) 100vw, 1024px\" \/><\/figure>\n\n\n\n<p>In meiner Wohnung habe ich mir es jetzt auch ganz gem\u00fctlich gemacht. Abends brennt immer eine kleine Kerze, welche f\u00fcr Ambiente sorgt, wie meine Mutti zu sagen pflegt. Hehe Und am Schrank habe ich tolle Fotos von Philipp und mir angebracht. Das war\u2019s dann aber auch schon wieder mit Deko. Na ja, nicht ganz, im Bad stehen meine Pflegeartikel.&nbsp; &nbsp; Letzte Woche hatte ich beschlossen endlich mal den Fu\u00dfboden zu kehren \u2026 ich wei\u00df auch nicht wo immer dieser bl\u00f6de Dreck herkommt. Jedenfalls habe ich die Staubpartikel inklusive aller Fusseln aus dem Fenster gesch\u00fcttet. Am n\u00e4chsten Morgen, als ich das Haus verlassen habe, erwartete mich der Hausmeister. ERTAPPT! Er meinte, dass ich den Dreck nicht zum Fenster heraus sch\u00fctteln sollte. 7.00 Uhr morgens stand ich noch bisschen auf dem Schlauch und fragte ihn, warum man das nicht machen darf. In Deutschland habe ich das immer auf den Flur des Wohnheimes gesch\u00fcttet und das hat meines Wissens niemanden gest\u00f6rt. Er wurde etwas erboster, l\u00e4chelte aber immer noch (typisch kreolisch) und antwortete mir, dass er keine Lust hat, den Dreck meiner Wohnung von der Stra\u00dfe kehren zu m\u00fcssen. Als ob mein Staub auf der Stra\u00dfe landet, der wird doch vom Winde verweht \u2026 Das dachte ich mir allerdings, ich will ja nicht negativ auffallen. Nett und freundlich wie ich nun bin, kehre ich meinen Dreck jetzt immer in meinen Hausm\u00fcll. Haha Gestern hatte ich zudem noch einen Nahkampf mit der bl\u00f6den Jalousie in meinem Zimmer. Das Teil geht gar nicht, wie man so einen Schrott produzieren kann, ist mir ein R\u00e4tsel. Ich konnte es einfach nicht mehr zuziehen. Was nicht allzu angenehm ist, wenn rings herum ganz viele andere H\u00e4user sind und alle in mein Zimmer schauen k\u00f6nnen. Ich versuchte mich nun daran, das Ding zu wieder in Gang zu bringen \u2026 W\u00e4hrend ich im wilden Zweikampf probierte die Jalousie zu reparieren, blickten ungef\u00e4hr ein dreiviertel aller Bewohner im Umkreis auf mich. Bis ich das mitbekommen hatte, blickte die gesamte Nachbarschaft auf mich, wie ich 15 Minuten alle handwerklichen T\u00e4tigkeiten aus mir herausholte. (Die scheinen aber auch nichts anderes zu tun zu haben und das war das Highlight ihres Abends. Hehe) PEINLICH! Geschafft habe ich es trotzdem nicht \u2026&nbsp;Heute fr\u00fch war es dann allerdings so weit. TATATA TA, ich habe es repariert. Nach ca. zehn Minuten konnte ich die Jalousie endlich wieder zuziehen. Heute Abend ist niemanden der Blick in mein trautes Heim gew\u00e4hrt \u2026<\/p>\n\n\n\n<figure class=\"wp-block-gallery has-nested-images columns-default is-cropped wp-block-gallery-1 is-layout-flex wp-block-gallery-is-layout-flex\">\n<figure class=\"wp-block-image size-large\"><img loading=\"lazy\" decoding=\"async\" width=\"1024\" height=\"768\" data-id=\"3007\" src=\"https:\/\/familie-weitgereist.de\/wp-content\/uploads\/2021\/02\/DSCN2051-1024x768.jpg\" alt=\"\" class=\"wp-image-3007\" srcset=\"https:\/\/familie-weitgereist.de\/wp-content\/uploads\/2021\/02\/DSCN2051-1024x768.jpg 1024w, https:\/\/familie-weitgereist.de\/wp-content\/uploads\/2021\/02\/DSCN2051-300x225.jpg 300w, https:\/\/familie-weitgereist.de\/wp-content\/uploads\/2021\/02\/DSCN2051-768x576.jpg 768w, https:\/\/familie-weitgereist.de\/wp-content\/uploads\/2021\/02\/DSCN2051-1536x1152.jpg 1536w, https:\/\/familie-weitgereist.de\/wp-content\/uploads\/2021\/02\/DSCN2051-2048x1536.jpg 2048w, https:\/\/familie-weitgereist.de\/wp-content\/uploads\/2021\/02\/DSCN2051-1200x900.jpg 1200w, https:\/\/familie-weitgereist.de\/wp-content\/uploads\/2021\/02\/DSCN2051-1980x1485.jpg 1980w, https:\/\/familie-weitgereist.de\/wp-content\/uploads\/2021\/02\/DSCN2051-853x640.jpg 853w, https:\/\/familie-weitgereist.de\/wp-content\/uploads\/2021\/02\/DSCN2051-150x113.jpg 150w\" sizes=\"auto, (max-width: 1024px) 100vw, 1024px\" \/><\/figure>\n\n\n\n<figure class=\"wp-block-image size-large\"><img loading=\"lazy\" decoding=\"async\" width=\"1024\" height=\"768\" data-id=\"3009\" src=\"https:\/\/familie-weitgereist.de\/wp-content\/uploads\/2021\/02\/DSCN2053-1024x768.jpg\" alt=\"\" class=\"wp-image-3009\" srcset=\"https:\/\/familie-weitgereist.de\/wp-content\/uploads\/2021\/02\/DSCN2053-1024x768.jpg 1024w, https:\/\/familie-weitgereist.de\/wp-content\/uploads\/2021\/02\/DSCN2053-300x225.jpg 300w, https:\/\/familie-weitgereist.de\/wp-content\/uploads\/2021\/02\/DSCN2053-768x576.jpg 768w, https:\/\/familie-weitgereist.de\/wp-content\/uploads\/2021\/02\/DSCN2053-1536x1152.jpg 1536w, https:\/\/familie-weitgereist.de\/wp-content\/uploads\/2021\/02\/DSCN2053-2048x1536.jpg 2048w, https:\/\/familie-weitgereist.de\/wp-content\/uploads\/2021\/02\/DSCN2053-1200x900.jpg 1200w, https:\/\/familie-weitgereist.de\/wp-content\/uploads\/2021\/02\/DSCN2053-1980x1485.jpg 1980w, https:\/\/familie-weitgereist.de\/wp-content\/uploads\/2021\/02\/DSCN2053-853x640.jpg 853w, https:\/\/familie-weitgereist.de\/wp-content\/uploads\/2021\/02\/DSCN2053-150x113.jpg 150w\" sizes=\"auto, (max-width: 1024px) 100vw, 1024px\" \/><\/figure>\n<figcaption class=\"blocks-gallery-caption wp-element-caption\">Meine Appartement in Saint Denis, La R\u00e9union<\/figcaption><\/figure>\n\n\n\n<p>Am Wochenende war ich wandern, die ersten beiden Etappen sind wir auf dem GR R2 gelaufen. Das war toll! Diesmal war es auch nicht so neblig, wie als ich den Weg schon einmal mit meiner Mutti gelaufen bin.<\/p>\n\n\n\n<figure class=\"wp-block-gallery has-nested-images columns-default is-cropped wp-block-gallery-2 is-layout-flex wp-block-gallery-is-layout-flex\">\n<figure class=\"wp-block-image size-large\"><img loading=\"lazy\" decoding=\"async\" width=\"1024\" height=\"768\" data-id=\"3010\" src=\"https:\/\/familie-weitgereist.de\/wp-content\/uploads\/2021\/02\/DSCN0055-1024x768.jpg\" alt=\"\" class=\"wp-image-3010\" srcset=\"https:\/\/familie-weitgereist.de\/wp-content\/uploads\/2021\/02\/DSCN0055-1024x768.jpg 1024w, https:\/\/familie-weitgereist.de\/wp-content\/uploads\/2021\/02\/DSCN0055-300x225.jpg 300w, https:\/\/familie-weitgereist.de\/wp-content\/uploads\/2021\/02\/DSCN0055-768x576.jpg 768w, https:\/\/familie-weitgereist.de\/wp-content\/uploads\/2021\/02\/DSCN0055-1536x1152.jpg 1536w, https:\/\/familie-weitgereist.de\/wp-content\/uploads\/2021\/02\/DSCN0055-2048x1536.jpg 2048w, https:\/\/familie-weitgereist.de\/wp-content\/uploads\/2021\/02\/DSCN0055-1200x900.jpg 1200w, https:\/\/familie-weitgereist.de\/wp-content\/uploads\/2021\/02\/DSCN0055-1980x1485.jpg 1980w, https:\/\/familie-weitgereist.de\/wp-content\/uploads\/2021\/02\/DSCN0055-853x640.jpg 853w, https:\/\/familie-weitgereist.de\/wp-content\/uploads\/2021\/02\/DSCN0055-150x113.jpg 150w\" sizes=\"auto, (max-width: 1024px) 100vw, 1024px\" \/><\/figure>\n\n\n\n<figure class=\"wp-block-image size-large\"><img loading=\"lazy\" decoding=\"async\" width=\"1024\" height=\"768\" data-id=\"3011\" src=\"https:\/\/familie-weitgereist.de\/wp-content\/uploads\/2021\/02\/DSCN0110-1024x768.jpg\" alt=\"\" class=\"wp-image-3011\" srcset=\"https:\/\/familie-weitgereist.de\/wp-content\/uploads\/2021\/02\/DSCN0110-1024x768.jpg 1024w, https:\/\/familie-weitgereist.de\/wp-content\/uploads\/2021\/02\/DSCN0110-300x225.jpg 300w, https:\/\/familie-weitgereist.de\/wp-content\/uploads\/2021\/02\/DSCN0110-768x576.jpg 768w, https:\/\/familie-weitgereist.de\/wp-content\/uploads\/2021\/02\/DSCN0110-1536x1152.jpg 1536w, https:\/\/familie-weitgereist.de\/wp-content\/uploads\/2021\/02\/DSCN0110-2048x1536.jpg 2048w, https:\/\/familie-weitgereist.de\/wp-content\/uploads\/2021\/02\/DSCN0110-1200x900.jpg 1200w, https:\/\/familie-weitgereist.de\/wp-content\/uploads\/2021\/02\/DSCN0110-1980x1485.jpg 1980w, https:\/\/familie-weitgereist.de\/wp-content\/uploads\/2021\/02\/DSCN0110-853x640.jpg 853w, https:\/\/familie-weitgereist.de\/wp-content\/uploads\/2021\/02\/DSCN0110-150x113.jpg 150w\" sizes=\"auto, (max-width: 1024px) 100vw, 1024px\" \/><\/figure>\n\n\n\n<figure class=\"wp-block-image size-large\"><img loading=\"lazy\" decoding=\"async\" width=\"1024\" height=\"768\" data-id=\"3012\" src=\"https:\/\/familie-weitgereist.de\/wp-content\/uploads\/2021\/02\/DSCN9966-2-1024x768.jpg\" alt=\"\" class=\"wp-image-3012\" srcset=\"https:\/\/familie-weitgereist.de\/wp-content\/uploads\/2021\/02\/DSCN9966-2-1024x768.jpg 1024w, https:\/\/familie-weitgereist.de\/wp-content\/uploads\/2021\/02\/DSCN9966-2-300x225.jpg 300w, https:\/\/familie-weitgereist.de\/wp-content\/uploads\/2021\/02\/DSCN9966-2-768x576.jpg 768w, https:\/\/familie-weitgereist.de\/wp-content\/uploads\/2021\/02\/DSCN9966-2-1536x1152.jpg 1536w, https:\/\/familie-weitgereist.de\/wp-content\/uploads\/2021\/02\/DSCN9966-2-2048x1536.jpg 2048w, https:\/\/familie-weitgereist.de\/wp-content\/uploads\/2021\/02\/DSCN9966-2-1200x900.jpg 1200w, https:\/\/familie-weitgereist.de\/wp-content\/uploads\/2021\/02\/DSCN9966-2-1980x1485.jpg 1980w, https:\/\/familie-weitgereist.de\/wp-content\/uploads\/2021\/02\/DSCN9966-2-853x640.jpg 853w, https:\/\/familie-weitgereist.de\/wp-content\/uploads\/2021\/02\/DSCN9966-2-150x113.jpg 150w\" sizes=\"auto, (max-width: 1024px) 100vw, 1024px\" \/><\/figure>\n<figcaption class=\"blocks-gallery-caption wp-element-caption\">Eindr\u00fccke von La R\u00e9union<\/figcaption><\/figure>\n\n\n\n<p>Theoretisch hatte ich mir vorgenommen, den M\u00fcll noch runterzubringen, bevor ich abfahre. Leider habe ich das vergessen und als ich wiederkam, blickten mich um die zwanzig K\u00fcchenschaben an. (Also ich denke, dass es K\u00fcchenschaben waren. Es k\u00f6nnen nat\u00fcrlich auch Kakerlaken gewesen sein. Ich kenne mich da nicht so gut aus.) Jedenfalls sind die alle um den M\u00fcll herumgekrabbelt \u2026 AHHHH! Das war sooo eklig. Ich musste die dann auch noch wegmachen. Aber das soll mir eine Lehre sein, in tropischen L\u00e4ndern sollte man den M\u00fcll jeden Tag runterbringen. Das werde ich jetzt auch immer tun. hihi So, jetzt seid ihr wieder auf den neusten Stand meiner kleinen Alltagsabenteuer und k\u00f6nnt euch auf den n\u00e4chsten Eintrag freuen. &nbsp;<\/p>\n","protected":false},"excerpt":{"rendered":"<p>Hall\u00f6chen ihr Lieben! &nbsp; Vier Wochen sind vergangen, seitdem ich mich auf dieser wundervollen Insel im Indischen Ozean befinde. Vier Wochen gef\u00fcllt mit ziemlich vielen Erlebnissen, b\u00fcrokratischen H\u00fcrdenl\u00e4ufen und langsamer Gewinnung einer Routine. Vier Wochen bin ich nun aber auch gaaaanz weit weg von Philipp. *traurig* Ich kann es irgendwie gar nicht glauben, dass schon [&hellip;]<\/p>\n","protected":false},"author":3,"featured_media":3010,"comment_status":"open","ping_status":"open","sticky":false,"template":"","format":"standard","meta":{"_themeisle_gutenberg_block_has_review":false,"footnotes":""},"categories":[257,8,4],"tags":[191,151],"class_list":["post-1049","post","type-post","status-publish","format-standard","has-post-thumbnail","hentry","category-frankreich","category-europa","category-laender","tag-frankreich","tag-la-reunion"],"_links":{"self":[{"href":"https:\/\/familie-weitgereist.de\/index.php?rest_route=\/wp\/v2\/posts\/1049","targetHints":{"allow":["GET"]}}],"collection":[{"href":"https:\/\/familie-weitgereist.de\/index.php?rest_route=\/wp\/v2\/posts"}],"about":[{"href":"https:\/\/familie-weitgereist.de\/index.php?rest_route=\/wp\/v2\/types\/post"}],"author":[{"embeddable":true,"href":"https:\/\/familie-weitgereist.de\/index.php?rest_route=\/wp\/v2\/users\/3"}],"replies":[{"embeddable":true,"href":"https:\/\/familie-weitgereist.de\/index.php?rest_route=%2Fwp%2Fv2%2Fcomments&post=1049"}],"version-history":[{"count":4,"href":"https:\/\/familie-weitgereist.de\/index.php?rest_route=\/wp\/v2\/posts\/1049\/revisions"}],"predecessor-version":[{"id":23999,"href":"https:\/\/familie-weitgereist.de\/index.php?rest_route=\/wp\/v2\/posts\/1049\/revisions\/23999"}],"wp:featuredmedia":[{"embeddable":true,"href":"https:\/\/familie-weitgereist.de\/index.php?rest_route=\/wp\/v2\/media\/3010"}],"wp:attachment":[{"href":"https:\/\/familie-weitgereist.de\/index.php?rest_route=%2Fwp%2Fv2%2Fmedia&parent=1049"}],"wp:term":[{"taxonomy":"category","embeddable":true,"href":"https:\/\/familie-weitgereist.de\/index.php?rest_route=%2Fwp%2Fv2%2Fcategories&post=1049"},{"taxonomy":"post_tag","embeddable":true,"href":"https:\/\/familie-weitgereist.de\/index.php?rest_route=%2Fwp%2Fv2%2Ftags&post=1049"}],"curies":[{"name":"wp","href":"https:\/\/api.w.org\/{rel}","templated":true}]}}