{"id":1047,"date":"2012-09-24T23:27:00","date_gmt":"2012-09-24T21:27:00","guid":{"rendered":"http:\/\/wordpress\/?p=1047"},"modified":"2025-11-12T21:20:34","modified_gmt":"2025-11-12T20:20:34","slug":"6-wochen-auf-la-reunion","status":"publish","type":"post","link":"https:\/\/familie-weitgereist.de\/?p=1047","title":{"rendered":"6 Wochen auf La R\u00e9union, Frankreich"},"content":{"rendered":"\n<p>Mir geht es gut!! \ud83d\ude42\u00a0Die Zeit vergeht wie im Flug, fast zu schnell. Hehe<br>Ich erlebe jeden Tag so viel, dass ich gar nicht wei\u00df, wo ich beginnen soll.<\/p>\n\n\n\n<p>Die Uni ist so interessant, aber wirklich. Ich habe eigentlich \u00fcberhaupt keinen Stress \u2026 aber ich lerne viel mehr als in Dresden, zu mindestens habe ich das Gef\u00fchl. Ich habe heute die letzte \u00c4nderung meines Learning Agreements abgegeben und ENDLICH habe ich meinen Stundenplan zusammen gestellt. Das hat gedauert, aber aufgrund st\u00e4ndiger \u00c4nderungen meinerseits bzw. der Uni ging es nicht anders. Umso froher bin ich nun, dass jetzt alles steht. Wenigstens theoretisch und auf dem Papier. Hihi Eigentlich \u00e4ndert sich andauernd etwas. Ein Kurs hat immer noch nicht begonnen, die R\u00e4ume \u00e4ndern sich w\u00f6chentlich und ich bin jeden Tag auf der Suche nach dem Raum. Das Intelligente ist ja, dass im Internet zwar die \u00c4nderungen stehen, diese aber gar nicht mehr aktuell sind, an dem betreffenden Tag. So ist das eben im S\u00fcden \u2026 vielleicht etwas extremer im richtigen S\u00fcden, wo ich bin. \ud83d\ude09<br>Aber Spa\u00df macht es auf jeden Fall \u2026 nicht unbedingt die Raumsuche, aber die Uni an sich.<\/p>\n\n\n\n<figure class=\"wp-block-image size-large\"><img loading=\"lazy\" decoding=\"async\" width=\"1024\" height=\"768\" src=\"https:\/\/familie-weitgereist.de\/wp-content\/uploads\/2021\/02\/DSCN0065-1024x768.jpg\" alt=\"\" class=\"wp-image-3021\" srcset=\"https:\/\/familie-weitgereist.de\/wp-content\/uploads\/2021\/02\/DSCN0065-1024x768.jpg 1024w, https:\/\/familie-weitgereist.de\/wp-content\/uploads\/2021\/02\/DSCN0065-300x225.jpg 300w, https:\/\/familie-weitgereist.de\/wp-content\/uploads\/2021\/02\/DSCN0065-768x576.jpg 768w, https:\/\/familie-weitgereist.de\/wp-content\/uploads\/2021\/02\/DSCN0065-1536x1152.jpg 1536w, https:\/\/familie-weitgereist.de\/wp-content\/uploads\/2021\/02\/DSCN0065-2048x1536.jpg 2048w, https:\/\/familie-weitgereist.de\/wp-content\/uploads\/2021\/02\/DSCN0065-1200x900.jpg 1200w, https:\/\/familie-weitgereist.de\/wp-content\/uploads\/2021\/02\/DSCN0065-1980x1485.jpg 1980w, https:\/\/familie-weitgereist.de\/wp-content\/uploads\/2021\/02\/DSCN0065-853x640.jpg 853w, https:\/\/familie-weitgereist.de\/wp-content\/uploads\/2021\/02\/DSCN0065-150x113.jpg 150w\" sizes=\"auto, (max-width: 1024px) 100vw, 1024px\" \/><\/figure>\n\n\n\n<p>Ich belege zwei kreolische Vorlesungen. Eine davon ist speziell f\u00fcr ERASMUS Studenten mit zwei tollen Ausfl\u00fcgen, irgendwo auf der Insel. Ich wei\u00df aber noch nicht genau wo es hingehen soll. Der andere handelt von Lexikologie und Lexikografie. Das ist richtig spannend. Vom r\u00e9unionesischen Kreolisch verstehe ich wirklich nur Bruchst\u00fccke, aber es ist richtig interessant wo die einzelnen W\u00f6rter ihren Ursprung haben und der ist wirklich vielseitig. Darum geht es haupts\u00e4chlich in dem Kurs. Ich besuche auch noch einen Kurs, welcher die soziale Ungleichheit an der Schule, zum Thema hat. Super interessant \u2026 Leider findet diese Woche schon die Abschlusspr\u00fcfung statt. Ich war jedoch nur zweimal anwesend. Uppps! Ich hoffe, ich bekomme das irgendwie hin. Nachdem ich allerdings mit der Dozentin gesprochen habe und sie meinte, dass man zu Hause einen ungef\u00e4hr vierseitigen Aufsatz schreiben, den auswendig lernen&nbsp; und letztendlich in der Pr\u00fcfung niederschreiben soll, mache ich mir bez\u00fcglich der Note nicht allzu viele Sorgen. hihi Au\u00dferdem besuche ich noch einen Englischkurs \u2026 nicht wirklich freiwillig. Aber ich habe noch 2 Leistungspunkte gebraucht, da es in der ERASMUS Administration in Dresden eine Ver\u00e4nderung gegeben hat und meine 28 Punkte reichen jetzt nicht mehr. Na ja, der Englischkurs schenkt mir zwei leichte Punkte. Ich war letzte Woche das erste Mal \u2026 oh man, bin ich unterfordert.&nbsp;Die einzige Herausforderung besteht darin, dass ich ab und an vom Englischen ins Franz\u00f6sische \u00fcbersetzen muss. Was allerdings bei S\u00e4tzen wie, \u201eI would like to exchange 200\u20ac. What is the exchanging rate?\u201d nicht wirklich schwierig ist. Na ja, Langeweile pur \u2026 Aber ich habe liebe Franzosen kennen gelernt! Ansonsten mache ich noch viel Sport, Tauchen, Yoga, Aerobic und lustige Bauch-Beine-Po \u00dcbungen. Haha Das macht Spa\u00df und ich lerne viele nette Leute kennen.<\/p>\n\n\n\n<p>Am Wochenende unternehme ich immer viel mit meinen neuen Freunden. Wir fahren in die Berge, gehen wandern oder chillen am Strand. Ab und zu finden auch Festivals statt mit kreolischer Musik, welche wir uns nat\u00fcrlich nicht entgehen lassen. \ud83d\ude42 Letzten Sonntag haben wir einen kreolischen Kochnachmittag bei einer Freundin gemacht. Das war lecker! Fazit: Mir geht es wirklich gut! Die Insel ist toll \u2026 hoffentlich rennt die Zeit nicht so.<\/p>\n\n\n\n<figure class=\"wp-block-gallery has-nested-images columns-default is-cropped wp-block-gallery-1 is-layout-flex wp-block-gallery-is-layout-flex\">\n<figure class=\"wp-block-image size-large\"><img loading=\"lazy\" decoding=\"async\" width=\"1024\" height=\"768\" data-id=\"3022\" src=\"https:\/\/familie-weitgereist.de\/wp-content\/uploads\/2021\/02\/DSCN0010-1024x768.jpg\" alt=\"\" class=\"wp-image-3022\" srcset=\"https:\/\/familie-weitgereist.de\/wp-content\/uploads\/2021\/02\/DSCN0010-1024x768.jpg 1024w, https:\/\/familie-weitgereist.de\/wp-content\/uploads\/2021\/02\/DSCN0010-300x225.jpg 300w, https:\/\/familie-weitgereist.de\/wp-content\/uploads\/2021\/02\/DSCN0010-768x576.jpg 768w, https:\/\/familie-weitgereist.de\/wp-content\/uploads\/2021\/02\/DSCN0010-1536x1152.jpg 1536w, https:\/\/familie-weitgereist.de\/wp-content\/uploads\/2021\/02\/DSCN0010-2048x1536.jpg 2048w, https:\/\/familie-weitgereist.de\/wp-content\/uploads\/2021\/02\/DSCN0010-1200x900.jpg 1200w, https:\/\/familie-weitgereist.de\/wp-content\/uploads\/2021\/02\/DSCN0010-1980x1485.jpg 1980w, https:\/\/familie-weitgereist.de\/wp-content\/uploads\/2021\/02\/DSCN0010-853x640.jpg 853w, https:\/\/familie-weitgereist.de\/wp-content\/uploads\/2021\/02\/DSCN0010-150x113.jpg 150w\" sizes=\"auto, (max-width: 1024px) 100vw, 1024px\" \/><\/figure>\n\n\n\n<figure class=\"wp-block-image size-large\"><img loading=\"lazy\" decoding=\"async\" width=\"1024\" height=\"768\" data-id=\"3023\" src=\"https:\/\/familie-weitgereist.de\/wp-content\/uploads\/2021\/02\/DSCN0080-1024x768.jpg\" alt=\"\" class=\"wp-image-3023\" srcset=\"https:\/\/familie-weitgereist.de\/wp-content\/uploads\/2021\/02\/DSCN0080-1024x768.jpg 1024w, https:\/\/familie-weitgereist.de\/wp-content\/uploads\/2021\/02\/DSCN0080-300x225.jpg 300w, https:\/\/familie-weitgereist.de\/wp-content\/uploads\/2021\/02\/DSCN0080-768x576.jpg 768w, https:\/\/familie-weitgereist.de\/wp-content\/uploads\/2021\/02\/DSCN0080-1536x1152.jpg 1536w, https:\/\/familie-weitgereist.de\/wp-content\/uploads\/2021\/02\/DSCN0080-2048x1536.jpg 2048w, https:\/\/familie-weitgereist.de\/wp-content\/uploads\/2021\/02\/DSCN0080-1200x900.jpg 1200w, https:\/\/familie-weitgereist.de\/wp-content\/uploads\/2021\/02\/DSCN0080-1980x1485.jpg 1980w, https:\/\/familie-weitgereist.de\/wp-content\/uploads\/2021\/02\/DSCN0080-853x640.jpg 853w, https:\/\/familie-weitgereist.de\/wp-content\/uploads\/2021\/02\/DSCN0080-150x113.jpg 150w\" sizes=\"auto, (max-width: 1024px) 100vw, 1024px\" \/><\/figure>\n\n\n\n<figure class=\"wp-block-image size-large\"><img loading=\"lazy\" decoding=\"async\" width=\"1024\" height=\"768\" data-id=\"3025\" src=\"https:\/\/familie-weitgereist.de\/wp-content\/uploads\/2021\/02\/DSCN0094-1024x768.jpg\" alt=\"\" class=\"wp-image-3025\" srcset=\"https:\/\/familie-weitgereist.de\/wp-content\/uploads\/2021\/02\/DSCN0094-1024x768.jpg 1024w, https:\/\/familie-weitgereist.de\/wp-content\/uploads\/2021\/02\/DSCN0094-300x225.jpg 300w, https:\/\/familie-weitgereist.de\/wp-content\/uploads\/2021\/02\/DSCN0094-768x576.jpg 768w, https:\/\/familie-weitgereist.de\/wp-content\/uploads\/2021\/02\/DSCN0094-1536x1152.jpg 1536w, https:\/\/familie-weitgereist.de\/wp-content\/uploads\/2021\/02\/DSCN0094-2048x1536.jpg 2048w, https:\/\/familie-weitgereist.de\/wp-content\/uploads\/2021\/02\/DSCN0094-1200x900.jpg 1200w, https:\/\/familie-weitgereist.de\/wp-content\/uploads\/2021\/02\/DSCN0094-1980x1485.jpg 1980w, https:\/\/familie-weitgereist.de\/wp-content\/uploads\/2021\/02\/DSCN0094-853x640.jpg 853w, https:\/\/familie-weitgereist.de\/wp-content\/uploads\/2021\/02\/DSCN0094-150x113.jpg 150w\" sizes=\"auto, (max-width: 1024px) 100vw, 1024px\" \/><\/figure>\n\n\n\n<figure class=\"wp-block-image size-large\"><img loading=\"lazy\" decoding=\"async\" width=\"1024\" height=\"768\" data-id=\"3027\" src=\"https:\/\/familie-weitgereist.de\/wp-content\/uploads\/2021\/02\/DSCN0184-1024x768.jpg\" alt=\"\" class=\"wp-image-3027\" srcset=\"https:\/\/familie-weitgereist.de\/wp-content\/uploads\/2021\/02\/DSCN0184-1024x768.jpg 1024w, https:\/\/familie-weitgereist.de\/wp-content\/uploads\/2021\/02\/DSCN0184-300x225.jpg 300w, https:\/\/familie-weitgereist.de\/wp-content\/uploads\/2021\/02\/DSCN0184-768x576.jpg 768w, https:\/\/familie-weitgereist.de\/wp-content\/uploads\/2021\/02\/DSCN0184-1536x1152.jpg 1536w, https:\/\/familie-weitgereist.de\/wp-content\/uploads\/2021\/02\/DSCN0184-2048x1536.jpg 2048w, https:\/\/familie-weitgereist.de\/wp-content\/uploads\/2021\/02\/DSCN0184-1200x900.jpg 1200w, https:\/\/familie-weitgereist.de\/wp-content\/uploads\/2021\/02\/DSCN0184-1980x1485.jpg 1980w, https:\/\/familie-weitgereist.de\/wp-content\/uploads\/2021\/02\/DSCN0184-853x640.jpg 853w, https:\/\/familie-weitgereist.de\/wp-content\/uploads\/2021\/02\/DSCN0184-150x113.jpg 150w\" sizes=\"auto, (max-width: 1024px) 100vw, 1024px\" \/><\/figure>\n<figcaption class=\"blocks-gallery-caption\">Wandern auf La R\u00e9union<\/figcaption><\/figure>\n\n\n\n<p>  &nbsp;<\/p>\n","protected":false},"excerpt":{"rendered":"<p>Mir geht es gut!! \ud83d\ude42\u00a0Die Zeit vergeht wie im Flug, fast zu schnell. HeheIch erlebe jeden Tag so viel, dass ich gar nicht wei\u00df, wo ich beginnen soll. Die Uni ist so interessant, aber wirklich. Ich habe eigentlich \u00fcberhaupt keinen Stress \u2026 aber ich lerne viel mehr als in Dresden, zu mindestens habe ich das [&hellip;]<\/p>\n","protected":false},"author":3,"featured_media":3021,"comment_status":"open","ping_status":"open","sticky":false,"template":"","format":"standard","meta":{"_themeisle_gutenberg_block_has_review":false,"footnotes":""},"categories":[257,8,4],"tags":[191,151],"class_list":["post-1047","post","type-post","status-publish","format-standard","has-post-thumbnail","hentry","category-frankreich","category-europa","category-laender","tag-frankreich","tag-la-reunion"],"_links":{"self":[{"href":"https:\/\/familie-weitgereist.de\/index.php?rest_route=\/wp\/v2\/posts\/1047","targetHints":{"allow":["GET"]}}],"collection":[{"href":"https:\/\/familie-weitgereist.de\/index.php?rest_route=\/wp\/v2\/posts"}],"about":[{"href":"https:\/\/familie-weitgereist.de\/index.php?rest_route=\/wp\/v2\/types\/post"}],"author":[{"embeddable":true,"href":"https:\/\/familie-weitgereist.de\/index.php?rest_route=\/wp\/v2\/users\/3"}],"replies":[{"embeddable":true,"href":"https:\/\/familie-weitgereist.de\/index.php?rest_route=%2Fwp%2Fv2%2Fcomments&post=1047"}],"version-history":[{"count":6,"href":"https:\/\/familie-weitgereist.de\/index.php?rest_route=\/wp\/v2\/posts\/1047\/revisions"}],"predecessor-version":[{"id":10076,"href":"https:\/\/familie-weitgereist.de\/index.php?rest_route=\/wp\/v2\/posts\/1047\/revisions\/10076"}],"wp:featuredmedia":[{"embeddable":true,"href":"https:\/\/familie-weitgereist.de\/index.php?rest_route=\/wp\/v2\/media\/3021"}],"wp:attachment":[{"href":"https:\/\/familie-weitgereist.de\/index.php?rest_route=%2Fwp%2Fv2%2Fmedia&parent=1047"}],"wp:term":[{"taxonomy":"category","embeddable":true,"href":"https:\/\/familie-weitgereist.de\/index.php?rest_route=%2Fwp%2Fv2%2Fcategories&post=1047"},{"taxonomy":"post_tag","embeddable":true,"href":"https:\/\/familie-weitgereist.de\/index.php?rest_route=%2Fwp%2Fv2%2Ftags&post=1047"}],"curies":[{"name":"wp","href":"https:\/\/api.w.org\/{rel}","templated":true}]}}