{"id":1046,"date":"2012-10-05T21:03:00","date_gmt":"2012-10-05T19:03:00","guid":{"rendered":"http:\/\/wordpress\/?p=1046"},"modified":"2025-11-12T21:19:55","modified_gmt":"2025-11-12T20:19:55","slug":"reiseplaene","status":"publish","type":"post","link":"https:\/\/familie-weitgereist.de\/?p=1046","title":{"rendered":"Meine Reisepl\u00e4ne f\u00fcr Afrika"},"content":{"rendered":"\n<p>Hall\u00f6chen ihr Lieben! &nbsp; <\/p>\n\n\n\n<p>Die Zeit verrennt ziemlich schnell. Heute ist der Tag meiner Wohnungsk\u00fcndigung! Am 23. November 2012 ziehe ich offiziell aus. Ich freu mich voll! Denn das hei\u00dft, mein Semester ist zu Ende, ich werde alle Pr\u00fcfungen hinter mich gebracht haben und ich werde eines der gro\u00dfen Abenteuer meines Lebens erleben! \ud83d\ude42<\/p>\n\n\n\n<p>Der Flug f\u00fcr die erste Reise ist schon gebucht! Es geht nach Mayotte \u2026 hihi, f\u00fcr alle die nicht wissen, wo die kleine, zu Frankreich geh\u00f6rende Insel liegt, ein kleiner Tipp. Schaut einfach auf der Landkarte nord-westlich von Madagaskar, im Archipel der Komoren. Ahhh, das wird toll!<\/p>\n\n\n\n<figure class=\"wp-block-image size-large\"><img loading=\"lazy\" decoding=\"async\" width=\"1024\" height=\"768\" src=\"https:\/\/familie-weitgereist.de\/wp-content\/uploads\/2021\/02\/DSCN0082-1024x768.jpg\" alt=\"\" class=\"wp-image-3064\" srcset=\"https:\/\/familie-weitgereist.de\/wp-content\/uploads\/2021\/02\/DSCN0082-1024x768.jpg 1024w, https:\/\/familie-weitgereist.de\/wp-content\/uploads\/2021\/02\/DSCN0082-300x225.jpg 300w, https:\/\/familie-weitgereist.de\/wp-content\/uploads\/2021\/02\/DSCN0082-768x576.jpg 768w, https:\/\/familie-weitgereist.de\/wp-content\/uploads\/2021\/02\/DSCN0082-1536x1152.jpg 1536w, https:\/\/familie-weitgereist.de\/wp-content\/uploads\/2021\/02\/DSCN0082-2048x1536.jpg 2048w, https:\/\/familie-weitgereist.de\/wp-content\/uploads\/2021\/02\/DSCN0082-1200x900.jpg 1200w, https:\/\/familie-weitgereist.de\/wp-content\/uploads\/2021\/02\/DSCN0082-1980x1485.jpg 1980w, https:\/\/familie-weitgereist.de\/wp-content\/uploads\/2021\/02\/DSCN0082-853x640.jpg 853w, https:\/\/familie-weitgereist.de\/wp-content\/uploads\/2021\/02\/DSCN0082-150x113.jpg 150w\" sizes=\"auto, (max-width: 1024px) 100vw, 1024px\" \/><figcaption class=\"wp-element-caption\">Mayotte<\/figcaption><\/figure>\n\n\n\n<p>Ich freue mich schon soooo soooo sehr! Meine anderen Reisepl\u00e4ne sind noch nicht ganz ausgereift, aber ich arbeite jeden Tag daran.<br>Sobald, ich wieder etwas Neues zu erz\u00e4hlen habe, erfahrt ihr es sofort. \ud83d\ude42<\/p>\n\n\n\n<p>Jedenfalls habe ich ab dem 23. November 2012 keinen offiziellen Wohnsitz mehr auf La R\u00e9union. Ich bin dann mal hier, mal dort, auf irgendeiner Insel im Indischen Ozean oder bei Freunden auf La R\u00e9union. Das klingt alles wirklich nach einem gro\u00dfen Abenteuer!!! JUHU!! <\/p>\n\n\n\n<p>Dann bis die Tage, ich komme wieder, keine Frage. Hihi \ud83d\ude09<\/p>\n","protected":false},"excerpt":{"rendered":"<p>Hall\u00f6chen ihr Lieben! &nbsp; Die Zeit verrennt ziemlich schnell. Heute ist der Tag meiner Wohnungsk\u00fcndigung! Am 23. November 2012 ziehe ich offiziell aus. Ich freu mich voll! Denn das hei\u00dft, mein Semester ist zu Ende, ich werde alle Pr\u00fcfungen hinter mich gebracht haben und ich werde eines der gro\u00dfen Abenteuer meines Lebens erleben! \ud83d\ude42 Der [&hellip;]<\/p>\n","protected":false},"author":3,"featured_media":3064,"comment_status":"open","ping_status":"open","sticky":false,"template":"","format":"standard","meta":{"_themeisle_gutenberg_block_has_review":false,"footnotes":""},"categories":[257,8,4],"tags":[191,151],"class_list":["post-1046","post","type-post","status-publish","format-standard","has-post-thumbnail","hentry","category-frankreich","category-europa","category-laender","tag-frankreich","tag-la-reunion"],"_links":{"self":[{"href":"https:\/\/familie-weitgereist.de\/index.php?rest_route=\/wp\/v2\/posts\/1046","targetHints":{"allow":["GET"]}}],"collection":[{"href":"https:\/\/familie-weitgereist.de\/index.php?rest_route=\/wp\/v2\/posts"}],"about":[{"href":"https:\/\/familie-weitgereist.de\/index.php?rest_route=\/wp\/v2\/types\/post"}],"author":[{"embeddable":true,"href":"https:\/\/familie-weitgereist.de\/index.php?rest_route=\/wp\/v2\/users\/3"}],"replies":[{"embeddable":true,"href":"https:\/\/familie-weitgereist.de\/index.php?rest_route=%2Fwp%2Fv2%2Fcomments&post=1046"}],"version-history":[{"count":6,"href":"https:\/\/familie-weitgereist.de\/index.php?rest_route=\/wp\/v2\/posts\/1046\/revisions"}],"predecessor-version":[{"id":23998,"href":"https:\/\/familie-weitgereist.de\/index.php?rest_route=\/wp\/v2\/posts\/1046\/revisions\/23998"}],"wp:featuredmedia":[{"embeddable":true,"href":"https:\/\/familie-weitgereist.de\/index.php?rest_route=\/wp\/v2\/media\/3064"}],"wp:attachment":[{"href":"https:\/\/familie-weitgereist.de\/index.php?rest_route=%2Fwp%2Fv2%2Fmedia&parent=1046"}],"wp:term":[{"taxonomy":"category","embeddable":true,"href":"https:\/\/familie-weitgereist.de\/index.php?rest_route=%2Fwp%2Fv2%2Fcategories&post=1046"},{"taxonomy":"post_tag","embeddable":true,"href":"https:\/\/familie-weitgereist.de\/index.php?rest_route=%2Fwp%2Fv2%2Ftags&post=1046"}],"curies":[{"name":"wp","href":"https:\/\/api.w.org\/{rel}","templated":true}]}}