{"id":1045,"date":"2012-10-23T23:45:00","date_gmt":"2012-10-23T21:45:00","guid":{"rendered":"http:\/\/wordpress\/?p=1045"},"modified":"2025-11-12T21:18:38","modified_gmt":"2025-11-12T20:18:38","slug":"noch-4-wochen-la-reunion","status":"publish","type":"post","link":"https:\/\/familie-weitgereist.de\/?p=1045","title":{"rendered":"Noch 4 Wochen La R\u00e9union, Frankreich"},"content":{"rendered":"\n<p>Hall\u00f6chen! \ud83d\ude42 &nbsp; <\/p>\n\n\n\n<p>Die Zeit verrennt wie im Flug. &nbsp; Mein offizieller Auszug aus meiner kleinen Wohnung wurde auf den 22. November 2012 gelegt. Noch vier Wochen und ich muss adieu sagen \u2026 na ja, dieser Abschied wird mir nicht allzu schwer fallen, schlie\u00dflich ist die Wohnung nicht gerade der Burner. Hihi<\/p>\n\n\n\n<p>Die Fl\u00fcge f\u00fcr Mauritius und Rodrigues habe ich heute gebucht. Eigentlich wollte ich ja mit der F\u00e4hre fahren, nachdem ich mich allerdings \u00fcber die Preis erkundigt habe und die F\u00e4hr\u00fcberfahrten teurer sind als die Fl\u00fcge, habe ich mich dann doch f\u00fcr die schnellere Variante entschieden. \ud83d\ude09&nbsp;Und seekrank kann ich dann auch nicht werden.<\/p>\n\n\n\n<figure class=\"wp-block-gallery has-nested-images columns-default is-cropped wp-block-gallery-1 is-layout-flex wp-block-gallery-is-layout-flex\">\n<figure class=\"wp-block-image size-large\"><img loading=\"lazy\" decoding=\"async\" width=\"1024\" height=\"768\" data-id=\"3070\" src=\"https:\/\/familie-weitgereist.de\/wp-content\/uploads\/2021\/02\/DSCN0125-1024x768.jpg\" alt=\"\" class=\"wp-image-3070\" srcset=\"https:\/\/familie-weitgereist.de\/wp-content\/uploads\/2021\/02\/DSCN0125-1024x768.jpg 1024w, https:\/\/familie-weitgereist.de\/wp-content\/uploads\/2021\/02\/DSCN0125-300x225.jpg 300w, https:\/\/familie-weitgereist.de\/wp-content\/uploads\/2021\/02\/DSCN0125-768x576.jpg 768w, https:\/\/familie-weitgereist.de\/wp-content\/uploads\/2021\/02\/DSCN0125-1536x1152.jpg 1536w, https:\/\/familie-weitgereist.de\/wp-content\/uploads\/2021\/02\/DSCN0125-2048x1536.jpg 2048w, https:\/\/familie-weitgereist.de\/wp-content\/uploads\/2021\/02\/DSCN0125-1200x900.jpg 1200w, https:\/\/familie-weitgereist.de\/wp-content\/uploads\/2021\/02\/DSCN0125-1980x1485.jpg 1980w, https:\/\/familie-weitgereist.de\/wp-content\/uploads\/2021\/02\/DSCN0125-853x640.jpg 853w, https:\/\/familie-weitgereist.de\/wp-content\/uploads\/2021\/02\/DSCN0125-150x113.jpg 150w\" sizes=\"auto, (max-width: 1024px) 100vw, 1024px\" \/><\/figure>\n\n\n\n<figure class=\"wp-block-image size-large\"><img loading=\"lazy\" decoding=\"async\" width=\"1024\" height=\"768\" data-id=\"3069\" src=\"https:\/\/familie-weitgereist.de\/wp-content\/uploads\/2021\/02\/DSCN0028-1024x768.jpg\" alt=\"\" class=\"wp-image-3069\" srcset=\"https:\/\/familie-weitgereist.de\/wp-content\/uploads\/2021\/02\/DSCN0028-1024x768.jpg 1024w, https:\/\/familie-weitgereist.de\/wp-content\/uploads\/2021\/02\/DSCN0028-300x225.jpg 300w, https:\/\/familie-weitgereist.de\/wp-content\/uploads\/2021\/02\/DSCN0028-768x576.jpg 768w, https:\/\/familie-weitgereist.de\/wp-content\/uploads\/2021\/02\/DSCN0028-1536x1152.jpg 1536w, https:\/\/familie-weitgereist.de\/wp-content\/uploads\/2021\/02\/DSCN0028-2048x1536.jpg 2048w, https:\/\/familie-weitgereist.de\/wp-content\/uploads\/2021\/02\/DSCN0028-1200x900.jpg 1200w, https:\/\/familie-weitgereist.de\/wp-content\/uploads\/2021\/02\/DSCN0028-1980x1485.jpg 1980w, https:\/\/familie-weitgereist.de\/wp-content\/uploads\/2021\/02\/DSCN0028-853x640.jpg 853w, https:\/\/familie-weitgereist.de\/wp-content\/uploads\/2021\/02\/DSCN0028-150x113.jpg 150w\" sizes=\"auto, (max-width: 1024px) 100vw, 1024px\" \/><\/figure>\n<figcaption class=\"blocks-gallery-caption\">Rodrigues und Mauritius<\/figcaption><\/figure>\n\n\n\n<p>Mein letztes Wochenende war ziemlich aufregend. Wir sind in den Cirque de Cilaos gefahren und haben einige tolle Wanderungen gemacht. Zu Beginn haben wir uns verlaufen, eigentlich nicht wirklich, aber wir sind wohl etwas von dem richtigen Weg abgekommen. Uppps. Wir sind immer tiefer in ein Flussbett gelaufen \u2026 zum Gl\u00fcck ist noch Trockenzeit. Irgendwann ging es dann nicht mehr weiter und wir mussten an den Steilh\u00e4ngen klettern. Das war nicht gerade leicht mit einem gro\u00dfen Rucksack auf dem R\u00fccken. Aber irgendwie sind wir durchgekommen. Bis es dann gar nicht mehr weiter ging und ein Abhang von ca. 20 Metern folgte. Also mussten wir wieder umdrehen \u2026 Zwischenzeitlich hatte ich wirklich etwas Angst, dass ich abst\u00fcrze. Meine H\u00e4nde hatten kaum mehr Kraft, mein K\u00f6rpergewicht zu halten \u2026 aber, ich hatte Emil und Die Maus dabei. \ud83d\ude42&nbsp;(Die Gl\u00fccksbringer von Philipp und mir, mit denen kann wirklich gar nichts schief gehen! Hihi)<\/p>\n\n\n\n<figure class=\"wp-block-image size-large\"><img loading=\"lazy\" decoding=\"async\" width=\"1024\" height=\"768\" src=\"https:\/\/familie-weitgereist.de\/wp-content\/uploads\/2021\/02\/DSCN0125-1-1024x768.jpg\" alt=\"\" class=\"wp-image-3072\" srcset=\"https:\/\/familie-weitgereist.de\/wp-content\/uploads\/2021\/02\/DSCN0125-1-1024x768.jpg 1024w, https:\/\/familie-weitgereist.de\/wp-content\/uploads\/2021\/02\/DSCN0125-1-300x225.jpg 300w, https:\/\/familie-weitgereist.de\/wp-content\/uploads\/2021\/02\/DSCN0125-1-768x576.jpg 768w, https:\/\/familie-weitgereist.de\/wp-content\/uploads\/2021\/02\/DSCN0125-1-1536x1152.jpg 1536w, https:\/\/familie-weitgereist.de\/wp-content\/uploads\/2021\/02\/DSCN0125-1-2048x1536.jpg 2048w, https:\/\/familie-weitgereist.de\/wp-content\/uploads\/2021\/02\/DSCN0125-1-1200x900.jpg 1200w, https:\/\/familie-weitgereist.de\/wp-content\/uploads\/2021\/02\/DSCN0125-1-1980x1485.jpg 1980w, https:\/\/familie-weitgereist.de\/wp-content\/uploads\/2021\/02\/DSCN0125-1-853x640.jpg 853w, https:\/\/familie-weitgereist.de\/wp-content\/uploads\/2021\/02\/DSCN0125-1-150x113.jpg 150w\" sizes=\"auto, (max-width: 1024px) 100vw, 1024px\" \/><\/figure>\n\n\n\n<p>Auf dem R\u00fcckweg mussten wir mehrmals den Fluss \u00fcberqueren und meine Freundin kam auf die Idee, ihre Schuhe \u00fcber den Fluss zu schmei\u00dfen, leider ist ein Schuh ins Wasser gefallen und wurde abgetrieben. Zum Gl\u00fcck haben wir ihn nach wenigen Metern wieder einsammeln k\u00f6nnen. Das war witzig. Am Abend sind wir dann v\u00f6llig ersch\u00f6pft in Cilaos angekommen, es war schon dunkel und den Zeltplatz hatten wir auch noch nicht gefunden. Gegen 20.00Uhr standen unsere Zelte dann aber und wir konnten \u00fcber den abenteuerlichen Tag lachen. Die n\u00e4chsten Wochenenden sind alle schon komplett verplant. Es gibt noch viel zu sehen auf La R\u00e9union! \ud83d\ude42<\/p>\n\n\n\n<figure class=\"wp-block-image size-large\"><img loading=\"lazy\" decoding=\"async\" width=\"1024\" height=\"768\" src=\"https:\/\/familie-weitgereist.de\/wp-content\/uploads\/2021\/02\/DSCN0226-1024x768.jpg\" alt=\"\" class=\"wp-image-3075\" srcset=\"https:\/\/familie-weitgereist.de\/wp-content\/uploads\/2021\/02\/DSCN0226-1024x768.jpg 1024w, https:\/\/familie-weitgereist.de\/wp-content\/uploads\/2021\/02\/DSCN0226-300x225.jpg 300w, https:\/\/familie-weitgereist.de\/wp-content\/uploads\/2021\/02\/DSCN0226-768x576.jpg 768w, https:\/\/familie-weitgereist.de\/wp-content\/uploads\/2021\/02\/DSCN0226-1536x1152.jpg 1536w, https:\/\/familie-weitgereist.de\/wp-content\/uploads\/2021\/02\/DSCN0226-2048x1536.jpg 2048w, https:\/\/familie-weitgereist.de\/wp-content\/uploads\/2021\/02\/DSCN0226-1200x900.jpg 1200w, https:\/\/familie-weitgereist.de\/wp-content\/uploads\/2021\/02\/DSCN0226-1980x1485.jpg 1980w, https:\/\/familie-weitgereist.de\/wp-content\/uploads\/2021\/02\/DSCN0226-853x640.jpg 853w, https:\/\/familie-weitgereist.de\/wp-content\/uploads\/2021\/02\/DSCN0226-150x113.jpg 150w\" sizes=\"auto, (max-width: 1024px) 100vw, 1024px\" \/><figcaption>Auf La R\u00e9union<\/figcaption><\/figure>\n","protected":false},"excerpt":{"rendered":"<p>Hall\u00f6chen! \ud83d\ude42 &nbsp; Die Zeit verrennt wie im Flug. &nbsp; Mein offizieller Auszug aus meiner kleinen Wohnung wurde auf den 22. November 2012 gelegt. Noch vier Wochen und ich muss adieu sagen \u2026 na ja, dieser Abschied wird mir nicht allzu schwer fallen, schlie\u00dflich ist die Wohnung nicht gerade der Burner. Hihi Die Fl\u00fcge f\u00fcr [&hellip;]<\/p>\n","protected":false},"author":3,"featured_media":3072,"comment_status":"open","ping_status":"open","sticky":false,"template":"","format":"standard","meta":{"_themeisle_gutenberg_block_has_review":false,"footnotes":""},"categories":[257,8,4],"tags":[191,151],"class_list":["post-1045","post","type-post","status-publish","format-standard","has-post-thumbnail","hentry","category-frankreich","category-europa","category-laender","tag-frankreich","tag-la-reunion"],"_links":{"self":[{"href":"https:\/\/familie-weitgereist.de\/index.php?rest_route=\/wp\/v2\/posts\/1045","targetHints":{"allow":["GET"]}}],"collection":[{"href":"https:\/\/familie-weitgereist.de\/index.php?rest_route=\/wp\/v2\/posts"}],"about":[{"href":"https:\/\/familie-weitgereist.de\/index.php?rest_route=\/wp\/v2\/types\/post"}],"author":[{"embeddable":true,"href":"https:\/\/familie-weitgereist.de\/index.php?rest_route=\/wp\/v2\/users\/3"}],"replies":[{"embeddable":true,"href":"https:\/\/familie-weitgereist.de\/index.php?rest_route=%2Fwp%2Fv2%2Fcomments&post=1045"}],"version-history":[{"count":7,"href":"https:\/\/familie-weitgereist.de\/index.php?rest_route=\/wp\/v2\/posts\/1045\/revisions"}],"predecessor-version":[{"id":10070,"href":"https:\/\/familie-weitgereist.de\/index.php?rest_route=\/wp\/v2\/posts\/1045\/revisions\/10070"}],"wp:featuredmedia":[{"embeddable":true,"href":"https:\/\/familie-weitgereist.de\/index.php?rest_route=\/wp\/v2\/media\/3072"}],"wp:attachment":[{"href":"https:\/\/familie-weitgereist.de\/index.php?rest_route=%2Fwp%2Fv2%2Fmedia&parent=1045"}],"wp:term":[{"taxonomy":"category","embeddable":true,"href":"https:\/\/familie-weitgereist.de\/index.php?rest_route=%2Fwp%2Fv2%2Fcategories&post=1045"},{"taxonomy":"post_tag","embeddable":true,"href":"https:\/\/familie-weitgereist.de\/index.php?rest_route=%2Fwp%2Fv2%2Ftags&post=1045"}],"curies":[{"name":"wp","href":"https:\/\/api.w.org\/{rel}","templated":true}]}}