{"id":1043,"date":"2012-11-05T02:37:00","date_gmt":"2012-11-05T01:37:00","guid":{"rendered":"http:\/\/wordpress\/?p=1043"},"modified":"2025-11-08T20:24:36","modified_gmt":"2025-11-08T19:24:36","slug":"ausflug-zum-grand-bassin","status":"publish","type":"post","link":"https:\/\/familie-weitgereist.de\/?p=1043","title":{"rendered":"Ausflug zum Grand Bassin, La R\u00e9union, Frankeich"},"content":{"rendered":"\n<p>Mein Wochenende war wieder so aufregend und toll! Isabell und ich sind am Sonntag nach Grand Bassin gefahren, das ist aber super weit weg von Saint-Denis und mit dem Bus ben\u00f6tigt man dazu ewig und zudem fahren sonntags kaum Busse. Von Saint-Denis bis nach Saint-Beno\u00eet sind wir auch noch mit dem Bus gekommen, blo\u00df bl\u00f6d, dass der 25 Minuten Versp\u00e4tung hatte und wir unseren Anschlussbus verpasst haben. Der n\u00e4chste w\u00e4re um 16.00Uhr gefahren, wir hatten allerdings 9.00Uhr. hihi<\/p>\n\n\n\n<p>Wir haben uns sehr schnell dazu entschieden wieder per Anhalter zu fahren und da wir nur zu zweit waren, war es eigentlich \u00fcberhaupt kein Problem. Insgesamt sind wir bei sechs verschiedenen Leuten mitgefahren und die waren alle so lieb und nett! Die eine Familie war sehr katholisch und hat uns von ihren Glaubenserfahrungen erz\u00e4hlt, der eine war auf dem Weg seine Mama zu besuchen und hatte eine riesen Blumenstrau\u00df im Auto, bei der einen Familie sa\u00dfen wir eingequetscht mit unseren Rucks\u00e4cken im Kofferraum, die andere Frau war Friseurin und hat uns am Ende sogar noch bis zu unserer Haust\u00fcre gefahren. Es war wirklich toll. So viele neue Erlebnisse und Eindr\u00fccke.<\/p>\n\n\n\n<p>Und Grand Bassin war der Hammer! Wir sind ganz schnell runter gelaufen und konnten dann wieder an einem Wasserfall baden. Die Aussicht war so sch\u00f6n, wir sind immer tiefer in diesen kleinen Cirque gelaufen bis zu dem D\u00f6rfchen. Dort wohnen 40 Menschen und wahrscheinlich alle von denen haben eine G\u00e4steh\u00fctte. Die Nacht konnten wir leider nicht dort verbringen, wir hatten am n\u00e4chsten Tag ja wieder tauchen. Das Wetter war wundersch\u00f6n \u2026 ach, es war ein toller Tag! \ud83d\ude42 &nbsp; N\u00e4chstes Wochenende campen wir auf dem Piton des Neiges auf 3071m um dann den Sonnenaufgang zu sehen.<\/p>\n\n\n\n<figure class=\"wp-block-image size-large\"><img loading=\"lazy\" decoding=\"async\" width=\"1024\" height=\"768\" src=\"https:\/\/familie-weitgereist.de\/wp-content\/uploads\/2022\/02\/DSCN0065-3-1024x768.jpg\" alt=\"\" class=\"wp-image-7593\" srcset=\"https:\/\/familie-weitgereist.de\/wp-content\/uploads\/2022\/02\/DSCN0065-3-1024x768.jpg 1024w, https:\/\/familie-weitgereist.de\/wp-content\/uploads\/2022\/02\/DSCN0065-3-300x225.jpg 300w, https:\/\/familie-weitgereist.de\/wp-content\/uploads\/2022\/02\/DSCN0065-3-768x576.jpg 768w, https:\/\/familie-weitgereist.de\/wp-content\/uploads\/2022\/02\/DSCN0065-3-1536x1152.jpg 1536w, https:\/\/familie-weitgereist.de\/wp-content\/uploads\/2022\/02\/DSCN0065-3-2048x1536.jpg 2048w, https:\/\/familie-weitgereist.de\/wp-content\/uploads\/2022\/02\/DSCN0065-3-1200x900.jpg 1200w, https:\/\/familie-weitgereist.de\/wp-content\/uploads\/2022\/02\/DSCN0065-3-1980x1485.jpg 1980w, https:\/\/familie-weitgereist.de\/wp-content\/uploads\/2022\/02\/DSCN0065-3-150x113.jpg 150w\" sizes=\"auto, (max-width: 1024px) 100vw, 1024px\" \/><\/figure>\n","protected":false},"excerpt":{"rendered":"<p>Mein Wochenende war wieder so aufregend und toll! Isabell und ich sind am Sonntag nach Grand Bassin gefahren, das ist aber super weit weg von Saint-Denis und mit dem Bus ben\u00f6tigt man dazu ewig und zudem fahren sonntags kaum Busse. Von Saint-Denis bis nach Saint-Beno\u00eet sind wir auch noch mit dem Bus gekommen, blo\u00df bl\u00f6d, [&hellip;]<\/p>\n","protected":false},"author":3,"featured_media":7593,"comment_status":"open","ping_status":"open","sticky":false,"template":"","format":"standard","meta":{"_themeisle_gutenberg_block_has_review":false,"footnotes":""},"categories":[257,8,4],"tags":[191,173,151],"class_list":["post-1043","post","type-post","status-publish","format-standard","has-post-thumbnail","hentry","category-frankreich","category-europa","category-laender","tag-frankreich","tag-grand-bassin","tag-la-reunion"],"_links":{"self":[{"href":"https:\/\/familie-weitgereist.de\/index.php?rest_route=\/wp\/v2\/posts\/1043","targetHints":{"allow":["GET"]}}],"collection":[{"href":"https:\/\/familie-weitgereist.de\/index.php?rest_route=\/wp\/v2\/posts"}],"about":[{"href":"https:\/\/familie-weitgereist.de\/index.php?rest_route=\/wp\/v2\/types\/post"}],"author":[{"embeddable":true,"href":"https:\/\/familie-weitgereist.de\/index.php?rest_route=\/wp\/v2\/users\/3"}],"replies":[{"embeddable":true,"href":"https:\/\/familie-weitgereist.de\/index.php?rest_route=%2Fwp%2Fv2%2Fcomments&post=1043"}],"version-history":[{"count":6,"href":"https:\/\/familie-weitgereist.de\/index.php?rest_route=\/wp\/v2\/posts\/1043\/revisions"}],"predecessor-version":[{"id":10068,"href":"https:\/\/familie-weitgereist.de\/index.php?rest_route=\/wp\/v2\/posts\/1043\/revisions\/10068"}],"wp:featuredmedia":[{"embeddable":true,"href":"https:\/\/familie-weitgereist.de\/index.php?rest_route=\/wp\/v2\/media\/7593"}],"wp:attachment":[{"href":"https:\/\/familie-weitgereist.de\/index.php?rest_route=%2Fwp%2Fv2%2Fmedia&parent=1043"}],"wp:term":[{"taxonomy":"category","embeddable":true,"href":"https:\/\/familie-weitgereist.de\/index.php?rest_route=%2Fwp%2Fv2%2Fcategories&post=1043"},{"taxonomy":"post_tag","embeddable":true,"href":"https:\/\/familie-weitgereist.de\/index.php?rest_route=%2Fwp%2Fv2%2Ftags&post=1043"}],"curies":[{"name":"wp","href":"https:\/\/api.w.org\/{rel}","templated":true}]}}