{"id":1042,"date":"2012-11-20T22:11:00","date_gmt":"2012-11-20T21:11:00","guid":{"rendered":"http:\/\/wordpress\/?p=1042"},"modified":"2025-11-08T20:24:08","modified_gmt":"2025-11-08T19:24:08","slug":"auszug","status":"publish","type":"post","link":"https:\/\/familie-weitgereist.de\/?p=1042","title":{"rendered":"Auszug aus meiner Wohnung auf La R\u00e9union, Frankreich"},"content":{"rendered":"\n<p>Ich bin im Packstress \u2026 ich hasse packen, das ist wirklich nervig. Ich habe meinen Koffer gepackt und festgestellt, dass er viel zu schwer ist. Momentan ist das ja noch nicht so schlimm, da es eh noch lang hin ist, bis ich heim fliege. Aber ich muss meinen Koffer in den n\u00e4chsten Tagen \/ Wochen mehrmals zu anderen Freunden bringen. Das wird jetzt allerdings weniger ein Problem werden. Meine gro\u00dfe Sorge ist, dass ich das alles wieder mit nach Hause bringen muss. Ich bin mit 21kg gekommen und bin jetzt schon bei 30kg. Oh nein!! Ich habe zwar noch meinen gro\u00dfen Rucksack, welchen ich als Handgep\u00e4ck benutzen werde, aber meine Souvenirs wiegen trotzdem zu viel. Ich hoffe, dass ich bis dahin noch eine L\u00f6sung finden werde \u2026 Im Notfall muss ich eben wieder drei Hosen \u00fcbereinander ziehen und ganz viele T-Shirts anhaben.<\/p>\n\n\n\n<p>Die n\u00e4chsten Wochen lebe ich dann also aus meinem Koffer. Ich komme maximal f\u00fcr zwei bis drei Tage nach La R\u00e9union zur\u00fcck, um dann gleich wieder neue Sachen f\u00fcr ein neues Land einzupacken. Das wird bestimmt eine unvergessliche Zeit. Am 22. 11. 2012 ziehe ich aus. &nbsp;<\/p>\n\n\n\n<figure class=\"wp-block-image size-large\"><img loading=\"lazy\" decoding=\"async\" width=\"1024\" height=\"768\" src=\"https:\/\/familie-weitgereist.de\/wp-content\/uploads\/2022\/02\/DSCN9969-1024x768.jpg\" alt=\"\" class=\"wp-image-7599\" srcset=\"https:\/\/familie-weitgereist.de\/wp-content\/uploads\/2022\/02\/DSCN9969-1024x768.jpg 1024w, https:\/\/familie-weitgereist.de\/wp-content\/uploads\/2022\/02\/DSCN9969-300x225.jpg 300w, https:\/\/familie-weitgereist.de\/wp-content\/uploads\/2022\/02\/DSCN9969-768x576.jpg 768w, https:\/\/familie-weitgereist.de\/wp-content\/uploads\/2022\/02\/DSCN9969-1536x1152.jpg 1536w, https:\/\/familie-weitgereist.de\/wp-content\/uploads\/2022\/02\/DSCN9969-2048x1536.jpg 2048w, https:\/\/familie-weitgereist.de\/wp-content\/uploads\/2022\/02\/DSCN9969-1200x900.jpg 1200w, https:\/\/familie-weitgereist.de\/wp-content\/uploads\/2022\/02\/DSCN9969-1980x1485.jpg 1980w, https:\/\/familie-weitgereist.de\/wp-content\/uploads\/2022\/02\/DSCN9969-150x113.jpg 150w\" sizes=\"auto, (max-width: 1024px) 100vw, 1024px\" \/><figcaption>Meine Wohnung auf La R\u00e9union, 2. Stock, Mitte<\/figcaption><\/figure>\n","protected":false},"excerpt":{"rendered":"<p>Ich bin im Packstress \u2026 ich hasse packen, das ist wirklich nervig. Ich habe meinen Koffer gepackt und festgestellt, dass er viel zu schwer ist. Momentan ist das ja noch nicht so schlimm, da es eh noch lang hin ist, bis ich heim fliege. Aber ich muss meinen Koffer in den n\u00e4chsten Tagen \/ Wochen [&hellip;]<\/p>\n","protected":false},"author":3,"featured_media":7599,"comment_status":"open","ping_status":"open","sticky":false,"template":"","format":"standard","meta":{"_themeisle_gutenberg_block_has_review":false,"footnotes":""},"categories":[257,8,4],"tags":[191,151],"class_list":["post-1042","post","type-post","status-publish","format-standard","has-post-thumbnail","hentry","category-frankreich","category-europa","category-laender","tag-frankreich","tag-la-reunion"],"_links":{"self":[{"href":"https:\/\/familie-weitgereist.de\/index.php?rest_route=\/wp\/v2\/posts\/1042","targetHints":{"allow":["GET"]}}],"collection":[{"href":"https:\/\/familie-weitgereist.de\/index.php?rest_route=\/wp\/v2\/posts"}],"about":[{"href":"https:\/\/familie-weitgereist.de\/index.php?rest_route=\/wp\/v2\/types\/post"}],"author":[{"embeddable":true,"href":"https:\/\/familie-weitgereist.de\/index.php?rest_route=\/wp\/v2\/users\/3"}],"replies":[{"embeddable":true,"href":"https:\/\/familie-weitgereist.de\/index.php?rest_route=%2Fwp%2Fv2%2Fcomments&post=1042"}],"version-history":[{"count":6,"href":"https:\/\/familie-weitgereist.de\/index.php?rest_route=\/wp\/v2\/posts\/1042\/revisions"}],"predecessor-version":[{"id":10067,"href":"https:\/\/familie-weitgereist.de\/index.php?rest_route=\/wp\/v2\/posts\/1042\/revisions\/10067"}],"wp:featuredmedia":[{"embeddable":true,"href":"https:\/\/familie-weitgereist.de\/index.php?rest_route=\/wp\/v2\/media\/7599"}],"wp:attachment":[{"href":"https:\/\/familie-weitgereist.de\/index.php?rest_route=%2Fwp%2Fv2%2Fmedia&parent=1042"}],"wp:term":[{"taxonomy":"category","embeddable":true,"href":"https:\/\/familie-weitgereist.de\/index.php?rest_route=%2Fwp%2Fv2%2Fcategories&post=1042"},{"taxonomy":"post_tag","embeddable":true,"href":"https:\/\/familie-weitgereist.de\/index.php?rest_route=%2Fwp%2Fv2%2Ftags&post=1042"}],"curies":[{"name":"wp","href":"https:\/\/api.w.org\/{rel}","templated":true}]}}