{"id":1041,"date":"2012-11-25T03:06:00","date_gmt":"2012-11-25T02:06:00","guid":{"rendered":"http:\/\/wordpress\/?p=1041"},"modified":"2025-11-08T20:23:36","modified_gmt":"2025-11-08T19:23:36","slug":"das-semester-ist-beendet","status":"publish","type":"post","link":"https:\/\/familie-weitgereist.de\/?p=1041","title":{"rendered":"Semesterende auf La R\u00e9union, Frankreich"},"content":{"rendered":"\n<p>Ich bin ausgezogen &#8230; mein \u00e9tat de lieu (Wohnungsabnahme) hat auch sehr gut geklappt. Er hatte nichts zu beanstanden. hihi Er redete die gesamte Zeit von &#8222;deutscher Ordnung&#8220; und das ich ganz sch\u00f6n viel geputzt h\u00e4tte. Na ja, einmal durch fegen reicht hier wahrscheinlich um die Leute zufrieden zu stellen. Innerhalb der n\u00e4chsten 60 Tage bekomme ich dann meine Kaution zur\u00fcck. Jetzt wohnen wir zu dritt bei Jessica &#8230; Oh l\u00e0 l\u00e0, es ist eng. 19m\u00b2 hat das Zimmer und das Bett ist 1,40m breit und wir drei M\u00e4dels schlafen da, kuscheln extrem! \ud83d\ude42 Aus dem Koffer zu leben ist schon nach zwei Tagen anstrengend, vor allem, da hier ja nicht nur mein Koffer rum steht. Isa hat auch so viele Sachen. hihi Ich finde gar nix, aber man gew\u00f6hnt sich ja an alles. \ud83d\ude42\u00a0Wenigstens habe ich immer Gesellschaft und es wird nie langweilig.<\/p>\n\n\n\n<div id=\"wp-block-themeisle-blocks-slider-246eec55\" class=\"wp-block-themeisle-blocks-slider glide\" data-per-view=\"1\" data-gap=\"0\" data-peek=\"0\" data-autoplay=\"true\" data-height=\"400px\" data-hide-arrows=\"false\"><div class=\"glide__track\" data-glide-el=\"track\"><div class=\"glide__slides\"><div class=\"wp-block-themeisle-blocks-slider-item-wrapper glide__slide\" tabindex=\"0\"><figure><img decoding=\"async\" class=\"wp-block-themeisle-blocks-slider-item\" src=\"https:\/\/familie-weitgereist.de\/wp-content\/uploads\/2022\/07\/DSCN0014-scaled.jpg\" alt=\"\" title=\"\" data-id=\"10126\"\/><\/figure><\/div><div class=\"wp-block-themeisle-blocks-slider-item-wrapper glide__slide\" tabindex=\"0\"><figure><img decoding=\"async\" class=\"wp-block-themeisle-blocks-slider-item\" src=\"https:\/\/familie-weitgereist.de\/wp-content\/uploads\/2022\/07\/DSCN0105-scaled.jpg\" alt=\"\" title=\"\" data-id=\"10127\"\/><\/figure><\/div><div class=\"wp-block-themeisle-blocks-slider-item-wrapper glide__slide\" tabindex=\"0\"><figure><img decoding=\"async\" class=\"wp-block-themeisle-blocks-slider-item\" src=\"https:\/\/familie-weitgereist.de\/wp-content\/uploads\/2022\/07\/DSCN0194-scaled.jpg\" alt=\"\" title=\"\" data-id=\"10129\"\/><\/figure><\/div><div class=\"wp-block-themeisle-blocks-slider-item-wrapper glide__slide\" tabindex=\"0\"><figure><img decoding=\"async\" class=\"wp-block-themeisle-blocks-slider-item\" src=\"https:\/\/familie-weitgereist.de\/wp-content\/uploads\/2022\/07\/DSCN0211-scaled.jpg\" alt=\"\" title=\"\" data-id=\"10131\"\/><\/figure><\/div><div class=\"wp-block-themeisle-blocks-slider-item-wrapper glide__slide\" tabindex=\"0\"><figure><img decoding=\"async\" class=\"wp-block-themeisle-blocks-slider-item\" src=\"https:\/\/familie-weitgereist.de\/wp-content\/uploads\/2022\/07\/DSCN0321-scaled.jpg\" alt=\"\" title=\"\" data-id=\"10132\"\/><\/figure><\/div><\/div><div class=\"glide__bullets\" data-glide-el=\"controls[nav]\"><button class=\"glide__bullet\" data-glide-dir=\"=0\"><\/button><button class=\"glide__bullet\" data-glide-dir=\"=1\"><\/button><button class=\"glide__bullet\" data-glide-dir=\"=2\"><\/button><button class=\"glide__bullet\" data-glide-dir=\"=3\"><\/button><button class=\"glide__bullet\" data-glide-dir=\"=4\"><\/button><\/div><\/div><\/div>\n\n\n\n<p>Und kochen k\u00f6nnen die zwei auch super. hehe Ich schnibbele immer das Gem\u00fcse und sie machen dann den Rest. In 3 Tagen fliegen Isa und ich auch schon nach Mayotte! Ich freue mich voll darauf!<\/p>\n","protected":false},"excerpt":{"rendered":"<p>Ich bin ausgezogen &#8230; mein \u00e9tat de lieu (Wohnungsabnahme) hat auch sehr gut geklappt. Er hatte nichts zu beanstanden. hihi Er redete die gesamte Zeit von &#8222;deutscher Ordnung&#8220; und das ich ganz sch\u00f6n viel geputzt h\u00e4tte. Na ja, einmal durch fegen reicht hier wahrscheinlich um die Leute zufrieden zu stellen. Innerhalb der n\u00e4chsten 60 Tage [&hellip;]<\/p>\n","protected":false},"author":3,"featured_media":10131,"comment_status":"open","ping_status":"open","sticky":false,"template":"","format":"standard","meta":{"_themeisle_gutenberg_block_has_review":false,"footnotes":""},"categories":[257,8,4],"tags":[191,151],"class_list":["post-1041","post","type-post","status-publish","format-standard","has-post-thumbnail","hentry","category-frankreich","category-europa","category-laender","tag-frankreich","tag-la-reunion"],"_links":{"self":[{"href":"https:\/\/familie-weitgereist.de\/index.php?rest_route=\/wp\/v2\/posts\/1041","targetHints":{"allow":["GET"]}}],"collection":[{"href":"https:\/\/familie-weitgereist.de\/index.php?rest_route=\/wp\/v2\/posts"}],"about":[{"href":"https:\/\/familie-weitgereist.de\/index.php?rest_route=\/wp\/v2\/types\/post"}],"author":[{"embeddable":true,"href":"https:\/\/familie-weitgereist.de\/index.php?rest_route=\/wp\/v2\/users\/3"}],"replies":[{"embeddable":true,"href":"https:\/\/familie-weitgereist.de\/index.php?rest_route=%2Fwp%2Fv2%2Fcomments&post=1041"}],"version-history":[{"count":7,"href":"https:\/\/familie-weitgereist.de\/index.php?rest_route=\/wp\/v2\/posts\/1041\/revisions"}],"predecessor-version":[{"id":10134,"href":"https:\/\/familie-weitgereist.de\/index.php?rest_route=\/wp\/v2\/posts\/1041\/revisions\/10134"}],"wp:featuredmedia":[{"embeddable":true,"href":"https:\/\/familie-weitgereist.de\/index.php?rest_route=\/wp\/v2\/media\/10131"}],"wp:attachment":[{"href":"https:\/\/familie-weitgereist.de\/index.php?rest_route=%2Fwp%2Fv2%2Fmedia&parent=1041"}],"wp:term":[{"taxonomy":"category","embeddable":true,"href":"https:\/\/familie-weitgereist.de\/index.php?rest_route=%2Fwp%2Fv2%2Fcategories&post=1041"},{"taxonomy":"post_tag","embeddable":true,"href":"https:\/\/familie-weitgereist.de\/index.php?rest_route=%2Fwp%2Fv2%2Ftags&post=1041"}],"curies":[{"name":"wp","href":"https:\/\/api.w.org\/{rel}","templated":true}]}}