{"id":1037,"date":"2013-08-11T09:42:00","date_gmt":"2013-08-11T07:42:00","guid":{"rendered":"http:\/\/wordpress\/?p=1037"},"modified":"2025-11-08T20:18:05","modified_gmt":"2025-11-08T19:18:05","slug":"budapest-ungarn","status":"publish","type":"post","link":"https:\/\/familie-weitgereist.de\/?p=1037","title":{"rendered":"St\u00e4dtetrip Budapest, Ungarn"},"content":{"rendered":"\n<p>Wir sind schon seit zwei Tagen in Budapest und hier ist es wirklich sch\u00f6n.<\/p>\n\n\n\n<div id=\"wp-block-themeisle-blocks-slider-c24b47df\" class=\"wp-block-themeisle-blocks-slider glide\" data-per-view=\"1\" data-gap=\"0\" data-peek=\"0\" data-autoplay=\"true\" data-height=\"400px\" data-hide-arrows=\"false\"><div class=\"glide__track\" data-glide-el=\"track\"><div class=\"glide__slides\"><div class=\"wp-block-themeisle-blocks-slider-item-wrapper glide__slide\" tabindex=\"0\"><figure><img decoding=\"async\" class=\"wp-block-themeisle-blocks-slider-item\" src=\"https:\/\/familie-weitgereist.de\/wp-content\/uploads\/2022\/07\/DSCN0007-scaled.jpg\" alt=\"\" title=\"\" data-id=\"10183\"\/><\/figure><\/div><div class=\"wp-block-themeisle-blocks-slider-item-wrapper glide__slide\" tabindex=\"0\"><figure><img decoding=\"async\" class=\"wp-block-themeisle-blocks-slider-item\" src=\"https:\/\/familie-weitgereist.de\/wp-content\/uploads\/2022\/07\/DSCN0010-scaled.jpg\" alt=\"\" title=\"\" data-id=\"10184\"\/><\/figure><\/div><div class=\"wp-block-themeisle-blocks-slider-item-wrapper glide__slide\" tabindex=\"0\"><figure><img decoding=\"async\" class=\"wp-block-themeisle-blocks-slider-item\" src=\"https:\/\/familie-weitgereist.de\/wp-content\/uploads\/2022\/07\/DSCN0019-scaled.jpg\" alt=\"\" title=\"\" data-id=\"10185\"\/><\/figure><\/div><div class=\"wp-block-themeisle-blocks-slider-item-wrapper glide__slide\" tabindex=\"0\"><figure><img decoding=\"async\" class=\"wp-block-themeisle-blocks-slider-item\" src=\"https:\/\/familie-weitgereist.de\/wp-content\/uploads\/2022\/07\/DSCN0026-scaled.jpg\" alt=\"\" title=\"\" data-id=\"10186\"\/><\/figure><\/div><div class=\"wp-block-themeisle-blocks-slider-item-wrapper glide__slide\" tabindex=\"0\"><figure><img decoding=\"async\" class=\"wp-block-themeisle-blocks-slider-item\" src=\"https:\/\/familie-weitgereist.de\/wp-content\/uploads\/2022\/07\/DSCN0027-scaled.jpg\" alt=\"\" title=\"\" data-id=\"10187\"\/><\/figure><\/div><\/div><div class=\"glide__bullets\" data-glide-el=\"controls[nav]\"><button class=\"glide__bullet\" data-glide-dir=\"=0\"><\/button><button class=\"glide__bullet\" data-glide-dir=\"=1\"><\/button><button class=\"glide__bullet\" data-glide-dir=\"=2\"><\/button><button class=\"glide__bullet\" data-glide-dir=\"=3\"><\/button><button class=\"glide__bullet\" data-glide-dir=\"=4\"><\/button><\/div><\/div><\/div>\n\n\n\n<p>Nach der extrem stressigen Zugfahrt, waren wir so froh, endlich das Einfahrtsschild &#8222;Budapest-Keleti&#8220; zu sehen. In dem Zug gab es kaum Platz, er war total \u00fcberf\u00fcllt, es war zu warm und stickig und wir konnten kaum schlafen. Aber wie meine Freundin Franzi gesagt hat, w\u00e4re es ja schade gewesen, wenn wir uns das Highlight schlafend entgehen lassen h\u00e4tten. Hihi<\/p>\n\n\n\n<p>Budapest ist wirklich, wirklich sch\u00f6n! \ud83d\ude42 Gestern waren wir auf dem Burgberg und haben uns das Schloss angeschaut, ganz viele tolle, alte H\u00e4user und viele Statuen. Der Blick auf die Stadt war auch sehr sch\u00f6n.<\/p>\n\n\n\n<p>Am Nachmittag sind wir zur Kettenbr\u00fccke gelaufen und an der Donau spazieren gegangen. \ud83d\ude42<br>Mal schauen was der heutige Tag so bringt. Wir wollen auf den Gellertberg.<br>Ich bin schon gespannt.<\/p>\n\n\n\n<p>Alles ist super, das Wetter ist traumhaft und das Hostel ist auch ganz okay.<\/p>\n","protected":false},"excerpt":{"rendered":"<p>Wir sind schon seit zwei Tagen in Budapest und hier ist es wirklich sch\u00f6n. Nach der extrem stressigen Zugfahrt, waren wir so froh, endlich das Einfahrtsschild &#8222;Budapest-Keleti&#8220; zu sehen. In dem Zug gab es kaum Platz, er war total \u00fcberf\u00fcllt, es war zu warm und stickig und wir konnten kaum schlafen. Aber wie meine Freundin [&hellip;]<\/p>\n","protected":false},"author":3,"featured_media":10185,"comment_status":"open","ping_status":"open","sticky":false,"template":"","format":"standard","meta":{"_themeisle_gutenberg_block_has_review":false,"footnotes":""},"categories":[263,8,4],"tags":[168,167],"class_list":["post-1037","post","type-post","status-publish","format-standard","has-post-thumbnail","hentry","category-ungarn","category-europa","category-laender","tag-budapest","tag-ungarn"],"_links":{"self":[{"href":"https:\/\/familie-weitgereist.de\/index.php?rest_route=\/wp\/v2\/posts\/1037","targetHints":{"allow":["GET"]}}],"collection":[{"href":"https:\/\/familie-weitgereist.de\/index.php?rest_route=\/wp\/v2\/posts"}],"about":[{"href":"https:\/\/familie-weitgereist.de\/index.php?rest_route=\/wp\/v2\/types\/post"}],"author":[{"embeddable":true,"href":"https:\/\/familie-weitgereist.de\/index.php?rest_route=\/wp\/v2\/users\/3"}],"replies":[{"embeddable":true,"href":"https:\/\/familie-weitgereist.de\/index.php?rest_route=%2Fwp%2Fv2%2Fcomments&post=1037"}],"version-history":[{"count":8,"href":"https:\/\/familie-weitgereist.de\/index.php?rest_route=\/wp\/v2\/posts\/1037\/revisions"}],"predecessor-version":[{"id":23968,"href":"https:\/\/familie-weitgereist.de\/index.php?rest_route=\/wp\/v2\/posts\/1037\/revisions\/23968"}],"wp:featuredmedia":[{"embeddable":true,"href":"https:\/\/familie-weitgereist.de\/index.php?rest_route=\/wp\/v2\/media\/10185"}],"wp:attachment":[{"href":"https:\/\/familie-weitgereist.de\/index.php?rest_route=%2Fwp%2Fv2%2Fmedia&parent=1037"}],"wp:term":[{"taxonomy":"category","embeddable":true,"href":"https:\/\/familie-weitgereist.de\/index.php?rest_route=%2Fwp%2Fv2%2Fcategories&post=1037"},{"taxonomy":"post_tag","embeddable":true,"href":"https:\/\/familie-weitgereist.de\/index.php?rest_route=%2Fwp%2Fv2%2Ftags&post=1037"}],"curies":[{"name":"wp","href":"https:\/\/api.w.org\/{rel}","templated":true}]}}