{"id":1035,"date":"2013-08-16T18:04:00","date_gmt":"2013-08-16T16:04:00","guid":{"rendered":"http:\/\/wordpress\/?p=1035"},"modified":"2025-11-08T20:16:10","modified_gmt":"2025-11-08T19:16:10","slug":"sibiu-rumaenien","status":"publish","type":"post","link":"https:\/\/familie-weitgereist.de\/?p=1035","title":{"rendered":"Entdeckungen in Sibiu, Rum\u00e4nien"},"content":{"rendered":"\n<p>Juhu, endlich sind wir in Rum\u00e4nien angekommen. Die Fahrt nach Sibiu von Lillaf\u00fcred war wirklich eine Odyssee. Hihi Ca. 20 Stunden haben wir gebraucht. Aber kein Wunder, wenn selbst die Schnellz\u00fcge mit einer Durchschnittsgeschwindigkeit von 35km\/h dahin schleichen.\u00a0 \u00a0<\/p>\n\n\n\n<p>Ich dachte wir kommen nie an &#8230; Und ich war sooo m\u00fcde! Keine Ahnung wie Phili das immer schafft ohne Schlaf, aber mich kippt es dann fast aus den Sandalen.<\/p>\n\n\n\n<figure class=\"wp-block-image size-large\"><img loading=\"lazy\" decoding=\"async\" width=\"1024\" height=\"176\" src=\"https:\/\/familie-weitgereist.de\/wp-content\/uploads\/2022\/07\/2013-08-16-20.58.26-2-1024x176.jpg\" alt=\"\" class=\"wp-image-10200\" srcset=\"https:\/\/familie-weitgereist.de\/wp-content\/uploads\/2022\/07\/2013-08-16-20.58.26-2-1024x176.jpg 1024w, https:\/\/familie-weitgereist.de\/wp-content\/uploads\/2022\/07\/2013-08-16-20.58.26-2-300x52.jpg 300w, https:\/\/familie-weitgereist.de\/wp-content\/uploads\/2022\/07\/2013-08-16-20.58.26-2-768x132.jpg 768w, https:\/\/familie-weitgereist.de\/wp-content\/uploads\/2022\/07\/2013-08-16-20.58.26-2-1536x265.jpg 1536w, https:\/\/familie-weitgereist.de\/wp-content\/uploads\/2022\/07\/2013-08-16-20.58.26-2-2048x353.jpg 2048w, https:\/\/familie-weitgereist.de\/wp-content\/uploads\/2022\/07\/2013-08-16-20.58.26-2-1200x207.jpg 1200w, https:\/\/familie-weitgereist.de\/wp-content\/uploads\/2022\/07\/2013-08-16-20.58.26-2-1980x341.jpg 1980w, https:\/\/familie-weitgereist.de\/wp-content\/uploads\/2022\/07\/2013-08-16-20.58.26-2-150x26.jpg 150w\" sizes=\"auto, (max-width: 1024px) 100vw, 1024px\" \/><figcaption class=\"wp-element-caption\">Sibiu am Abend<\/figcaption><\/figure>\n\n\n\n<p>Als wir Ungarn verlassen h\u00e4tten, wurden die Z\u00fcge irgendwie schlagartig langsamer und schrecklich unp\u00fcnktlich.\u00a0In Debrecen hatten wir uns nur ein Ticket bis Cluj-Napoca gekauft, aber da wir dort erst um 22:38 Uhr angekommen waren und kein Schlafplatz in Sicht war, haben wir uns entschieden gleich weiter zu fahren. Puh &#8230; das war eine lange Nacht. Von Cluj ging es nach Copsa Mica und dort hatten wir mit ein paar Hunden, zwei rum\u00e4nischen Bahnhofsangestellten und sonst nichts als Dunkelheit und vier einsame Gleise, \u00fcber 90 Minuten Wartezeit. War jetzt nicht so prickelnd &#8230; und es war kalt, kalt, kalt. Au\u00dferdem hatten wir uns den ganzen Tag von nichts anderem als Vanille Keksen ern\u00e4hrt.<br>Wir waren hungrig, m\u00fcde und es war kalt &#8230;<\/p>\n\n\n\n<figure class=\"wp-block-image size-large\"><img loading=\"lazy\" decoding=\"async\" width=\"1024\" height=\"768\" src=\"https:\/\/familie-weitgereist.de\/wp-content\/uploads\/2022\/07\/DSCN0128-2-1024x768.jpg\" alt=\"\" class=\"wp-image-10206\" srcset=\"https:\/\/familie-weitgereist.de\/wp-content\/uploads\/2022\/07\/DSCN0128-2-1024x768.jpg 1024w, https:\/\/familie-weitgereist.de\/wp-content\/uploads\/2022\/07\/DSCN0128-2-300x225.jpg 300w, https:\/\/familie-weitgereist.de\/wp-content\/uploads\/2022\/07\/DSCN0128-2-768x576.jpg 768w, https:\/\/familie-weitgereist.de\/wp-content\/uploads\/2022\/07\/DSCN0128-2-1536x1152.jpg 1536w, https:\/\/familie-weitgereist.de\/wp-content\/uploads\/2022\/07\/DSCN0128-2-2048x1536.jpg 2048w, https:\/\/familie-weitgereist.de\/wp-content\/uploads\/2022\/07\/DSCN0128-2-1200x900.jpg 1200w, https:\/\/familie-weitgereist.de\/wp-content\/uploads\/2022\/07\/DSCN0128-2-1980x1485.jpg 1980w, https:\/\/familie-weitgereist.de\/wp-content\/uploads\/2022\/07\/DSCN0128-2-150x113.jpg 150w\" sizes=\"auto, (max-width: 1024px) 100vw, 1024px\" \/><\/figure>\n\n\n\n<p>Irgendwann kam der Zug dann und es ging im Schneckentempo nach Sibiu. Um 8 Uhr waren wir am Hostel &#8222;El Padre&#8220;. Der Typ hat selbst noch geschlafen, aber er hat uns sofort ein nettes Doppelhochbett angeboten und endlich konnten wir schlafen. \ud83d\ude42 \u00a0<\/p>\n\n\n\n<p>Am Nachmittag haben wir uns Sibiu angeschaut und die Stadt ist wundersch\u00f6n.<br>Es hat sich also alles wirklich gelohnt. Mal schauen was uns noch erwartet. Jetzt gibt es erstmal lecker Essen aus dem Lidl. \ud83d\ude00<\/p>\n","protected":false},"excerpt":{"rendered":"<p>Juhu, endlich sind wir in Rum\u00e4nien angekommen. Die Fahrt nach Sibiu von Lillaf\u00fcred war wirklich eine Odyssee. Hihi Ca. 20 Stunden haben wir gebraucht. Aber kein Wunder, wenn selbst die Schnellz\u00fcge mit einer Durchschnittsgeschwindigkeit von 35km\/h dahin schleichen.\u00a0 \u00a0 Ich dachte wir kommen nie an &#8230; Und ich war sooo m\u00fcde! Keine Ahnung wie Phili [&hellip;]<\/p>\n","protected":false},"author":3,"featured_media":10206,"comment_status":"open","ping_status":"open","sticky":false,"template":"","format":"standard","meta":{"_themeisle_gutenberg_block_has_review":false,"footnotes":""},"categories":[261,8,4],"tags":[163,165],"class_list":["post-1035","post","type-post","status-publish","format-standard","has-post-thumbnail","hentry","category-rumaenien","category-europa","category-laender","tag-rumaenien","tag-sibiu"],"_links":{"self":[{"href":"https:\/\/familie-weitgereist.de\/index.php?rest_route=\/wp\/v2\/posts\/1035","targetHints":{"allow":["GET"]}}],"collection":[{"href":"https:\/\/familie-weitgereist.de\/index.php?rest_route=\/wp\/v2\/posts"}],"about":[{"href":"https:\/\/familie-weitgereist.de\/index.php?rest_route=\/wp\/v2\/types\/post"}],"author":[{"embeddable":true,"href":"https:\/\/familie-weitgereist.de\/index.php?rest_route=\/wp\/v2\/users\/3"}],"replies":[{"embeddable":true,"href":"https:\/\/familie-weitgereist.de\/index.php?rest_route=%2Fwp%2Fv2%2Fcomments&post=1035"}],"version-history":[{"count":8,"href":"https:\/\/familie-weitgereist.de\/index.php?rest_route=\/wp\/v2\/posts\/1035\/revisions"}],"predecessor-version":[{"id":23967,"href":"https:\/\/familie-weitgereist.de\/index.php?rest_route=\/wp\/v2\/posts\/1035\/revisions\/23967"}],"wp:featuredmedia":[{"embeddable":true,"href":"https:\/\/familie-weitgereist.de\/index.php?rest_route=\/wp\/v2\/media\/10206"}],"wp:attachment":[{"href":"https:\/\/familie-weitgereist.de\/index.php?rest_route=%2Fwp%2Fv2%2Fmedia&parent=1035"}],"wp:term":[{"taxonomy":"category","embeddable":true,"href":"https:\/\/familie-weitgereist.de\/index.php?rest_route=%2Fwp%2Fv2%2Fcategories&post=1035"},{"taxonomy":"post_tag","embeddable":true,"href":"https:\/\/familie-weitgereist.de\/index.php?rest_route=%2Fwp%2Fv2%2Ftags&post=1035"}],"curies":[{"name":"wp","href":"https:\/\/api.w.org\/{rel}","templated":true}]}}