{"id":1034,"date":"2013-08-22T17:15:00","date_gmt":"2013-08-22T15:15:00","guid":{"rendered":"http:\/\/wordpress\/?p=1034"},"modified":"2025-11-08T20:14:14","modified_gmt":"2025-11-08T19:14:14","slug":"brasov-rumaenien","status":"publish","type":"post","link":"https:\/\/familie-weitgereist.de\/?p=1034","title":{"rendered":"Erkundung von Bra\u015fov, Rum\u00e4nien"},"content":{"rendered":"\n<p>Die letzten zwei Tage waren echt sch\u00f6n. \ud83d\ude42 Von Bra\u015fov haben wir uns zwar etwas mehr erwartet, aber vielleicht waren wir auch einfach von Sibiu und Sighi\u015foara verw\u00f6hnt. Bra\u015fov hat trotzdem einiges an Sch\u00f6nheit&nbsp;zu bieten. Die Karpaten sind direkt vor der T\u00fcr und die Altstadt ist zwar klein aber fein. Das Schloss ist etwas runter gekommen, daf\u00fcr muss man aber keinen Eintritt bezahlen. \ud83d\ude09<\/p>\n\n\n\n<figure class=\"wp-block-image size-large\"><img loading=\"lazy\" decoding=\"async\" width=\"1024\" height=\"768\" src=\"https:\/\/familie-weitgereist.de\/wp-content\/uploads\/2022\/02\/DSCN0371-1024x768.jpg\" alt=\"\" class=\"wp-image-7580\" srcset=\"https:\/\/familie-weitgereist.de\/wp-content\/uploads\/2022\/02\/DSCN0371-1024x768.jpg 1024w, https:\/\/familie-weitgereist.de\/wp-content\/uploads\/2022\/02\/DSCN0371-300x225.jpg 300w, https:\/\/familie-weitgereist.de\/wp-content\/uploads\/2022\/02\/DSCN0371-768x576.jpg 768w, https:\/\/familie-weitgereist.de\/wp-content\/uploads\/2022\/02\/DSCN0371-1536x1152.jpg 1536w, https:\/\/familie-weitgereist.de\/wp-content\/uploads\/2022\/02\/DSCN0371-2048x1536.jpg 2048w, https:\/\/familie-weitgereist.de\/wp-content\/uploads\/2022\/02\/DSCN0371-1200x900.jpg 1200w, https:\/\/familie-weitgereist.de\/wp-content\/uploads\/2022\/02\/DSCN0371-1980x1485.jpg 1980w, https:\/\/familie-weitgereist.de\/wp-content\/uploads\/2022\/02\/DSCN0371-150x113.jpg 150w\" sizes=\"auto, (max-width: 1024px) 100vw, 1024px\" \/><figcaption>Schloss von Graf Dracula<\/figcaption><\/figure>\n\n\n\n<p>Nachdem wir uns Bra\u015fov angeschaut haben, sind wir am n\u00e4chsten Tag zum Schloss Bran gefahren, dem ber\u00fchmt, ber\u00fcchtigtem Schloss von Graf Dracula. Dieser soll angeblich vier Jahre auf der Burg gelebt haben, sicher ist das aber nicht.<\/p>\n\n\n\n<p>Als wir aus dem Bus ausgestiegen sind, waren wir von der Menge an Touris \u00fcberrascht. Wo sind die denn auf einmal alle hergekommen? Sonst begegnen wir kaum jemanden. Nicht mal in den Hostels, da haben wir 6 Bettzimmer f\u00fcr uns allein.<\/p>\n\n\n\n<p>Das Schloss war jedenfalls cool!<\/p>\n\n\n\n<div id=\"wp-block-themeisle-blocks-slider-67badb31\" class=\"wp-block-themeisle-blocks-slider glide\" data-per-view=\"1\" data-gap=\"0\" data-peek=\"0\" data-autoplay=\"true\" data-height=\"400px\" data-hide-arrows=\"false\"><div class=\"glide__track\" data-glide-el=\"track\"><div class=\"glide__slides\"><div class=\"wp-block-themeisle-blocks-slider-item-wrapper glide__slide\" tabindex=\"0\"><figure><img decoding=\"async\" class=\"wp-block-themeisle-blocks-slider-item\" src=\"https:\/\/familie-weitgereist.de\/wp-content\/uploads\/2022\/02\/DSCN0315-scaled.jpg\" alt=\"\" title=\"\" data-id=\"7582\"\/><\/figure><\/div><div class=\"wp-block-themeisle-blocks-slider-item-wrapper glide__slide\" tabindex=\"0\"><figure><img decoding=\"async\" class=\"wp-block-themeisle-blocks-slider-item\" src=\"https:\/\/familie-weitgereist.de\/wp-content\/uploads\/2022\/02\/DSCN0331-scaled.jpg\" alt=\"\" title=\"\" data-id=\"7584\"\/><\/figure><\/div><div class=\"wp-block-themeisle-blocks-slider-item-wrapper glide__slide\" tabindex=\"0\"><figure><img decoding=\"async\" class=\"wp-block-themeisle-blocks-slider-item\" src=\"https:\/\/familie-weitgereist.de\/wp-content\/uploads\/2022\/02\/DSCN0343-scaled.jpg\" alt=\"\" title=\"\" data-id=\"7586\"\/><\/figure><\/div><div class=\"wp-block-themeisle-blocks-slider-item-wrapper glide__slide\" tabindex=\"0\"><figure><img decoding=\"async\" class=\"wp-block-themeisle-blocks-slider-item\" src=\"https:\/\/familie-weitgereist.de\/wp-content\/uploads\/2022\/02\/DSCN0364-scaled.jpg\" alt=\"\" title=\"\" data-id=\"7587\"\/><\/figure><\/div><\/div><div class=\"glide__bullets\" data-glide-el=\"controls[nav]\"><button class=\"glide__bullet\" data-glide-dir=\"=0\"><\/button><button class=\"glide__bullet\" data-glide-dir=\"=1\"><\/button><button class=\"glide__bullet\" data-glide-dir=\"=2\"><\/button><button class=\"glide__bullet\" data-glide-dir=\"=3\"><\/button><\/div><\/div><\/div>\n\n\n\n<p>Heute haben wir uns die Bauernburg R\u00e2\u015fnov angeschaut, vielleicht besser bekannt als Burg Rosenau. Die Sachsen waren auch hier wieder sehr aktiv. Die Burg war auch toll. Seit 1355 thront sie auf dem Berg.<\/p>\n\n\n\n<figure class=\"wp-block-image size-large\"><img loading=\"lazy\" decoding=\"async\" width=\"1024\" height=\"768\" src=\"https:\/\/familie-weitgereist.de\/wp-content\/uploads\/2022\/02\/DSCN0392-1024x768.jpg\" alt=\"\" class=\"wp-image-7583\" srcset=\"https:\/\/familie-weitgereist.de\/wp-content\/uploads\/2022\/02\/DSCN0392-1024x768.jpg 1024w, https:\/\/familie-weitgereist.de\/wp-content\/uploads\/2022\/02\/DSCN0392-300x225.jpg 300w, https:\/\/familie-weitgereist.de\/wp-content\/uploads\/2022\/02\/DSCN0392-768x576.jpg 768w, https:\/\/familie-weitgereist.de\/wp-content\/uploads\/2022\/02\/DSCN0392-1536x1152.jpg 1536w, https:\/\/familie-weitgereist.de\/wp-content\/uploads\/2022\/02\/DSCN0392-2048x1536.jpg 2048w, https:\/\/familie-weitgereist.de\/wp-content\/uploads\/2022\/02\/DSCN0392-1200x900.jpg 1200w, https:\/\/familie-weitgereist.de\/wp-content\/uploads\/2022\/02\/DSCN0392-1980x1485.jpg 1980w, https:\/\/familie-weitgereist.de\/wp-content\/uploads\/2022\/02\/DSCN0392-150x113.jpg 150w\" sizes=\"auto, (max-width: 1024px) 100vw, 1024px\" \/><figcaption>Die Bauernburg R\u00e2\u015fnov<\/figcaption><\/figure>\n\n\n\n<p>Ich glaube die Highlights von Siebenb\u00fcrgen haben wir gesehen.<\/p>\n\n\n\n<p>Morgen wollen wir weiter nach Bukarest und das ist irgendwie gerade richtig stressig &#8230;<br>Bukarest scheint teuer zu sein und wir finden irgendwie kein tolles Hostel &#8230; Ich hoffe das Problem hat sich bis morgen gegeben. Irgendwie m\u00fcssen wir was f\u00fcr zwei N\u00e4chte finden.<\/p>\n\n\n\n<p>Ich hoffe Bukarest wird toll!<\/p>\n","protected":false},"excerpt":{"rendered":"<p>Die letzten zwei Tage waren echt sch\u00f6n. \ud83d\ude42 Von Bra\u015fov haben wir uns zwar etwas mehr erwartet, aber vielleicht waren wir auch einfach von Sibiu und Sighi\u015foara verw\u00f6hnt. Bra\u015fov hat trotzdem einiges an Sch\u00f6nheit&nbsp;zu bieten. Die Karpaten sind direkt vor der T\u00fcr und die Altstadt ist zwar klein aber fein. Das Schloss ist etwas runter [&hellip;]<\/p>\n","protected":false},"author":3,"featured_media":7582,"comment_status":"open","ping_status":"open","sticky":false,"template":"","format":"standard","meta":{"_themeisle_gutenberg_block_has_review":false,"footnotes":""},"categories":[261,8,4],"tags":[164,1809,1810,163,1808],"class_list":["post-1034","post","type-post","status-publish","format-standard","has-post-thumbnail","hentry","category-rumaenien","category-europa","category-laender","tag-brasov","tag-burg-rosenau","tag-rasnov","tag-rumaenien","tag-schloss-bran"],"_links":{"self":[{"href":"https:\/\/familie-weitgereist.de\/index.php?rest_route=\/wp\/v2\/posts\/1034","targetHints":{"allow":["GET"]}}],"collection":[{"href":"https:\/\/familie-weitgereist.de\/index.php?rest_route=\/wp\/v2\/posts"}],"about":[{"href":"https:\/\/familie-weitgereist.de\/index.php?rest_route=\/wp\/v2\/types\/post"}],"author":[{"embeddable":true,"href":"https:\/\/familie-weitgereist.de\/index.php?rest_route=\/wp\/v2\/users\/3"}],"replies":[{"embeddable":true,"href":"https:\/\/familie-weitgereist.de\/index.php?rest_route=%2Fwp%2Fv2%2Fcomments&post=1034"}],"version-history":[{"count":11,"href":"https:\/\/familie-weitgereist.de\/index.php?rest_route=\/wp\/v2\/posts\/1034\/revisions"}],"predecessor-version":[{"id":9688,"href":"https:\/\/familie-weitgereist.de\/index.php?rest_route=\/wp\/v2\/posts\/1034\/revisions\/9688"}],"wp:featuredmedia":[{"embeddable":true,"href":"https:\/\/familie-weitgereist.de\/index.php?rest_route=\/wp\/v2\/media\/7582"}],"wp:attachment":[{"href":"https:\/\/familie-weitgereist.de\/index.php?rest_route=%2Fwp%2Fv2%2Fmedia&parent=1034"}],"wp:term":[{"taxonomy":"category","embeddable":true,"href":"https:\/\/familie-weitgereist.de\/index.php?rest_route=%2Fwp%2Fv2%2Fcategories&post=1034"},{"taxonomy":"post_tag","embeddable":true,"href":"https:\/\/familie-weitgereist.de\/index.php?rest_route=%2Fwp%2Fv2%2Ftags&post=1034"}],"curies":[{"name":"wp","href":"https:\/\/api.w.org\/{rel}","templated":true}]}}