{"id":1033,"date":"2013-08-24T20:40:00","date_gmt":"2013-08-24T18:40:00","guid":{"rendered":"http:\/\/wordpress\/?p=1033"},"modified":"2025-11-08T20:11:59","modified_gmt":"2025-11-08T19:11:59","slug":"bukarest-rumaenien","status":"publish","type":"post","link":"https:\/\/familie-weitgereist.de\/?p=1033","title":{"rendered":"St\u00e4dtetrip Bukarest, Rum\u00e4nien"},"content":{"rendered":"\n<p>Bukarest &#8230; was gibt es zu erz\u00e4hlen. \ud83d\ude09 &nbsp; <\/p>\n\n\n\n<p>Unser Hostel &#8230; na ja, bisher war nur eins wirklich richtig gut. Das hier wird es jedenfalls nicht. Gestern Abend hat irgendjemand eine Stra\u00dfenkatze rein gelassen und die knabberte an dem K\u00e4se der f\u00fcr das Fr\u00fchst\u00fcck bestimmt war. Yay! (Warum ist der Fr\u00fchst\u00fcckstisch auch schon am Vorabend gedeckt?!) Davon haben wir nat\u00fcrlich nichts gegessen und die offene Marmelade war dann auch schon sauer. Aber wenigstens konnten wir von dem Kuchen etwas essen. Der war zwar auch schon seit drei Tagen \u00fcberlagert, aber noch voll lecker.<\/p>\n\n\n\n<div id=\"wp-block-themeisle-blocks-slider-345f72e9\" class=\"wp-block-themeisle-blocks-slider glide\" data-per-view=\"1\" data-gap=\"0\" data-peek=\"0\" data-autoplay=\"true\" data-height=\"400px\" data-hide-arrows=\"false\"><div class=\"glide__track\" data-glide-el=\"track\"><div class=\"glide__slides\"><div class=\"wp-block-themeisle-blocks-slider-item-wrapper glide__slide\" tabindex=\"0\"><figure><img decoding=\"async\" class=\"wp-block-themeisle-blocks-slider-item\" src=\"https:\/\/familie-weitgereist.de\/wp-content\/uploads\/2022\/07\/2013-08-23-14.08.36-scaled.jpg\" alt=\"\" title=\"\" data-id=\"10209\"\/><\/figure><\/div><div class=\"wp-block-themeisle-blocks-slider-item-wrapper glide__slide\" tabindex=\"0\"><figure><img decoding=\"async\" class=\"wp-block-themeisle-blocks-slider-item\" src=\"https:\/\/familie-weitgereist.de\/wp-content\/uploads\/2022\/07\/2013-08-25-17.47.00-scaled.jpg\" alt=\"\" title=\"\" data-id=\"10210\"\/><\/figure><\/div><div class=\"wp-block-themeisle-blocks-slider-item-wrapper glide__slide\" tabindex=\"0\"><figure><img decoding=\"async\" class=\"wp-block-themeisle-blocks-slider-item\" src=\"https:\/\/familie-weitgereist.de\/wp-content\/uploads\/2022\/07\/DSCN0467-scaled.jpg\" alt=\"\" title=\"\" data-id=\"10212\"\/><\/figure><\/div><div class=\"wp-block-themeisle-blocks-slider-item-wrapper glide__slide\" tabindex=\"0\"><figure><img decoding=\"async\" class=\"wp-block-themeisle-blocks-slider-item\" src=\"https:\/\/familie-weitgereist.de\/wp-content\/uploads\/2022\/07\/DSCN0483-scaled.jpg\" alt=\"\" title=\"\" data-id=\"10214\"\/><\/figure><\/div><div class=\"wp-block-themeisle-blocks-slider-item-wrapper glide__slide\" tabindex=\"0\"><figure><img decoding=\"async\" class=\"wp-block-themeisle-blocks-slider-item\" src=\"https:\/\/familie-weitgereist.de\/wp-content\/uploads\/2022\/07\/DSCN0489-scaled.jpg\" alt=\"\" title=\"\" data-id=\"10216\"\/><\/figure><\/div><\/div><div class=\"glide__bullets\" data-glide-el=\"controls[nav]\"><button class=\"glide__bullet\" data-glide-dir=\"=0\"><\/button><button class=\"glide__bullet\" data-glide-dir=\"=1\"><\/button><button class=\"glide__bullet\" data-glide-dir=\"=2\"><\/button><button class=\"glide__bullet\" data-glide-dir=\"=3\"><\/button><button class=\"glide__bullet\" data-glide-dir=\"=4\"><\/button><\/div><\/div><\/div>\n\n\n\n<p>Als wir von Bukarest zur\u00fcck gekommen sind, war der Tisch immer noch gedeckt, nut mit dem benutzten Geschirr vom Fr\u00fchst\u00fcck. Hoffentlich sieht der Tisch morgen Fr\u00fch anders aus, denn Abendessen an dem Tisch war nicht so toll. &nbsp; <\/p>\n\n\n\n<p>Bukarest war ganz okay. Irgendwie habe ich mir das Paris des Ostens allerdings ein bisschen schicker vorgestellt. Abgesehen davon sind auch kaum noch Touris unterwegs. Der Triumphbogen war sch\u00f6n und das Geb\u00e4ude der Universit\u00e4tsbibliothek (viel besser als die Slub) und einige andere Geb\u00e4ude auch noch. Aber mein Highlight war der gro\u00dfe Stadtpark im Norden der Stadt. Ein riesen gro\u00dfer See, nirgends bettelnde Penner und kein Autol\u00e4rm. Toll! \ud83d\ude42 &nbsp; <\/p>\n\n\n\n<p>Das Hostel f\u00fcr Chisinau haben wir gerade gebucht und morgen fahren wir mit dem Nachtbus los. \ud83d\ude42 EXCITED!!<\/p>\n","protected":false},"excerpt":{"rendered":"<p>Bukarest &#8230; was gibt es zu erz\u00e4hlen. \ud83d\ude09 &nbsp; Unser Hostel &#8230; na ja, bisher war nur eins wirklich richtig gut. Das hier wird es jedenfalls nicht. Gestern Abend hat irgendjemand eine Stra\u00dfenkatze rein gelassen und die knabberte an dem K\u00e4se der f\u00fcr das Fr\u00fchst\u00fcck bestimmt war. Yay! (Warum ist der Fr\u00fchst\u00fcckstisch auch schon am [&hellip;]<\/p>\n","protected":false},"author":3,"featured_media":10214,"comment_status":"open","ping_status":"open","sticky":false,"template":"","format":"standard","meta":{"_themeisle_gutenberg_block_has_review":false,"footnotes":""},"categories":[261,8,4],"tags":[162,163],"class_list":["post-1033","post","type-post","status-publish","format-standard","has-post-thumbnail","hentry","category-rumaenien","category-europa","category-laender","tag-bukarest","tag-rumaenien"],"_links":{"self":[{"href":"https:\/\/familie-weitgereist.de\/index.php?rest_route=\/wp\/v2\/posts\/1033","targetHints":{"allow":["GET"]}}],"collection":[{"href":"https:\/\/familie-weitgereist.de\/index.php?rest_route=\/wp\/v2\/posts"}],"about":[{"href":"https:\/\/familie-weitgereist.de\/index.php?rest_route=\/wp\/v2\/types\/post"}],"author":[{"embeddable":true,"href":"https:\/\/familie-weitgereist.de\/index.php?rest_route=\/wp\/v2\/users\/3"}],"replies":[{"embeddable":true,"href":"https:\/\/familie-weitgereist.de\/index.php?rest_route=%2Fwp%2Fv2%2Fcomments&post=1033"}],"version-history":[{"count":10,"href":"https:\/\/familie-weitgereist.de\/index.php?rest_route=\/wp\/v2\/posts\/1033\/revisions"}],"predecessor-version":[{"id":23964,"href":"https:\/\/familie-weitgereist.de\/index.php?rest_route=\/wp\/v2\/posts\/1033\/revisions\/23964"}],"wp:featuredmedia":[{"embeddable":true,"href":"https:\/\/familie-weitgereist.de\/index.php?rest_route=\/wp\/v2\/media\/10214"}],"wp:attachment":[{"href":"https:\/\/familie-weitgereist.de\/index.php?rest_route=%2Fwp%2Fv2%2Fmedia&parent=1033"}],"wp:term":[{"taxonomy":"category","embeddable":true,"href":"https:\/\/familie-weitgereist.de\/index.php?rest_route=%2Fwp%2Fv2%2Fcategories&post=1033"},{"taxonomy":"post_tag","embeddable":true,"href":"https:\/\/familie-weitgereist.de\/index.php?rest_route=%2Fwp%2Fv2%2Ftags&post=1033"}],"curies":[{"name":"wp","href":"https:\/\/api.w.org\/{rel}","templated":true}]}}