{"id":1032,"date":"2013-08-25T20:53:00","date_gmt":"2013-08-25T18:53:00","guid":{"rendered":"http:\/\/wordpress\/?p=1032"},"modified":"2025-11-08T20:10:49","modified_gmt":"2025-11-08T19:10:49","slug":"im-bus-von-bukarest-nach-chisinau","status":"publish","type":"post","link":"https:\/\/familie-weitgereist.de\/?p=1032","title":{"rendered":"Im Bus von Bukarest, Rum\u00e4nien nach Chisinau, Moldawien"},"content":{"rendered":"\n<p>Ohhh, ist das alles aufregend! <\/p>\n\n\n\n<p>Wir sitzen gerade im Bus nach Moldawien.<br>Seit ein paar Stunden haben wir auf die Abfahrt des Buses gewartet, aber irgendwie sind die ganz schnell vergangen. Es gab einiges zu beobachten.<\/p>\n\n\n\n<p>Aber jetzt ist es endlich los gegangen. Ich freu mich schon so sehr auf meinen neuen Stempel im Reisepass und bin gespannt was Moldawien so zu bieten hat. Ich wollte ja schon seit ganz langer Zeit einmal dahin und jetzt ist es so weit. \ud83d\ude42 &nbsp; <\/p>\n\n\n\n<p>Hoffentlich sind wir morgen fr\u00fch nicht allzu m\u00fcde wenn wir um 6 Uhr ankommen. Die n\u00e4chsten Gr\u00fc\u00dfe kommen aus Moldawien! \ud83d\ude42<\/p>\n\n\n\n<figure class=\"wp-block-gallery has-nested-images columns-default is-cropped wp-block-gallery-1 is-layout-flex wp-block-gallery-is-layout-flex\">\n<figure class=\"wp-block-image size-large\"><img loading=\"lazy\" decoding=\"async\" width=\"768\" height=\"1024\" data-id=\"10219\" src=\"https:\/\/familie-weitgereist.de\/wp-content\/uploads\/2022\/07\/2013-08-25-19.50.13-768x1024.jpg\" alt=\"\" class=\"wp-image-10219\" srcset=\"https:\/\/familie-weitgereist.de\/wp-content\/uploads\/2022\/07\/2013-08-25-19.50.13-768x1024.jpg 768w, https:\/\/familie-weitgereist.de\/wp-content\/uploads\/2022\/07\/2013-08-25-19.50.13-225x300.jpg 225w, https:\/\/familie-weitgereist.de\/wp-content\/uploads\/2022\/07\/2013-08-25-19.50.13-1152x1536.jpg 1152w, https:\/\/familie-weitgereist.de\/wp-content\/uploads\/2022\/07\/2013-08-25-19.50.13-1536x2048.jpg 1536w, https:\/\/familie-weitgereist.de\/wp-content\/uploads\/2022\/07\/2013-08-25-19.50.13-1200x1600.jpg 1200w, https:\/\/familie-weitgereist.de\/wp-content\/uploads\/2022\/07\/2013-08-25-19.50.13-1980x2640.jpg 1980w, https:\/\/familie-weitgereist.de\/wp-content\/uploads\/2022\/07\/2013-08-25-19.50.13-640x853.jpg 640w, https:\/\/familie-weitgereist.de\/wp-content\/uploads\/2022\/07\/2013-08-25-19.50.13-150x200.jpg 150w, https:\/\/familie-weitgereist.de\/wp-content\/uploads\/2022\/07\/2013-08-25-19.50.13-scaled.jpg 1920w\" sizes=\"auto, (max-width: 768px) 100vw, 768px\" \/><\/figure>\n\n\n\n<figure class=\"wp-block-image size-large\"><img loading=\"lazy\" decoding=\"async\" width=\"1024\" height=\"768\" data-id=\"10220\" src=\"https:\/\/familie-weitgereist.de\/wp-content\/uploads\/2022\/07\/2013-08-25-21.29.36-1024x768.jpg\" alt=\"\" class=\"wp-image-10220\" srcset=\"https:\/\/familie-weitgereist.de\/wp-content\/uploads\/2022\/07\/2013-08-25-21.29.36-1024x768.jpg 1024w, https:\/\/familie-weitgereist.de\/wp-content\/uploads\/2022\/07\/2013-08-25-21.29.36-300x225.jpg 300w, https:\/\/familie-weitgereist.de\/wp-content\/uploads\/2022\/07\/2013-08-25-21.29.36-768x576.jpg 768w, https:\/\/familie-weitgereist.de\/wp-content\/uploads\/2022\/07\/2013-08-25-21.29.36-1536x1152.jpg 1536w, https:\/\/familie-weitgereist.de\/wp-content\/uploads\/2022\/07\/2013-08-25-21.29.36-2048x1536.jpg 2048w, https:\/\/familie-weitgereist.de\/wp-content\/uploads\/2022\/07\/2013-08-25-21.29.36-1200x900.jpg 1200w, https:\/\/familie-weitgereist.de\/wp-content\/uploads\/2022\/07\/2013-08-25-21.29.36-1980x1485.jpg 1980w, https:\/\/familie-weitgereist.de\/wp-content\/uploads\/2022\/07\/2013-08-25-21.29.36-150x113.jpg 150w\" sizes=\"auto, (max-width: 1024px) 100vw, 1024px\" \/><\/figure>\n<figcaption class=\"blocks-gallery-caption\">Im Bus<\/figcaption><\/figure>\n","protected":false},"excerpt":{"rendered":"<p>Ohhh, ist das alles aufregend! Wir sitzen gerade im Bus nach Moldawien.Seit ein paar Stunden haben wir auf die Abfahrt des Buses gewartet, aber irgendwie sind die ganz schnell vergangen. Es gab einiges zu beobachten. Aber jetzt ist es endlich los gegangen. Ich freu mich schon so sehr auf meinen neuen Stempel im Reisepass und [&hellip;]<\/p>\n","protected":false},"author":3,"featured_media":10219,"comment_status":"open","ping_status":"open","sticky":false,"template":"","format":"standard","meta":{"_themeisle_gutenberg_block_has_review":false,"footnotes":""},"categories":[262,8,4,261],"tags":[162,160,161,163],"class_list":["post-1032","post","type-post","status-publish","format-standard","has-post-thumbnail","hentry","category-moldawien","category-europa","category-laender","category-rumaenien","tag-bukarest","tag-chisinau","tag-moldawien","tag-rumaenien"],"_links":{"self":[{"href":"https:\/\/familie-weitgereist.de\/index.php?rest_route=\/wp\/v2\/posts\/1032","targetHints":{"allow":["GET"]}}],"collection":[{"href":"https:\/\/familie-weitgereist.de\/index.php?rest_route=\/wp\/v2\/posts"}],"about":[{"href":"https:\/\/familie-weitgereist.de\/index.php?rest_route=\/wp\/v2\/types\/post"}],"author":[{"embeddable":true,"href":"https:\/\/familie-weitgereist.de\/index.php?rest_route=\/wp\/v2\/users\/3"}],"replies":[{"embeddable":true,"href":"https:\/\/familie-weitgereist.de\/index.php?rest_route=%2Fwp%2Fv2%2Fcomments&post=1032"}],"version-history":[{"count":4,"href":"https:\/\/familie-weitgereist.de\/index.php?rest_route=\/wp\/v2\/posts\/1032\/revisions"}],"predecessor-version":[{"id":10223,"href":"https:\/\/familie-weitgereist.de\/index.php?rest_route=\/wp\/v2\/posts\/1032\/revisions\/10223"}],"wp:featuredmedia":[{"embeddable":true,"href":"https:\/\/familie-weitgereist.de\/index.php?rest_route=\/wp\/v2\/media\/10219"}],"wp:attachment":[{"href":"https:\/\/familie-weitgereist.de\/index.php?rest_route=%2Fwp%2Fv2%2Fmedia&parent=1032"}],"wp:term":[{"taxonomy":"category","embeddable":true,"href":"https:\/\/familie-weitgereist.de\/index.php?rest_route=%2Fwp%2Fv2%2Fcategories&post=1032"},{"taxonomy":"post_tag","embeddable":true,"href":"https:\/\/familie-weitgereist.de\/index.php?rest_route=%2Fwp%2Fv2%2Ftags&post=1032"}],"curies":[{"name":"wp","href":"https:\/\/api.w.org\/{rel}","templated":true}]}}