{"id":1027,"date":"2013-09-04T20:41:00","date_gmt":"2013-09-04T18:41:00","guid":{"rendered":"http:\/\/wordpress\/?p=1027"},"modified":"2025-11-08T20:03:37","modified_gmt":"2025-11-08T19:03:37","slug":"ohridsee-in-mazedonien-und-tirana-albanien","status":"publish","type":"post","link":"https:\/\/familie-weitgereist.de\/?p=1027","title":{"rendered":"Mit dem Bus vom Ohridsee in Mazedonien nach Tirana in Albanien"},"content":{"rendered":"\n<p>Die letzten Tage waren die sch\u00f6nsten auf der gesamten Reise! \ud83d\ude42&nbsp; Mazedonien war unser Highlight! Es war so sch\u00f6n. Die letzten drei Tage haben wir am Ohrid See in Ljubani\u0161te verbracht. Das ist sehr nah an der albanischen Grenze.<\/p>\n\n\n\n<div id=\"wp-block-themeisle-blocks-slider-00dc3664\" class=\"wp-block-themeisle-blocks-slider glide\" data-per-view=\"1\" data-gap=\"0\" data-peek=\"0\" data-autoplay=\"true\" data-height=\"400px\" data-hide-arrows=\"false\"><div class=\"glide__track\" data-glide-el=\"track\"><div class=\"glide__slides\"><div class=\"wp-block-themeisle-blocks-slider-item-wrapper glide__slide\" tabindex=\"0\"><figure><img decoding=\"async\" class=\"wp-block-themeisle-blocks-slider-item\" src=\"https:\/\/familie-weitgereist.de\/wp-content\/uploads\/2022\/07\/DSCN0773-scaled.jpg\" alt=\"\" title=\"\" data-id=\"10268\"\/><\/figure><\/div><div class=\"wp-block-themeisle-blocks-slider-item-wrapper glide__slide\" tabindex=\"0\"><figure><img decoding=\"async\" class=\"wp-block-themeisle-blocks-slider-item\" src=\"https:\/\/familie-weitgereist.de\/wp-content\/uploads\/2022\/07\/DSCN0785-scaled.jpg\" alt=\"\" title=\"\" data-id=\"10270\"\/><\/figure><\/div><div class=\"wp-block-themeisle-blocks-slider-item-wrapper glide__slide\" tabindex=\"0\"><figure><img decoding=\"async\" class=\"wp-block-themeisle-blocks-slider-item\" src=\"https:\/\/familie-weitgereist.de\/wp-content\/uploads\/2022\/07\/DSCN0790-scaled.jpg\" alt=\"\" title=\"\" data-id=\"10271\"\/><\/figure><\/div><div class=\"wp-block-themeisle-blocks-slider-item-wrapper glide__slide\" tabindex=\"0\"><figure><img decoding=\"async\" class=\"wp-block-themeisle-blocks-slider-item\" src=\"https:\/\/familie-weitgereist.de\/wp-content\/uploads\/2022\/07\/DSCN0798-scaled.jpg\" alt=\"\" title=\"\" data-id=\"10273\"\/><\/figure><\/div><div class=\"wp-block-themeisle-blocks-slider-item-wrapper glide__slide\" tabindex=\"0\"><figure><img decoding=\"async\" class=\"wp-block-themeisle-blocks-slider-item\" src=\"https:\/\/familie-weitgereist.de\/wp-content\/uploads\/2022\/07\/DSCN0819-scaled.jpg\" alt=\"\" title=\"\" data-id=\"10274\"\/><\/figure><\/div><div class=\"wp-block-themeisle-blocks-slider-item-wrapper glide__slide\" tabindex=\"0\"><figure><img decoding=\"async\" class=\"wp-block-themeisle-blocks-slider-item\" src=\"blob:https:\/\/familie-weitgereist.de\/03ffeb2d-93db-4a04-b9a8-a576e6d69847\"\/><\/figure><\/div><div class=\"wp-block-themeisle-blocks-slider-item-wrapper glide__slide\" tabindex=\"0\"><figure><img decoding=\"async\" class=\"wp-block-themeisle-blocks-slider-item\" src=\"blob:https:\/\/familie-weitgereist.de\/a9cdb030-9c8b-40be-bfe2-7a287cb7bf9e\"\/><\/figure><\/div><\/div><div class=\"glide__bullets\" data-glide-el=\"controls[nav]\"><button class=\"glide__bullet\" data-glide-dir=\"=0\"><\/button><button class=\"glide__bullet\" data-glide-dir=\"=1\"><\/button><button class=\"glide__bullet\" data-glide-dir=\"=2\"><\/button><button class=\"glide__bullet\" data-glide-dir=\"=3\"><\/button><button class=\"glide__bullet\" data-glide-dir=\"=4\"><\/button><button class=\"glide__bullet\" data-glide-dir=\"=5\"><\/button><button class=\"glide__bullet\" data-glide-dir=\"=6\"><\/button><\/div><\/div><\/div>\n\n\n\n<p>Als wir in Ljubani\u0161te ausgestiegen sind hat uns eine voll nette Omi den Weg zum Camp gezeigt. Daf\u00fcr ist sie einen sehr steilen Berg mit uns runter und dann wieder hoch gelaufen.\u00a0Wir hatten dann zwei wundersch\u00f6ne Tage im Camp. Unser Zelt haben wir direkt am See aufgestellt. Wir sind zum Wellenrauschen eingeschlafen und wieder aufgewacht. Es war toll! Und das Wasser im See war noch richtig warm. Daf\u00fcr gab es keine warme Dusche im Camp und der Witz des Besitzers &#8230; but the lake is hot. Hahaha \u00a0<\/p>\n\n\n\n<p>Und gestern Morgen wollten wir eigentlich nach Ohrid fahren und daf\u00fcr sind wir wieder an dem Haus von der lieben Omi vorbei gekommen. Sie hat uns sofort rein gebeten und wir haben leckeres Essen bekommen. Dann hat ihre Tochter uns Sveti Naum gezeigt. Das ist ein kleines, niedliches D\u00f6rflein direkt an der Grenze. Wir haben die Nacht dann auch bei ihnen geschlafen und mit k\u00f6stlichem mazedonischen Essen. Sie waren sooo lieb! Sie haben uns wie ihre eigenen Kinder behandelt. Es war toll!!\u00a0Heute haben wir dann den Bus von Ohrid \u00fcber Struga nach Tirana genommen. Den ganzen Tag waren wir mal wieder im Bus. Aber dank einem netten Holl\u00e4nder und einer Amerikanerin haben wir zum Gl\u00fcck einen Platz zum schlafen gefunden. Das Hostel Albania. \ud83d\ude42<\/p>\n\n\n\n<figure class=\"wp-block-image is-resized\"><img loading=\"lazy\" decoding=\"async\" width=\"2560\" height=\"1920\" src=\"https:\/\/familie-weitgereist.de\/wp-content\/uploads\/2022\/07\/DSCN0860-scaled.jpg\" alt=\"\" class=\"wp-image-10279\" style=\"width:610px;height:457px\" srcset=\"https:\/\/familie-weitgereist.de\/wp-content\/uploads\/2022\/07\/DSCN0860-scaled.jpg 2560w, https:\/\/familie-weitgereist.de\/wp-content\/uploads\/2022\/07\/DSCN0860-300x225.jpg 300w, https:\/\/familie-weitgereist.de\/wp-content\/uploads\/2022\/07\/DSCN0860-1024x768.jpg 1024w, https:\/\/familie-weitgereist.de\/wp-content\/uploads\/2022\/07\/DSCN0860-768x576.jpg 768w, https:\/\/familie-weitgereist.de\/wp-content\/uploads\/2022\/07\/DSCN0860-1536x1152.jpg 1536w, https:\/\/familie-weitgereist.de\/wp-content\/uploads\/2022\/07\/DSCN0860-2048x1536.jpg 2048w, https:\/\/familie-weitgereist.de\/wp-content\/uploads\/2022\/07\/DSCN0860-1200x900.jpg 1200w, https:\/\/familie-weitgereist.de\/wp-content\/uploads\/2022\/07\/DSCN0860-1980x1485.jpg 1980w, https:\/\/familie-weitgereist.de\/wp-content\/uploads\/2022\/07\/DSCN0860-150x113.jpg 150w\" sizes=\"auto, (max-width: 2560px) 100vw, 2560px\" \/><figcaption class=\"wp-element-caption\">Tirana, Albanien<\/figcaption><\/figure>\n\n\n\n<p>Mal gucken wo es uns morgen hin verschl\u00e4gt &#8230; das wissen wir n\u00e4mlich noch nicht. Hihi<\/p>\n","protected":false},"excerpt":{"rendered":"<p>Die letzten Tage waren die sch\u00f6nsten auf der gesamten Reise! \ud83d\ude42&nbsp; Mazedonien war unser Highlight! Es war so sch\u00f6n. Die letzten drei Tage haben wir am Ohrid See in Ljubani\u0161te verbracht. Das ist sehr nah an der albanischen Grenze. Als wir in Ljubani\u0161te ausgestiegen sind hat uns eine voll nette Omi den Weg zum Camp [&hellip;]<\/p>\n","protected":false},"author":3,"featured_media":10270,"comment_status":"open","ping_status":"open","sticky":false,"template":"","format":"standard","meta":{"_themeisle_gutenberg_block_has_review":false,"footnotes":""},"categories":[266,265,8,4],"tags":[154,1805,153,157,156,1806,155],"class_list":["post-1027","post","type-post","status-publish","format-standard","has-post-thumbnail","hentry","category-nordmazedonien","category-albanien","category-europa","category-laender","tag-albanien","tag-ljubaniste","tag-mazedonien","tag-ohrid","tag-ohridsee","tag-sveti-naum","tag-tirana"],"_links":{"self":[{"href":"https:\/\/familie-weitgereist.de\/index.php?rest_route=\/wp\/v2\/posts\/1027","targetHints":{"allow":["GET"]}}],"collection":[{"href":"https:\/\/familie-weitgereist.de\/index.php?rest_route=\/wp\/v2\/posts"}],"about":[{"href":"https:\/\/familie-weitgereist.de\/index.php?rest_route=\/wp\/v2\/types\/post"}],"author":[{"embeddable":true,"href":"https:\/\/familie-weitgereist.de\/index.php?rest_route=\/wp\/v2\/users\/3"}],"replies":[{"embeddable":true,"href":"https:\/\/familie-weitgereist.de\/index.php?rest_route=%2Fwp%2Fv2%2Fcomments&post=1027"}],"version-history":[{"count":10,"href":"https:\/\/familie-weitgereist.de\/index.php?rest_route=\/wp\/v2\/posts\/1027\/revisions"}],"predecessor-version":[{"id":23958,"href":"https:\/\/familie-weitgereist.de\/index.php?rest_route=\/wp\/v2\/posts\/1027\/revisions\/23958"}],"wp:featuredmedia":[{"embeddable":true,"href":"https:\/\/familie-weitgereist.de\/index.php?rest_route=\/wp\/v2\/media\/10270"}],"wp:attachment":[{"href":"https:\/\/familie-weitgereist.de\/index.php?rest_route=%2Fwp%2Fv2%2Fmedia&parent=1027"}],"wp:term":[{"taxonomy":"category","embeddable":true,"href":"https:\/\/familie-weitgereist.de\/index.php?rest_route=%2Fwp%2Fv2%2Fcategories&post=1027"},{"taxonomy":"post_tag","embeddable":true,"href":"https:\/\/familie-weitgereist.de\/index.php?rest_route=%2Fwp%2Fv2%2Ftags&post=1027"}],"curies":[{"name":"wp","href":"https:\/\/api.w.org\/{rel}","templated":true}]}}