{"id":1025,"date":"2013-09-07T19:23:00","date_gmt":"2013-09-07T17:23:00","guid":{"rendered":"http:\/\/wordpress\/?p=1025"},"modified":"2025-11-08T19:59:47","modified_gmt":"2025-11-08T18:59:47","slug":"budva-montenegro","status":"publish","type":"post","link":"https:\/\/familie-weitgereist.de\/?p=1025","title":{"rendered":"Entdeckungen in Budva, Montenegro"},"content":{"rendered":"\n<p>Heute war wieder ein toller Tag mit vielen sch\u00f6nen Erlebnissen. \ud83d\ude42 Wir haben heute Morgen den Bus von Sutomore nach Budva genommen und hier sind wir bis morgen.<\/p>\n\n\n\n<figure class=\"wp-block-image size-large\"><img loading=\"lazy\" decoding=\"async\" width=\"1024\" height=\"768\" src=\"https:\/\/familie-weitgereist.de\/wp-content\/uploads\/2022\/07\/2013-09-09-13.02.00-2-1024x768.jpg\" alt=\"\" class=\"wp-image-10287\" srcset=\"https:\/\/familie-weitgereist.de\/wp-content\/uploads\/2022\/07\/2013-09-09-13.02.00-2-1024x768.jpg 1024w, https:\/\/familie-weitgereist.de\/wp-content\/uploads\/2022\/07\/2013-09-09-13.02.00-2-300x225.jpg 300w, https:\/\/familie-weitgereist.de\/wp-content\/uploads\/2022\/07\/2013-09-09-13.02.00-2-768x576.jpg 768w, https:\/\/familie-weitgereist.de\/wp-content\/uploads\/2022\/07\/2013-09-09-13.02.00-2-1536x1152.jpg 1536w, https:\/\/familie-weitgereist.de\/wp-content\/uploads\/2022\/07\/2013-09-09-13.02.00-2-2048x1536.jpg 2048w, https:\/\/familie-weitgereist.de\/wp-content\/uploads\/2022\/07\/2013-09-09-13.02.00-2-1200x900.jpg 1200w, https:\/\/familie-weitgereist.de\/wp-content\/uploads\/2022\/07\/2013-09-09-13.02.00-2-1980x1485.jpg 1980w, https:\/\/familie-weitgereist.de\/wp-content\/uploads\/2022\/07\/2013-09-09-13.02.00-2-150x113.jpg 150w\" sizes=\"auto, (max-width: 1024px) 100vw, 1024px\" \/><\/figure>\n\n\n\n<p>Budva hat eine wundersch\u00f6ne Altstadt, wie ihr auf dem Foto bestaunen k\u00f6nnt. Ganz viele enge, kleine Gassen schl\u00e4ngeln sich zwischen den H\u00e4usern hindurch. Es gibt eine Zitadelle, zwei Kirchen und alles ist umz\u00e4unt von der einstigen, unbezwingbaren Festungsmauer. Auf dieser sind wir auch spazieren gegangen und hatten bei herrlichstem Wetter beste Blicke auf das Mittelmeer. \ud83d\ude42 \ud83d\ude42 &nbsp; <\/p>\n\n\n\n<p>Am Nachmittag sind wir wieder baden gegangen. Leider war unser Strand nicht so sch\u00f6n, denn es lagen gro\u00dfe Betonklotze im Wasser und das Wasser war so flach. Weit raus schwimmen durfte man leider auch nicht. Aber die Aussicht auf die Altstadt war unbeschreiblich. \ud83d\ude42 &nbsp; <\/p>\n\n\n\n<p>Und zum Schluss haben wir f\u00fcr einen Mann wahrscheinlich die beste Tat der Welt getan. Wir sind n\u00e4mlich zum Geldautomaten und Russisch war eingestellt. Jedenfalls haben wir kurz geschaut und als wir auf &#8222;Cancel&#8220; gedr\u00fcckt haben, kam nat\u00fcrlich die Kreditkarte von dem Mann raus. Der stand ein paar Meter weiter entfernt und hat hektisch sein Portemonnaie durchsucht und in seinen Hosentaschen gew\u00fchlt. Als Phili und ich ihm seine Karte wieder gegeben haben, war er super erleichtert und bedankte sich mit einem &#8222;\u0441\u043f\u0430\u0441\u0438\u0431\u043e&#8220;. \ud83d\ude42<\/p>\n","protected":false},"excerpt":{"rendered":"<p>Heute war wieder ein toller Tag mit vielen sch\u00f6nen Erlebnissen. \ud83d\ude42 Wir haben heute Morgen den Bus von Sutomore nach Budva genommen und hier sind wir bis morgen. Budva hat eine wundersch\u00f6ne Altstadt, wie ihr auf dem Foto bestaunen k\u00f6nnt. Ganz viele enge, kleine Gassen schl\u00e4ngeln sich zwischen den H\u00e4usern hindurch. Es gibt eine Zitadelle, [&hellip;]<\/p>\n","protected":false},"author":3,"featured_media":10285,"comment_status":"open","ping_status":"open","sticky":false,"template":"","format":"standard","meta":{"_themeisle_gutenberg_block_has_review":false,"footnotes":""},"categories":[267,8,4],"tags":[269,152],"class_list":["post-1025","post","type-post","status-publish","format-standard","has-post-thumbnail","hentry","category-montenegro","category-europa","category-laender","tag-budva","tag-montenegro"],"_links":{"self":[{"href":"https:\/\/familie-weitgereist.de\/index.php?rest_route=\/wp\/v2\/posts\/1025","targetHints":{"allow":["GET"]}}],"collection":[{"href":"https:\/\/familie-weitgereist.de\/index.php?rest_route=\/wp\/v2\/posts"}],"about":[{"href":"https:\/\/familie-weitgereist.de\/index.php?rest_route=\/wp\/v2\/types\/post"}],"author":[{"embeddable":true,"href":"https:\/\/familie-weitgereist.de\/index.php?rest_route=\/wp\/v2\/users\/3"}],"replies":[{"embeddable":true,"href":"https:\/\/familie-weitgereist.de\/index.php?rest_route=%2Fwp%2Fv2%2Fcomments&post=1025"}],"version-history":[{"count":7,"href":"https:\/\/familie-weitgereist.de\/index.php?rest_route=\/wp\/v2\/posts\/1025\/revisions"}],"predecessor-version":[{"id":10289,"href":"https:\/\/familie-weitgereist.de\/index.php?rest_route=\/wp\/v2\/posts\/1025\/revisions\/10289"}],"wp:featuredmedia":[{"embeddable":true,"href":"https:\/\/familie-weitgereist.de\/index.php?rest_route=\/wp\/v2\/media\/10285"}],"wp:attachment":[{"href":"https:\/\/familie-weitgereist.de\/index.php?rest_route=%2Fwp%2Fv2%2Fmedia&parent=1025"}],"wp:term":[{"taxonomy":"category","embeddable":true,"href":"https:\/\/familie-weitgereist.de\/index.php?rest_route=%2Fwp%2Fv2%2Fcategories&post=1025"},{"taxonomy":"post_tag","embeddable":true,"href":"https:\/\/familie-weitgereist.de\/index.php?rest_route=%2Fwp%2Fv2%2Ftags&post=1025"}],"curies":[{"name":"wp","href":"https:\/\/api.w.org\/{rel}","templated":true}]}}