{"id":1024,"date":"2013-09-09T18:42:00","date_gmt":"2013-09-09T16:42:00","guid":{"rendered":"http:\/\/wordpress\/?p=1024"},"modified":"2025-11-08T19:58:50","modified_gmt":"2025-11-08T18:58:50","slug":"kotor-montenegro","status":"publish","type":"post","link":"https:\/\/familie-weitgereist.de\/?p=1024","title":{"rendered":"Entdeckungen in Kotor, Montenegro"},"content":{"rendered":"\n<p>Viele Gr\u00fc\u00dfe von Kotor! \ud83d\ude42 <\/p>\n\n\n\n<p>Kotor ist die wahre &#8222;Perle Montenegros&#8220;. Es ist wundersch\u00f6n hier. Die kleine Stadt hat ihren Charme und so viele Touristen sind gar nicht mehr da. (Au\u00dfer ein paar englische Rentnerbusse, vielleicht kommen sie ja auch vom Schiff. Hihi)<\/p>\n\n\n\n<p>Unser Hostel liegt direkt am Meer, nur eine kleine Stra\u00dfe trennt uns vom Strand. Wir waren nat\u00fcrlich wieder im Mittelmeer baden und es macht so viel Spa\u00df!\u00a0Gestern und heute lagen immer Kreuzfahrtschiffe am Hafen und die verursachen wirklich eine ziemlich starke Str\u00f6mung und wenn man taucht h\u00f6rt man die Turbinen. \ud83d\ude42<\/p>\n\n\n\n<div id=\"wp-block-themeisle-blocks-slider-22d478a6\" class=\"wp-block-themeisle-blocks-slider glide\" data-per-view=\"1\" data-gap=\"0\" data-peek=\"0\" data-autoplay=\"true\" data-height=\"400px\" data-hide-arrows=\"false\"><div class=\"glide__track\" data-glide-el=\"track\"><div class=\"glide__slides\"><div class=\"wp-block-themeisle-blocks-slider-item-wrapper glide__slide\" tabindex=\"0\"><figure><img decoding=\"async\" class=\"wp-block-themeisle-blocks-slider-item\" src=\"https:\/\/familie-weitgereist.de\/wp-content\/uploads\/2022\/07\/DSCN0958-scaled.jpg\" alt=\"\" title=\"\" data-id=\"10438\"\/><\/figure><\/div><div class=\"wp-block-themeisle-blocks-slider-item-wrapper glide__slide\" tabindex=\"0\"><figure><img decoding=\"async\" class=\"wp-block-themeisle-blocks-slider-item\" src=\"https:\/\/familie-weitgereist.de\/wp-content\/uploads\/2022\/07\/DSCN1018-scaled.jpg\" alt=\"\" title=\"\" data-id=\"10439\"\/><\/figure><\/div><div class=\"wp-block-themeisle-blocks-slider-item-wrapper glide__slide\" tabindex=\"0\"><figure><img decoding=\"async\" class=\"wp-block-themeisle-blocks-slider-item\" src=\"https:\/\/familie-weitgereist.de\/wp-content\/uploads\/2022\/07\/DSCN1035-scaled.jpg\" alt=\"\" title=\"\" data-id=\"10440\"\/><\/figure><\/div><div class=\"wp-block-themeisle-blocks-slider-item-wrapper glide__slide\" tabindex=\"0\"><figure><img decoding=\"async\" class=\"wp-block-themeisle-blocks-slider-item\" src=\"https:\/\/familie-weitgereist.de\/wp-content\/uploads\/2022\/07\/DSCN1042-scaled.jpg\" alt=\"\" title=\"\" data-id=\"10441\"\/><\/figure><\/div><\/div><div class=\"glide__bullets\" data-glide-el=\"controls[nav]\"><button class=\"glide__bullet\" data-glide-dir=\"=0\"><\/button><button class=\"glide__bullet\" data-glide-dir=\"=1\"><\/button><button class=\"glide__bullet\" data-glide-dir=\"=2\"><\/button><button class=\"glide__bullet\" data-glide-dir=\"=3\"><\/button><\/div><\/div><\/div>\n\n\n\n<p>Kotors Altstadt ist kaum zu \u00fcbertreffen. Enge G\u00e4sschen, hohe H\u00e4user mit roten D\u00e4chern und beeindruckende Kirchen werden von einer gro\u00dfen Mauer umzingelt. Eigentlich kann man es gar nicht beschreiben, man muss mit eigenen Augen die Sch\u00f6nheit der Stadt betrachten.<\/p>\n\n\n\n<div id=\"wp-block-themeisle-blocks-slider-bd4ffc7c\" class=\"wp-block-themeisle-blocks-slider glide\" data-per-view=\"1\" data-gap=\"0\" data-peek=\"0\" data-autoplay=\"true\" data-height=\"400px\" data-hide-arrows=\"false\"><div class=\"glide__track\" data-glide-el=\"track\"><div class=\"glide__slides\"><div class=\"wp-block-themeisle-blocks-slider-item-wrapper glide__slide\" tabindex=\"0\"><figure><img decoding=\"async\" class=\"wp-block-themeisle-blocks-slider-item\" src=\"https:\/\/familie-weitgereist.de\/wp-content\/uploads\/2022\/07\/DSCN1056-scaled.jpg\" alt=\"\" title=\"\" data-id=\"10442\"\/><\/figure><\/div><div class=\"wp-block-themeisle-blocks-slider-item-wrapper glide__slide\" tabindex=\"0\"><figure><img decoding=\"async\" class=\"wp-block-themeisle-blocks-slider-item\" src=\"https:\/\/familie-weitgereist.de\/wp-content\/uploads\/2022\/07\/DSCN1063-scaled.jpg\" alt=\"\" title=\"\" data-id=\"10444\"\/><\/figure><\/div><div class=\"wp-block-themeisle-blocks-slider-item-wrapper glide__slide\" tabindex=\"0\"><figure><img decoding=\"async\" class=\"wp-block-themeisle-blocks-slider-item\" src=\"https:\/\/familie-weitgereist.de\/wp-content\/uploads\/2022\/07\/DSCN1067-scaled.jpg\" alt=\"\" title=\"\" data-id=\"10446\"\/><\/figure><\/div><div class=\"wp-block-themeisle-blocks-slider-item-wrapper glide__slide\" tabindex=\"0\"><figure><img decoding=\"async\" class=\"wp-block-themeisle-blocks-slider-item\" src=\"https:\/\/familie-weitgereist.de\/wp-content\/uploads\/2022\/07\/DSCN1075-scaled.jpg\" alt=\"\" title=\"\" data-id=\"10447\"\/><\/figure><\/div><div class=\"wp-block-themeisle-blocks-slider-item-wrapper glide__slide\" tabindex=\"0\"><figure><img decoding=\"async\" class=\"wp-block-themeisle-blocks-slider-item\" src=\"https:\/\/familie-weitgereist.de\/wp-content\/uploads\/2022\/07\/DSCN1099-scaled.jpg\" alt=\"\" title=\"\" data-id=\"10449\"\/><\/figure><\/div><\/div><div class=\"glide__bullets\" data-glide-el=\"controls[nav]\"><button class=\"glide__bullet\" data-glide-dir=\"=0\"><\/button><button class=\"glide__bullet\" data-glide-dir=\"=1\"><\/button><button class=\"glide__bullet\" data-glide-dir=\"=2\"><\/button><button class=\"glide__bullet\" data-glide-dir=\"=3\"><\/button><button class=\"glide__bullet\" data-glide-dir=\"=4\"><\/button><\/div><\/div><\/div>\n\n\n\n<p>Heute haben wir die Festung gest\u00fcrmt. Wir mussten den steilen Berg an einer Festungsmauer hoch laufen. Wie cool! Oben angekommen, war die Aussicht auf die Stadt wunderbar! Morgen fahren wir dann mit dem Bus weiter nach Dubrovnik. \ud83d\ude42<\/p>\n","protected":false},"excerpt":{"rendered":"<p>Viele Gr\u00fc\u00dfe von Kotor! \ud83d\ude42 Kotor ist die wahre &#8222;Perle Montenegros&#8220;. Es ist wundersch\u00f6n hier. Die kleine Stadt hat ihren Charme und so viele Touristen sind gar nicht mehr da. (Au\u00dfer ein paar englische Rentnerbusse, vielleicht kommen sie ja auch vom Schiff. Hihi) Unser Hostel liegt direkt am Meer, nur eine kleine Stra\u00dfe trennt uns [&hellip;]<\/p>\n","protected":false},"author":3,"featured_media":10447,"comment_status":"open","ping_status":"open","sticky":false,"template":"","format":"standard","meta":{"_themeisle_gutenberg_block_has_review":false,"footnotes":""},"categories":[267,8,4],"tags":[185,152],"class_list":["post-1024","post","type-post","status-publish","format-standard","has-post-thumbnail","hentry","category-montenegro","category-europa","category-laender","tag-kotor","tag-montenegro"],"_links":{"self":[{"href":"https:\/\/familie-weitgereist.de\/index.php?rest_route=\/wp\/v2\/posts\/1024","targetHints":{"allow":["GET"]}}],"collection":[{"href":"https:\/\/familie-weitgereist.de\/index.php?rest_route=\/wp\/v2\/posts"}],"about":[{"href":"https:\/\/familie-weitgereist.de\/index.php?rest_route=\/wp\/v2\/types\/post"}],"author":[{"embeddable":true,"href":"https:\/\/familie-weitgereist.de\/index.php?rest_route=\/wp\/v2\/users\/3"}],"replies":[{"embeddable":true,"href":"https:\/\/familie-weitgereist.de\/index.php?rest_route=%2Fwp%2Fv2%2Fcomments&post=1024"}],"version-history":[{"count":10,"href":"https:\/\/familie-weitgereist.de\/index.php?rest_route=\/wp\/v2\/posts\/1024\/revisions"}],"predecessor-version":[{"id":23955,"href":"https:\/\/familie-weitgereist.de\/index.php?rest_route=\/wp\/v2\/posts\/1024\/revisions\/23955"}],"wp:featuredmedia":[{"embeddable":true,"href":"https:\/\/familie-weitgereist.de\/index.php?rest_route=\/wp\/v2\/media\/10447"}],"wp:attachment":[{"href":"https:\/\/familie-weitgereist.de\/index.php?rest_route=%2Fwp%2Fv2%2Fmedia&parent=1024"}],"wp:term":[{"taxonomy":"category","embeddable":true,"href":"https:\/\/familie-weitgereist.de\/index.php?rest_route=%2Fwp%2Fv2%2Fcategories&post=1024"},{"taxonomy":"post_tag","embeddable":true,"href":"https:\/\/familie-weitgereist.de\/index.php?rest_route=%2Fwp%2Fv2%2Ftags&post=1024"}],"curies":[{"name":"wp","href":"https:\/\/api.w.org\/{rel}","templated":true}]}}