{"id":1022,"date":"2013-09-12T12:23:00","date_gmt":"2013-09-12T10:23:00","guid":{"rendered":"http:\/\/wordpress\/?p=1022"},"modified":"2025-11-08T19:56:15","modified_gmt":"2025-11-08T18:56:15","slug":"auf-der-faehre-in-kroatien","status":"publish","type":"post","link":"https:\/\/familie-weitgereist.de\/?p=1022","title":{"rendered":"Auf der F\u00e4hre in Kroatien"},"content":{"rendered":"\n<p>Seemannsheil! \ud83d\ude42 &nbsp; <\/p>\n\n\n\n<p>Wir sind auf unserem kleinen Kreuzfahrtschiff! \ud83d\ude09 Es ist toll. Heute Fr\u00fch sind wir um 5.30 Uhr aufgestanden um gegen 7.00 Uhr die F\u00e4hrtickets abzuholen. 8.30 Uhr hat die F\u00e4hre abgelegt. Jetzt sind wir irgendwo im Adriatischen Meer und genie\u00dfen die Seemannsluft. \ud83d\ude42 Wir haben uns auch schon eine gem\u00fctliche Ecke gesucht wo wir heute Nacht versuchen werden zu schlafen.<\/p>\n\n\n\n<figure class=\"wp-block-image size-large\"><img loading=\"lazy\" decoding=\"async\" width=\"1024\" height=\"768\" src=\"https:\/\/familie-weitgereist.de\/wp-content\/uploads\/2022\/07\/2013-09-12-15.12.39-2-1024x768.jpg\" alt=\"\" class=\"wp-image-10413\" srcset=\"https:\/\/familie-weitgereist.de\/wp-content\/uploads\/2022\/07\/2013-09-12-15.12.39-2-1024x768.jpg 1024w, https:\/\/familie-weitgereist.de\/wp-content\/uploads\/2022\/07\/2013-09-12-15.12.39-2-300x225.jpg 300w, https:\/\/familie-weitgereist.de\/wp-content\/uploads\/2022\/07\/2013-09-12-15.12.39-2-768x576.jpg 768w, https:\/\/familie-weitgereist.de\/wp-content\/uploads\/2022\/07\/2013-09-12-15.12.39-2-1536x1152.jpg 1536w, https:\/\/familie-weitgereist.de\/wp-content\/uploads\/2022\/07\/2013-09-12-15.12.39-2-2048x1536.jpg 2048w, https:\/\/familie-weitgereist.de\/wp-content\/uploads\/2022\/07\/2013-09-12-15.12.39-2-1200x900.jpg 1200w, https:\/\/familie-weitgereist.de\/wp-content\/uploads\/2022\/07\/2013-09-12-15.12.39-2-1980x1485.jpg 1980w, https:\/\/familie-weitgereist.de\/wp-content\/uploads\/2022\/07\/2013-09-12-15.12.39-2-150x113.jpg 150w\" sizes=\"auto, (max-width: 1024px) 100vw, 1024px\" \/><figcaption>Im adriatischen Meer<\/figcaption><\/figure>\n\n\n\n<p>Ich bin gespannt wie der Sonnenuntergang und -aufgang wird. *freu* 7.00 Uhr legen wir am Hafen in Rijeka an.<\/p>\n","protected":false},"excerpt":{"rendered":"<p>Seemannsheil! \ud83d\ude42 &nbsp; Wir sind auf unserem kleinen Kreuzfahrtschiff! \ud83d\ude09 Es ist toll. Heute Fr\u00fch sind wir um 5.30 Uhr aufgestanden um gegen 7.00 Uhr die F\u00e4hrtickets abzuholen. 8.30 Uhr hat die F\u00e4hre abgelegt. Jetzt sind wir irgendwo im Adriatischen Meer und genie\u00dfen die Seemannsluft. \ud83d\ude42 Wir haben uns auch schon eine gem\u00fctliche Ecke gesucht [&hellip;]<\/p>\n","protected":false},"author":3,"featured_media":10413,"comment_status":"open","ping_status":"open","sticky":false,"template":"","format":"standard","meta":{"_themeisle_gutenberg_block_has_review":false,"footnotes":""},"categories":[270,8,4],"tags":[184],"class_list":["post-1022","post","type-post","status-publish","format-standard","has-post-thumbnail","hentry","category-kroatien","category-europa","category-laender","tag-kroatien"],"_links":{"self":[{"href":"https:\/\/familie-weitgereist.de\/index.php?rest_route=\/wp\/v2\/posts\/1022","targetHints":{"allow":["GET"]}}],"collection":[{"href":"https:\/\/familie-weitgereist.de\/index.php?rest_route=\/wp\/v2\/posts"}],"about":[{"href":"https:\/\/familie-weitgereist.de\/index.php?rest_route=\/wp\/v2\/types\/post"}],"author":[{"embeddable":true,"href":"https:\/\/familie-weitgereist.de\/index.php?rest_route=\/wp\/v2\/users\/3"}],"replies":[{"embeddable":true,"href":"https:\/\/familie-weitgereist.de\/index.php?rest_route=%2Fwp%2Fv2%2Fcomments&post=1022"}],"version-history":[{"count":4,"href":"https:\/\/familie-weitgereist.de\/index.php?rest_route=\/wp\/v2\/posts\/1022\/revisions"}],"predecessor-version":[{"id":10415,"href":"https:\/\/familie-weitgereist.de\/index.php?rest_route=\/wp\/v2\/posts\/1022\/revisions\/10415"}],"wp:featuredmedia":[{"embeddable":true,"href":"https:\/\/familie-weitgereist.de\/index.php?rest_route=\/wp\/v2\/media\/10413"}],"wp:attachment":[{"href":"https:\/\/familie-weitgereist.de\/index.php?rest_route=%2Fwp%2Fv2%2Fmedia&parent=1022"}],"wp:term":[{"taxonomy":"category","embeddable":true,"href":"https:\/\/familie-weitgereist.de\/index.php?rest_route=%2Fwp%2Fv2%2Fcategories&post=1022"},{"taxonomy":"post_tag","embeddable":true,"href":"https:\/\/familie-weitgereist.de\/index.php?rest_route=%2Fwp%2Fv2%2Ftags&post=1022"}],"curies":[{"name":"wp","href":"https:\/\/api.w.org\/{rel}","templated":true}]}}