{"id":1019,"date":"2014-01-01T19:29:00","date_gmt":"2014-01-01T18:29:00","guid":{"rendered":"http:\/\/wordpress\/?p=1019"},"modified":"2025-11-08T19:53:20","modified_gmt":"2025-11-08T18:53:20","slug":"silvestertrip-2013-nach-breslau-polen","status":"publish","type":"post","link":"https:\/\/familie-weitgereist.de\/?p=1019","title":{"rendered":"Unser Silvestertrip 2013 nach Breslau, Polen"},"content":{"rendered":"\n<p>Frohes neues Jahr, ihr Lieben! \ud83d\ude42<\/p>\n\n\n\n<p>Philipp, meine Schwester und ich haben uns f\u00fcr Silvester eine tolle Reise \u00fcberlegt &#8211; wir sind nach Wroclaw gefahren.<br>Von Dresden ist man recht schnell hier, in 3 1\/2 Stunden bringt einen der deutsche Regionalexpress in&#8217;s Venedig Polens. Und diesen Namen hat sich Breslau wirklich verdient.<\/p>\n\n\n\n<div id=\"wp-block-themeisle-blocks-slider-945bbd36\" class=\"wp-block-themeisle-blocks-slider glide\" data-per-view=\"1\" data-gap=\"0\" data-peek=\"0\" data-autoplay=\"true\" data-height=\"400px\" data-hide-arrows=\"false\"><div class=\"glide__track\" data-glide-el=\"track\"><div class=\"glide__slides\"><div class=\"wp-block-themeisle-blocks-slider-item-wrapper glide__slide\" tabindex=\"0\"><figure><img decoding=\"async\" class=\"wp-block-themeisle-blocks-slider-item\" src=\"https:\/\/familie-weitgereist.de\/wp-content\/uploads\/2022\/07\/IMG_20131231_135145-scaled.jpg\" alt=\"\" title=\"\" data-id=\"10385\"\/><\/figure><\/div><div class=\"wp-block-themeisle-blocks-slider-item-wrapper glide__slide\" tabindex=\"0\"><figure><img decoding=\"async\" class=\"wp-block-themeisle-blocks-slider-item\" src=\"https:\/\/familie-weitgereist.de\/wp-content\/uploads\/2022\/07\/IMG_20131231_135725.jpg\" alt=\"\" title=\"\" data-id=\"10387\"\/><\/figure><\/div><div class=\"wp-block-themeisle-blocks-slider-item-wrapper glide__slide\" tabindex=\"0\"><figure><img decoding=\"async\" class=\"wp-block-themeisle-blocks-slider-item\" src=\"https:\/\/familie-weitgereist.de\/wp-content\/uploads\/2022\/07\/IMG_20131231_141713-scaled.jpg\" alt=\"\" title=\"\" data-id=\"10388\"\/><\/figure><\/div><div class=\"wp-block-themeisle-blocks-slider-item-wrapper glide__slide\" tabindex=\"0\"><figure><img decoding=\"async\" class=\"wp-block-themeisle-blocks-slider-item\" src=\"https:\/\/familie-weitgereist.de\/wp-content\/uploads\/2022\/07\/IMG_20140101_134459-scaled.jpg\" alt=\"\" title=\"\" data-id=\"10389\"\/><\/figure><\/div><\/div><div class=\"glide__bullets\" data-glide-el=\"controls[nav]\"><button class=\"glide__bullet\" data-glide-dir=\"=0\"><\/button><button class=\"glide__bullet\" data-glide-dir=\"=1\"><\/button><button class=\"glide__bullet\" data-glide-dir=\"=2\"><\/button><button class=\"glide__bullet\" data-glide-dir=\"=3\"><\/button><\/div><\/div><\/div>\n\n\n\n<p>Am 29.12.2013 sind wir am Nachmittag angekommen und gem\u00fctlich in das &#8222;Green Hostel&#8220; gelaufen. Allzu gr\u00fcn ist es hier zwar nicht, das mag aber auch an der Jahreszeit liegen. \ud83d\ude09<br>Von au\u00dfen sieht es aus wie ein altes Bahnhofsh\u00e4usel, von innen strahlt es jedoch Gem\u00fctlichkeit pur aus. Wir haben ein kleines aber feines Dreibett-Zimmer.<br>Wenn die Stra\u00dfenbahn vorbei rollt vibriert zwar das komplette Haus, aber im ersten Stock merkt man es zum Gl\u00fcck nicht so stark wie ganz oben. \ud83d\ude00<\/p>\n\n\n\n<p>Am 30.12. waren wir im Aquapark. Das war toll! Die haben f\u00fcnf verschiedene Abenteuerrutschen, fast alle mit erh\u00f6htem Schwierigkeitsgrad und es war so witzig. Die einen Rutsche war mega steil und Phili ist mit einem Affenzahn und einem fr\u00f6hlichen &#8222;Hui&#8220; da runter gerutscht. \ud83d\ude09<br>Dann gab es noch eine Reifenrutsche und eine fast komplett schwarze Rutsche. Das Highlight war aber echt die Free-Fall Rutsche. Man ist sehr kurz und extrem steil runter gerutscht und dann war sie auf einmal zu Ende und man fliegt den Rest durch die Luft, bis man dann ganz weich landet und das Wasser einen abbremst. Die war cool!<br>Uns haben allen drein die Knie geschlottert als wir das erste Mal da runter gerutscht sind. \ud83d\ude00<\/p>\n\n\n\n<figure class=\"wp-block-gallery has-nested-images columns-default is-cropped wp-block-gallery-1 is-layout-flex wp-block-gallery-is-layout-flex\">\n<figure class=\"wp-block-image size-large\"><img loading=\"lazy\" decoding=\"async\" width=\"1024\" height=\"576\" data-id=\"10393\" src=\"https:\/\/familie-weitgereist.de\/wp-content\/uploads\/2022\/07\/20131231_151349-1024x576.jpg\" alt=\"\" class=\"wp-image-10393\" srcset=\"https:\/\/familie-weitgereist.de\/wp-content\/uploads\/2022\/07\/20131231_151349-1024x576.jpg 1024w, https:\/\/familie-weitgereist.de\/wp-content\/uploads\/2022\/07\/20131231_151349-300x169.jpg 300w, https:\/\/familie-weitgereist.de\/wp-content\/uploads\/2022\/07\/20131231_151349-768x432.jpg 768w, https:\/\/familie-weitgereist.de\/wp-content\/uploads\/2022\/07\/20131231_151349-1536x864.jpg 1536w, https:\/\/familie-weitgereist.de\/wp-content\/uploads\/2022\/07\/20131231_151349-2048x1152.jpg 2048w, https:\/\/familie-weitgereist.de\/wp-content\/uploads\/2022\/07\/20131231_151349-1200x675.jpg 1200w, https:\/\/familie-weitgereist.de\/wp-content\/uploads\/2022\/07\/20131231_151349-1980x1114.jpg 1980w, https:\/\/familie-weitgereist.de\/wp-content\/uploads\/2022\/07\/20131231_151349-150x84.jpg 150w\" sizes=\"auto, (max-width: 1024px) 100vw, 1024px\" \/><\/figure>\n\n\n\n<figure class=\"wp-block-image size-large\"><img loading=\"lazy\" decoding=\"async\" width=\"1024\" height=\"576\" data-id=\"10394\" src=\"https:\/\/familie-weitgereist.de\/wp-content\/uploads\/2022\/07\/20131231_161822-1024x576.jpg\" alt=\"\" class=\"wp-image-10394\" srcset=\"https:\/\/familie-weitgereist.de\/wp-content\/uploads\/2022\/07\/20131231_161822-1024x576.jpg 1024w, https:\/\/familie-weitgereist.de\/wp-content\/uploads\/2022\/07\/20131231_161822-300x169.jpg 300w, https:\/\/familie-weitgereist.de\/wp-content\/uploads\/2022\/07\/20131231_161822-768x432.jpg 768w, https:\/\/familie-weitgereist.de\/wp-content\/uploads\/2022\/07\/20131231_161822-1536x864.jpg 1536w, https:\/\/familie-weitgereist.de\/wp-content\/uploads\/2022\/07\/20131231_161822-2048x1152.jpg 2048w, https:\/\/familie-weitgereist.de\/wp-content\/uploads\/2022\/07\/20131231_161822-1200x675.jpg 1200w, https:\/\/familie-weitgereist.de\/wp-content\/uploads\/2022\/07\/20131231_161822-1980x1114.jpg 1980w, https:\/\/familie-weitgereist.de\/wp-content\/uploads\/2022\/07\/20131231_161822-150x84.jpg 150w\" sizes=\"auto, (max-width: 1024px) 100vw, 1024px\" \/><\/figure>\n\n\n\n<figure class=\"wp-block-image size-large\"><img loading=\"lazy\" decoding=\"async\" width=\"576\" height=\"1024\" data-id=\"10392\" src=\"https:\/\/familie-weitgereist.de\/wp-content\/uploads\/2022\/07\/20131231_170901-576x1024.jpg\" alt=\"\" class=\"wp-image-10392\" srcset=\"https:\/\/familie-weitgereist.de\/wp-content\/uploads\/2022\/07\/20131231_170901-576x1024.jpg 576w, https:\/\/familie-weitgereist.de\/wp-content\/uploads\/2022\/07\/20131231_170901-169x300.jpg 169w, https:\/\/familie-weitgereist.de\/wp-content\/uploads\/2022\/07\/20131231_170901-768x1365.jpg 768w, https:\/\/familie-weitgereist.de\/wp-content\/uploads\/2022\/07\/20131231_170901-864x1536.jpg 864w, https:\/\/familie-weitgereist.de\/wp-content\/uploads\/2022\/07\/20131231_170901-1152x2048.jpg 1152w, https:\/\/familie-weitgereist.de\/wp-content\/uploads\/2022\/07\/20131231_170901-1200x2133.jpg 1200w, https:\/\/familie-weitgereist.de\/wp-content\/uploads\/2022\/07\/20131231_170901-1980x3520.jpg 1980w, https:\/\/familie-weitgereist.de\/wp-content\/uploads\/2022\/07\/20131231_170901-150x267.jpg 150w, https:\/\/familie-weitgereist.de\/wp-content\/uploads\/2022\/07\/20131231_170901-scaled.jpg 1440w\" sizes=\"auto, (max-width: 576px) 100vw, 576px\" \/><\/figure>\n\n\n\n<figure class=\"wp-block-image size-large\"><img loading=\"lazy\" decoding=\"async\" width=\"1024\" height=\"576\" data-id=\"10395\" src=\"https:\/\/familie-weitgereist.de\/wp-content\/uploads\/2022\/07\/20140101_133219-1024x576.jpg\" alt=\"\" class=\"wp-image-10395\" srcset=\"https:\/\/familie-weitgereist.de\/wp-content\/uploads\/2022\/07\/20140101_133219-1024x576.jpg 1024w, https:\/\/familie-weitgereist.de\/wp-content\/uploads\/2022\/07\/20140101_133219-300x169.jpg 300w, https:\/\/familie-weitgereist.de\/wp-content\/uploads\/2022\/07\/20140101_133219-768x432.jpg 768w, https:\/\/familie-weitgereist.de\/wp-content\/uploads\/2022\/07\/20140101_133219-1536x864.jpg 1536w, https:\/\/familie-weitgereist.de\/wp-content\/uploads\/2022\/07\/20140101_133219-2048x1152.jpg 2048w, https:\/\/familie-weitgereist.de\/wp-content\/uploads\/2022\/07\/20140101_133219-1200x675.jpg 1200w, https:\/\/familie-weitgereist.de\/wp-content\/uploads\/2022\/07\/20140101_133219-1980x1114.jpg 1980w, https:\/\/familie-weitgereist.de\/wp-content\/uploads\/2022\/07\/20140101_133219-150x84.jpg 150w\" sizes=\"auto, (max-width: 1024px) 100vw, 1024px\" \/><\/figure>\n\n\n\n<figure class=\"wp-block-image size-large\"><img loading=\"lazy\" decoding=\"async\" width=\"1024\" height=\"576\" data-id=\"10396\" src=\"https:\/\/familie-weitgereist.de\/wp-content\/uploads\/2022\/07\/20140101_134318-1024x576.jpg\" alt=\"\" class=\"wp-image-10396\" srcset=\"https:\/\/familie-weitgereist.de\/wp-content\/uploads\/2022\/07\/20140101_134318-1024x576.jpg 1024w, https:\/\/familie-weitgereist.de\/wp-content\/uploads\/2022\/07\/20140101_134318-300x169.jpg 300w, https:\/\/familie-weitgereist.de\/wp-content\/uploads\/2022\/07\/20140101_134318-768x432.jpg 768w, https:\/\/familie-weitgereist.de\/wp-content\/uploads\/2022\/07\/20140101_134318-1536x864.jpg 1536w, https:\/\/familie-weitgereist.de\/wp-content\/uploads\/2022\/07\/20140101_134318-2048x1152.jpg 2048w, https:\/\/familie-weitgereist.de\/wp-content\/uploads\/2022\/07\/20140101_134318-1200x675.jpg 1200w, https:\/\/familie-weitgereist.de\/wp-content\/uploads\/2022\/07\/20140101_134318-1980x1114.jpg 1980w, https:\/\/familie-weitgereist.de\/wp-content\/uploads\/2022\/07\/20140101_134318-150x84.jpg 150w\" sizes=\"auto, (max-width: 1024px) 100vw, 1024px\" \/><\/figure>\n<\/figure>\n\n\n\n<p>An Silvester haben wir die Altstadt von Breslau erkundet &#8211; was f\u00fcr ein Traum. Die Stadt hat so viele wundersch\u00f6ne Kirchen und die Odra flie\u00dft an der Altstadt entlang &#8211; das Flair ist wirklich unbeschreiblich.<br>Auch der Marktplatz ist so sch\u00f6n und die H\u00e4user sind alle wunderbar dekoriert. Man k\u00f6nnte denken man ist in Wien.<\/p>\n\n\n\n<p>Der Abend an sich war auch lustig. Wir haben uns mit Peach, Cherry und Strawberry Robby Bubble vergn\u00fcgt und das Feuerwerk in der Stadt angeschaut. Da waren vielleicht viele Leute, ganz Breslau war auf dem Marktplatz versammelt.<br>Es war echt sch\u00f6n!<\/p>\n\n\n\n<p>Heute, an meinem Geburtstag, haben wir erstmal ausgeschlafen bis wir am Nachmittag in den Stadtparks von Breslau spazieren waren.<\/p>\n\n\n\n<p>Morgen fahren wir wieder nach Dresden.<\/p>\n\n\n\n<p>Unser erstes Silvester und mein erster Geburtstag in Polen war spitze!<\/p>\n","protected":false},"excerpt":{"rendered":"<p>Frohes neues Jahr, ihr Lieben! \ud83d\ude42 Philipp, meine Schwester und ich haben uns f\u00fcr Silvester eine tolle Reise \u00fcberlegt &#8211; wir sind nach Wroclaw gefahren.Von Dresden ist man recht schnell hier, in 3 1\/2 Stunden bringt einen der deutsche Regionalexpress in&#8217;s Venedig Polens. Und diesen Namen hat sich Breslau wirklich verdient. Am 29.12.2013 sind wir [&hellip;]<\/p>\n","protected":false},"author":3,"featured_media":10393,"comment_status":"open","ping_status":"open","sticky":false,"template":"","format":"standard","meta":{"_themeisle_gutenberg_block_has_review":false,"footnotes":""},"categories":[658,8,4],"tags":[1803,186,187,181,1802],"class_list":["post-1019","post","type-post","status-publish","format-standard","has-post-thumbnail","hentry","category-polen","category-europa","category-laender","tag-aqua-park-breslau","tag-breslau","tag-polen","tag-silvester","tag-wroclaw"],"_links":{"self":[{"href":"https:\/\/familie-weitgereist.de\/index.php?rest_route=\/wp\/v2\/posts\/1019","targetHints":{"allow":["GET"]}}],"collection":[{"href":"https:\/\/familie-weitgereist.de\/index.php?rest_route=\/wp\/v2\/posts"}],"about":[{"href":"https:\/\/familie-weitgereist.de\/index.php?rest_route=\/wp\/v2\/types\/post"}],"author":[{"embeddable":true,"href":"https:\/\/familie-weitgereist.de\/index.php?rest_route=\/wp\/v2\/users\/3"}],"replies":[{"embeddable":true,"href":"https:\/\/familie-weitgereist.de\/index.php?rest_route=%2Fwp%2Fv2%2Fcomments&post=1019"}],"version-history":[{"count":11,"href":"https:\/\/familie-weitgereist.de\/index.php?rest_route=\/wp\/v2\/posts\/1019\/revisions"}],"predecessor-version":[{"id":23952,"href":"https:\/\/familie-weitgereist.de\/index.php?rest_route=\/wp\/v2\/posts\/1019\/revisions\/23952"}],"wp:featuredmedia":[{"embeddable":true,"href":"https:\/\/familie-weitgereist.de\/index.php?rest_route=\/wp\/v2\/media\/10393"}],"wp:attachment":[{"href":"https:\/\/familie-weitgereist.de\/index.php?rest_route=%2Fwp%2Fv2%2Fmedia&parent=1019"}],"wp:term":[{"taxonomy":"category","embeddable":true,"href":"https:\/\/familie-weitgereist.de\/index.php?rest_route=%2Fwp%2Fv2%2Fcategories&post=1019"},{"taxonomy":"post_tag","embeddable":true,"href":"https:\/\/familie-weitgereist.de\/index.php?rest_route=%2Fwp%2Fv2%2Ftags&post=1019"}],"curies":[{"name":"wp","href":"https:\/\/api.w.org\/{rel}","templated":true}]}}