{"id":1018,"date":"2014-03-20T21:08:00","date_gmt":"2014-03-20T20:08:00","guid":{"rendered":"http:\/\/wordpress\/?p=1018"},"modified":"2025-11-08T19:50:17","modified_gmt":"2025-11-08T18:50:17","slug":"teneriffa","status":"publish","type":"post","link":"https:\/\/familie-weitgereist.de\/?p=1018","title":{"rendered":"Eine Woche auf Teneriffa, Spanien"},"content":{"rendered":"\n<p>Meine Mutti hatte vor ein paar Tagen das Gl\u00fcck 50 Jahre alt zu werden und wegen diesem gro\u00dfen Anlass sind wir hier. \ud83d\ude00<\/p>\n\n\n\n<p>Teneriffa ist super! Die Insel ist sehr verschieden und ein wunderbares Wanderparadies. Die Landschaften zeugen von einer sehr diversen Flora und Fauna.<\/p>\n\n\n\n<div id=\"wp-block-themeisle-blocks-slider-e5ede850\" class=\"wp-block-themeisle-blocks-slider glide\" data-per-view=\"1\" data-gap=\"0\" data-peek=\"0\" data-autoplay=\"true\" data-height=\"400px\" data-hide-arrows=\"false\"><div class=\"glide__track\" data-glide-el=\"track\"><div class=\"glide__slides\"><div class=\"wp-block-themeisle-blocks-slider-item-wrapper glide__slide\" tabindex=\"0\"><figure><img decoding=\"async\" class=\"wp-block-themeisle-blocks-slider-item\" src=\"https:\/\/familie-weitgereist.de\/wp-content\/uploads\/2022\/07\/Teneriffa-Maerz-2014-071-scaled.jpg\" alt=\"\" title=\"\" data-id=\"10360\"\/><\/figure><\/div><div class=\"wp-block-themeisle-blocks-slider-item-wrapper glide__slide\" tabindex=\"0\"><figure><img decoding=\"async\" class=\"wp-block-themeisle-blocks-slider-item\" src=\"https:\/\/familie-weitgereist.de\/wp-content\/uploads\/2022\/07\/Teneriffa-Maerz-2014-095-scaled.jpg\" alt=\"\" title=\"\" data-id=\"10362\"\/><\/figure><\/div><div class=\"wp-block-themeisle-blocks-slider-item-wrapper glide__slide\" tabindex=\"0\"><figure><img decoding=\"async\" class=\"wp-block-themeisle-blocks-slider-item\" src=\"https:\/\/familie-weitgereist.de\/wp-content\/uploads\/2022\/07\/Teneriffa-Maerz-2014-107-scaled.jpg\" alt=\"\" title=\"\" data-id=\"10363\"\/><\/figure><\/div><div class=\"wp-block-themeisle-blocks-slider-item-wrapper glide__slide\" tabindex=\"0\"><figure><img decoding=\"async\" class=\"wp-block-themeisle-blocks-slider-item\" src=\"https:\/\/familie-weitgereist.de\/wp-content\/uploads\/2022\/07\/Teneriffa-Maerz-2014-124-scaled.jpg\" alt=\"\" title=\"\" data-id=\"10364\"\/><\/figure><\/div><div class=\"wp-block-themeisle-blocks-slider-item-wrapper glide__slide\" tabindex=\"0\"><figure><img decoding=\"async\" class=\"wp-block-themeisle-blocks-slider-item\" src=\"https:\/\/familie-weitgereist.de\/wp-content\/uploads\/2022\/07\/Teneriffa-Maerz-2014-146-scaled.jpg\" alt=\"\" title=\"\" data-id=\"10366\"\/><\/figure><\/div><div class=\"wp-block-themeisle-blocks-slider-item-wrapper glide__slide\" tabindex=\"0\"><figure><img decoding=\"async\" class=\"wp-block-themeisle-blocks-slider-item\" src=\"https:\/\/familie-weitgereist.de\/wp-content\/uploads\/2022\/07\/Teneriffa-Maerz-2014-233-scaled.jpg\" alt=\"\" title=\"\" data-id=\"10367\"\/><\/figure><\/div><\/div><div class=\"glide__bullets\" data-glide-el=\"controls[nav]\"><button class=\"glide__bullet\" data-glide-dir=\"=0\"><\/button><button class=\"glide__bullet\" data-glide-dir=\"=1\"><\/button><button class=\"glide__bullet\" data-glide-dir=\"=2\"><\/button><button class=\"glide__bullet\" data-glide-dir=\"=3\"><\/button><button class=\"glide__bullet\" data-glide-dir=\"=4\"><\/button><button class=\"glide__bullet\" data-glide-dir=\"=5\"><\/button><\/div><\/div><\/div>\n\n\n\n<p>Wir sind fast jeden Tag auf Wanderschaft gegangen. Einen Tag haben wir uns aber auch am Strand geg\u00f6nnt. (Sonnenstich inklusive)<br>Wandern war super. Manchmal anstrengend, manchmal auch entspannt aber vor allem konnten wir richtig viel sehen. \ud83d\ude42<\/p>\n\n\n\n<div id=\"wp-block-themeisle-blocks-slider-8806d359\" class=\"wp-block-themeisle-blocks-slider glide\" data-per-view=\"1\" data-gap=\"0\" data-peek=\"0\" data-autoplay=\"true\" data-height=\"400px\" data-hide-arrows=\"false\"><div class=\"glide__track\" data-glide-el=\"track\"><div class=\"glide__slides\"><div class=\"wp-block-themeisle-blocks-slider-item-wrapper glide__slide\" tabindex=\"0\"><figure><img decoding=\"async\" class=\"wp-block-themeisle-blocks-slider-item\" src=\"https:\/\/familie-weitgereist.de\/wp-content\/uploads\/2022\/07\/Teneriffa-Maerz-2014-346-scaled.jpg\" alt=\"\" title=\"\" data-id=\"10368\"\/><\/figure><\/div><div class=\"wp-block-themeisle-blocks-slider-item-wrapper glide__slide\" tabindex=\"0\"><figure><img decoding=\"async\" class=\"wp-block-themeisle-blocks-slider-item\" src=\"https:\/\/familie-weitgereist.de\/wp-content\/uploads\/2022\/07\/Teneriffa-Maerz-2014-364-scaled.jpg\" alt=\"\" title=\"\" data-id=\"10369\"\/><\/figure><\/div><div class=\"wp-block-themeisle-blocks-slider-item-wrapper glide__slide\" tabindex=\"0\"><figure><img decoding=\"async\" class=\"wp-block-themeisle-blocks-slider-item\" src=\"https:\/\/familie-weitgereist.de\/wp-content\/uploads\/2022\/07\/Teneriffa-Maerz-2014-380-scaled.jpg\" alt=\"\" title=\"\" data-id=\"10370\"\/><\/figure><\/div><div class=\"wp-block-themeisle-blocks-slider-item-wrapper glide__slide\" tabindex=\"0\"><figure><img decoding=\"async\" class=\"wp-block-themeisle-blocks-slider-item\" src=\"https:\/\/familie-weitgereist.de\/wp-content\/uploads\/2022\/07\/Teneriffa-Maerz-2014-407-scaled.jpg\" alt=\"\" title=\"\" data-id=\"10372\"\/><\/figure><\/div><div class=\"wp-block-themeisle-blocks-slider-item-wrapper glide__slide\" tabindex=\"0\"><figure><img decoding=\"async\" class=\"wp-block-themeisle-blocks-slider-item\" src=\"https:\/\/familie-weitgereist.de\/wp-content\/uploads\/2022\/07\/Teneriffa-Maerz-2014-438-scaled.jpg\" alt=\"\" title=\"\" data-id=\"10373\"\/><\/figure><\/div><\/div><div class=\"glide__bullets\" data-glide-el=\"controls[nav]\"><button class=\"glide__bullet\" data-glide-dir=\"=0\"><\/button><button class=\"glide__bullet\" data-glide-dir=\"=1\"><\/button><button class=\"glide__bullet\" data-glide-dir=\"=2\"><\/button><button class=\"glide__bullet\" data-glide-dir=\"=3\"><\/button><button class=\"glide__bullet\" data-glide-dir=\"=4\"><\/button><\/div><\/div><\/div>\n\n\n\n<p>Die Kr\u00f6nung war die Besteigung des Teide auf 3718 m (f\u00fcr mich bisher der h\u00f6chste Berg). Der Ausblick war wundersch\u00f6n. Jedoch hielten uns giftige Schwefeld\u00e4mpfe davon ab, allzu lang auf dem Gipfel zu verweilen.<\/p>\n\n\n\n<p>Die Wanderung in den Barranco Seco war landschaftlich auch gro\u00dfartig. Von dort konnten wir auch nach La Gomera schauen. Die Insel ist gar nicht weit weg.<\/p>\n\n\n\n<div id=\"wp-block-themeisle-blocks-slider-a96e4447\" class=\"wp-block-themeisle-blocks-slider glide\" data-per-view=\"1\" data-gap=\"0\" data-peek=\"0\" data-autoplay=\"true\" data-height=\"400px\" data-hide-arrows=\"false\"><div class=\"glide__track\" data-glide-el=\"track\"><div class=\"glide__slides\"><div class=\"wp-block-themeisle-blocks-slider-item-wrapper glide__slide\" tabindex=\"0\"><figure><img decoding=\"async\" class=\"wp-block-themeisle-blocks-slider-item\" src=\"https:\/\/familie-weitgereist.de\/wp-content\/uploads\/2022\/07\/Teneriffa-Maerz-2014-497-scaled.jpg\" alt=\"\" title=\"\" data-id=\"10375\"\/><\/figure><\/div><div class=\"wp-block-themeisle-blocks-slider-item-wrapper glide__slide\" tabindex=\"0\"><figure><img decoding=\"async\" class=\"wp-block-themeisle-blocks-slider-item\" src=\"https:\/\/familie-weitgereist.de\/wp-content\/uploads\/2022\/07\/Teneriffa-Maerz-2014-549-scaled.jpg\" alt=\"\" title=\"\" data-id=\"10377\"\/><\/figure><\/div><div class=\"wp-block-themeisle-blocks-slider-item-wrapper glide__slide\" tabindex=\"0\"><figure><img decoding=\"async\" class=\"wp-block-themeisle-blocks-slider-item\" src=\"https:\/\/familie-weitgereist.de\/wp-content\/uploads\/2022\/07\/Teneriffa-Maerz-2014-567-scaled.jpg\" alt=\"\" title=\"\" data-id=\"10379\"\/><\/figure><\/div><div class=\"wp-block-themeisle-blocks-slider-item-wrapper glide__slide\" tabindex=\"0\"><figure><img decoding=\"async\" class=\"wp-block-themeisle-blocks-slider-item\" src=\"https:\/\/familie-weitgereist.de\/wp-content\/uploads\/2022\/07\/Teneriffa-Maerz-2014-574-scaled.jpg\" alt=\"\" title=\"\" data-id=\"10380\"\/><\/figure><\/div><div class=\"wp-block-themeisle-blocks-slider-item-wrapper glide__slide\" tabindex=\"0\"><figure><img decoding=\"async\" class=\"wp-block-themeisle-blocks-slider-item\" src=\"https:\/\/familie-weitgereist.de\/wp-content\/uploads\/2022\/07\/Teneriffa-Maerz-2014-659-scaled.jpg\" alt=\"\" title=\"\" data-id=\"10381\"\/><\/figure><\/div><\/div><div class=\"glide__bullets\" data-glide-el=\"controls[nav]\"><button class=\"glide__bullet\" data-glide-dir=\"=0\"><\/button><button class=\"glide__bullet\" data-glide-dir=\"=1\"><\/button><button class=\"glide__bullet\" data-glide-dir=\"=2\"><\/button><button class=\"glide__bullet\" data-glide-dir=\"=3\"><\/button><button class=\"glide__bullet\" data-glide-dir=\"=4\"><\/button><\/div><\/div><\/div>\n\n\n\n<p>Na ja und um dem langweiligen schneearmen Winter in Deutschland mal Ad\u00e9 zu sagen, war dieser Urlaub auch ein Vergn\u00fcgen. Wir hatten durchg\u00e4ngig Sonne und immer 25\u00b0C.<\/p>\n\n\n\n<p>Liebste Gr\u00fc\u00dfe und bis zum n\u00e4chsten Abenteuer.<\/p>\n","protected":false},"excerpt":{"rendered":"<p>Meine Mutti hatte vor ein paar Tagen das Gl\u00fcck 50 Jahre alt zu werden und wegen diesem gro\u00dfen Anlass sind wir hier. \ud83d\ude00 Teneriffa ist super! Die Insel ist sehr verschieden und ein wunderbares Wanderparadies. Die Landschaften zeugen von einer sehr diversen Flora und Fauna. Wir sind fast jeden Tag auf Wanderschaft gegangen. Einen Tag [&hellip;]<\/p>\n","protected":false},"author":3,"featured_media":10363,"comment_status":"open","ping_status":"open","sticky":false,"template":"","format":"standard","meta":{"_themeisle_gutenberg_block_has_review":false,"footnotes":""},"categories":[246,8,4],"tags":[1801,143,866,188],"class_list":["post-1018","post","type-post","status-publish","format-standard","has-post-thumbnail","hentry","category-spanien","category-europa","category-laender","tag-barranco-seco","tag-spanien","tag-teide","tag-teneriffa"],"_links":{"self":[{"href":"https:\/\/familie-weitgereist.de\/index.php?rest_route=\/wp\/v2\/posts\/1018","targetHints":{"allow":["GET"]}}],"collection":[{"href":"https:\/\/familie-weitgereist.de\/index.php?rest_route=\/wp\/v2\/posts"}],"about":[{"href":"https:\/\/familie-weitgereist.de\/index.php?rest_route=\/wp\/v2\/types\/post"}],"author":[{"embeddable":true,"href":"https:\/\/familie-weitgereist.de\/index.php?rest_route=\/wp\/v2\/users\/3"}],"replies":[{"embeddable":true,"href":"https:\/\/familie-weitgereist.de\/index.php?rest_route=%2Fwp%2Fv2%2Fcomments&post=1018"}],"version-history":[{"count":11,"href":"https:\/\/familie-weitgereist.de\/index.php?rest_route=\/wp\/v2\/posts\/1018\/revisions"}],"predecessor-version":[{"id":10383,"href":"https:\/\/familie-weitgereist.de\/index.php?rest_route=\/wp\/v2\/posts\/1018\/revisions\/10383"}],"wp:featuredmedia":[{"embeddable":true,"href":"https:\/\/familie-weitgereist.de\/index.php?rest_route=\/wp\/v2\/media\/10363"}],"wp:attachment":[{"href":"https:\/\/familie-weitgereist.de\/index.php?rest_route=%2Fwp%2Fv2%2Fmedia&parent=1018"}],"wp:term":[{"taxonomy":"category","embeddable":true,"href":"https:\/\/familie-weitgereist.de\/index.php?rest_route=%2Fwp%2Fv2%2Fcategories&post=1018"},{"taxonomy":"post_tag","embeddable":true,"href":"https:\/\/familie-weitgereist.de\/index.php?rest_route=%2Fwp%2Fv2%2Ftags&post=1018"}],"curies":[{"name":"wp","href":"https:\/\/api.w.org\/{rel}","templated":true}]}}