{"id":10123,"date":"2022-07-06T18:52:26","date_gmt":"2022-07-06T16:52:26","guid":{"rendered":"https:\/\/familie-weitgereist.de\/?p=10123"},"modified":"2025-11-12T23:00:58","modified_gmt":"2025-11-12T22:00:58","slug":"reisen-in-der-schwangerschaft","status":"publish","type":"post","link":"https:\/\/familie-weitgereist.de\/?p=10123","title":{"rendered":"Reisen in der Schwangerschaft"},"content":{"rendered":"\n<p>In diesem Beitrag m\u00f6chte ich \u00fcber unsere Reisen in meinen Schwangerschaften berichten.<\/p>\n\n\n\n<figure class=\"wp-block-image size-large\"><img loading=\"lazy\" decoding=\"async\" width=\"1024\" height=\"768\" src=\"https:\/\/familie-weitgereist.de\/wp-content\/uploads\/2022\/07\/20220619051506_IMG_8112-1024x768.jpg\" alt=\"\" class=\"wp-image-10453\" srcset=\"https:\/\/familie-weitgereist.de\/wp-content\/uploads\/2022\/07\/20220619051506_IMG_8112-1024x768.jpg 1024w, https:\/\/familie-weitgereist.de\/wp-content\/uploads\/2022\/07\/20220619051506_IMG_8112-300x225.jpg 300w, https:\/\/familie-weitgereist.de\/wp-content\/uploads\/2022\/07\/20220619051506_IMG_8112-768x576.jpg 768w, https:\/\/familie-weitgereist.de\/wp-content\/uploads\/2022\/07\/20220619051506_IMG_8112-1536x1152.jpg 1536w, https:\/\/familie-weitgereist.de\/wp-content\/uploads\/2022\/07\/20220619051506_IMG_8112-2048x1536.jpg 2048w, https:\/\/familie-weitgereist.de\/wp-content\/uploads\/2022\/07\/20220619051506_IMG_8112-1200x900.jpg 1200w, https:\/\/familie-weitgereist.de\/wp-content\/uploads\/2022\/07\/20220619051506_IMG_8112-1980x1485.jpg 1980w, https:\/\/familie-weitgereist.de\/wp-content\/uploads\/2022\/07\/20220619051506_IMG_8112-150x113.jpg 150w\" sizes=\"auto, (max-width: 1024px) 100vw, 1024px\" \/><figcaption class=\"wp-element-caption\">Am Gro\u00dfglockner, \u00d6sterreich <\/figcaption><\/figure>\n\n\n\n<p>Wir haben in meiner ersten Schwangerschaft mit Merlin im Bauch schon einige Reisen unternommen, auch mit dem Flugzeug und waren ebenso in meiner zweiten Schwangerschaft wieder viel unterwegs. Diesmal jedoch mit Camper, Zug und Bus.<\/p>\n\n\n\n<p>Wie es uns dabei erging erfahrt ihr in diesem Beitrag.<\/p>\n\n\n\n<p>Da meine Schwangerschaften immer komplikationslos verliefen, hatte ich auch keinerlei Bedenken in dieser Zeit zu reisen. Jede Frau sollte dies jedoch mit ihrem Arzt, ihrer Hebamme und letztendlich auch f\u00fcr sich selbst abw\u00e4gen.<\/p>\n\n\n\n<p>F\u00fcr uns gibt es nichts sch\u00f6neres als unterwegs zu sein und die Welt zu erkunden. Ich k\u00f6nnte mir nur sehr schwer vorstellen, w\u00e4hrend der Schwangerschaften aufs Reisen zu verzichten. Wichtig ist, dass mit mir und dem Baby immer alles in Ordnung ist. Ich denke jedoch, dass man als Mama daf\u00fcr ein gutes Gesp\u00fcr hat.<\/p>\n\n\n\n<p><strong>Dies waren unsere Reisen in meiner 1.  Schwangerschaft:<\/strong><\/p>\n\n\n\n<p><strong>1.<\/strong> <strong>8 SSW: <a href=\"https:\/\/familie-weitgereist.de\/?p=971\">Wandern in Thale im Harz<\/a><\/strong><\/p>\n\n\n\n<p>Wir wanderten viel im Bodetal, waren den Hexen auf dem Hexentanzplatz in Thale auf der Spur und besuchten die Aussichtsplattform &#8222;Rosstrappe&#8220; mit Blick in den Canyon des Harzes. Zudem genossen wir einen Tag in der Bodetal Therme in Thale.<\/p>\n\n\n\n<p><strong>2. 18 &#8211; 22 SSW: Vier Wochen in Island:<\/strong><\/p>\n\n\n\n<ul class=\"wp-block-list\">\n<li><strong><a href=\"https:\/\/familie-weitgereist.de\/?p=970\">Reykjav\u00edk<\/a><\/strong><\/li>\n\n\n\n<li><strong><a href=\"https:\/\/familie-weitgereist.de\/?p=969\">Wandern in Island<\/a><\/strong><\/li>\n\n\n\n<li><strong><a href=\"https:\/\/familie-weitgereist.de\/?p=968\">Roadtrip in Island<\/a><\/strong><\/li>\n<\/ul>\n\n\n\n<p>In Island waren wir insgesamt vier Wochen. Island ist so vielf\u00e4ltig und so konnten wir in vier Wochen sehr viel von diesem wundersch\u00f6nen Land im Atlantik erkunden. <\/p>\n\n\n\n<p>Wir verbrachten ein paar Tage in Reykjav\u00edk und \u00fcbernachteten dort auf dem Zeltplatz.<\/p>\n\n\n\n<p>Wir wanderten die Weitwanderwege Laugavegur und Fimmv\u00f6rduhals im s\u00fcdlichen Hochland von Island. Dies war ein grandioses Abenteuer und f\u00fcr mich im 2. Trimester der Schwangerschaft auch nicht zu anstrengend. <\/p>\n\n\n\n<p>F\u00fcr die letzten beiden Wochen unserer Reise mieteten wir uns ein Auto. Das war ziemlich teuer, hat sich f\u00fcr uns dennoch ausgezahlt, da wir das Auto auch als \u00dcbernachtungsm\u00f6glichkeit nutzten und somit \u00fcberall hinkamen und in grandioser Umgebung \u00fcbernachten konnten.<\/p>\n\n\n\n<p> <strong>3. 25 SSW: <a href=\"https:\/\/familie-weitgereist.de\/?p=966\">Klassenfahrt nach M\u00e1laga, Spanien<\/a> <\/strong><\/p>\n\n\n\n<p>Im neuen Schuljahr stand noch eine Klassenfahrt nach Spanien an. Eine Kollegin und ich flogen von Berlin nach M\u00e1laga in Spanien. Dort verbrachten wir sechs Tage. Wir erkundeten mit unserer Klasse M\u00e1laga, entspannten aber auch am Strand, w\u00e4hrend die Kinder ihren Spanisch Sprachkurs hatten.<\/p>\n\n\n\n<p><strong>In meiner ersten Schwangerschaft haben wir drei L\u00e4nder bereist.<\/strong><\/p>\n\n\n\n<p><strong>Dies waren unsere Reisen in meiner 2. Schwangerschaft:<\/strong><\/p>\n\n\n\n<p><strong>1.<\/strong> <strong>12 SSW: <a href=\"https:\/\/familie-weitgereist.de\/?p=7370\">Winterurlaub in Polen<\/a><\/strong><\/p>\n\n\n\n<p>Die erste Reise in meiner 2. Schwangerschaft ging f\u00fcr uns nach Karpacz in Polen. Dort verbrachten wir eine Woche. Ich fuhr Snowboard und Merlin hatte seinen ersten Skikurs.<\/p>\n\n\n\n<p> <strong>2. Workation Aufenthalte in Kroatien:<\/strong><\/p>\n\n\n\n<ul class=\"wp-block-list\">\n<li><strong>18 &#8211; 23 SSW: <a href=\"https:\/\/familie-weitgereist.de\/?p=7753\">Makarska<\/a><\/strong><\/li>\n\n\n\n<li><strong>23 &#8211; 24 SSW: <a href=\"https:\/\/familie-weitgereist.de\/?p=8147\">Insel Bra\u010d<\/a><\/strong><\/li>\n\n\n\n<li><strong>24 &#8211; 28 SSW: <a href=\"https:\/\/familie-weitgereist.de\/?p=8255\">Suko\u0161an<\/a><\/strong><\/li>\n\n\n\n<li><strong>28 SSW: <a href=\"https:\/\/familie-weitgereist.de\/?p=8649\">Insel Rab<\/a><\/strong><\/li>\n\n\n\n<li><strong>29 SSW: <a href=\"https:\/\/familie-weitgereist.de\/?p=8730\">Insel Krk<\/a><\/strong><\/li>\n<\/ul>\n\n\n\n<p>Den Gro\u00dfteil meiner 2. Schwangerschaft verbrachten wir in Kroatien. Philipp konnte remote arbeiten und Merlin und ich verbrachten unendlich viele sch\u00f6ne Momente in dem tollen Land. Wir haben so viel erkundet. Am Wochenende haben wir immer gr\u00f6\u00dfere Ausfl\u00fcge unternommen und so konnten wir richtig viel von Kroatien entdecken.<\/p>\n\n\n\n<p><strong>3. 30 &#8211; 31 SSW: <a href=\"https:\/\/familie-weitgereist.de\/?p=8920\">Roadtrip durch Slowenien<\/a><\/strong><\/p>\n\n\n\n<p>Diese Reise war super spannend, da ich mich fragte, wie es wohl sein wird, in unserem Camper zu schlafen. Es war so super und hat wie immer mega viel Spa\u00df gemacht. Trotz etwas gr\u00f6\u00dferem Bauch, war das Schlafen \u00fcberhaupt kein Problem und es war ein tolles Abenteuer! Wir sind mit unserem Camper von der slowenischen K\u00fcste in den Triglav Nationalpark gefahren. Wir waren wandern und haben viele H\u00f6hlen erkundet.<\/p>\n\n\n\n<p> <strong>4. Workation Aufenthalte in \u00d6sterreich: <\/strong><\/p>\n\n\n\n<ul class=\"wp-block-list\">\n<li><strong>31 &#8211; 32 SSW: <a href=\"https:\/\/familie-weitgereist.de\/?p=9130\">K\u00e4rnten<\/a><\/strong><\/li>\n\n\n\n<li><strong>32 &#8211; 34 SSW: <a href=\"https:\/\/familie-weitgereist.de\/?p=9289\">Tirol<\/a><\/strong><\/li>\n<\/ul>\n\n\n\n<p>\u00d6sterreich bildete den Abschluss unserer Reisen w\u00e4hrend meiner 2. Schwangerschaft. Wir verbrachten wundersch\u00f6ne Tage auf den Almen, entdeckten die grandiosen Erlebniswelten der Alpen, wanderten und nutzten jeden Tag die Berglifte.<\/p>\n\n\n\n<p><strong>5. Erkundungen mit dem Zug durch Brandenburg und Sachsen, Deutschland:<\/strong><\/p>\n\n\n\n<ul class=\"wp-block-list\">\n<li><strong>35 &#8211; 42 SSW: <\/strong><a href=\"https:\/\/familie-weitgereist.de\/?p=10506\"><strong>Trips mit dem &#8222;9\u20ac Ticket&#8220;<\/strong><\/a><\/li>\n<\/ul>\n\n\n\n<p>Die letzten Wochen vor der Geburt verbrachten wir in Deutschland. Zu der Zeit hatte Deutschland eine Aktion mit der Bahn. F\u00fcr 9\u20ac im Monat konnten wir den \u00f6ffentlichen Nahverkehr in ganz Deutschland nutzen. Wir unternahmen daher viele Ausfl\u00fcge in der Region mit Bus und Bahn.<\/p>\n\n\n\n<p><strong>In meiner zweiten Schwangerschaft haben wir 6 L\u00e4nder bereist.<\/strong><\/p>\n\n\n\n<p><strong>Dies waren unsere Reisen in meiner 3. Schwangerschaft:<\/strong><\/p>\n\n\n\n<ul class=\"wp-block-list\">\n<li><strong>2 &#8211; 3 SSW: <a href=\"https:\/\/familie-weitgereist.de\/?p=19496\" data-type=\"link\" data-id=\"https:\/\/familie-weitgereist.de\/?p=19496\">Wandern in Serfaus-Fiss-Ladis, \u00d6sterreich <\/a><\/strong><\/li>\n<\/ul>\n\n\n\n<p>Wir hatten eine wunderbare Woche in den Erlebnisbergen von Serfaus-Fiss-Ladis. Es gibt so viele Spiele-und Erlebnis-Welten in den \u00f6sterreichischen Bergen. Wir haben unseren gratis Liftpass genutzt und waren jeden Tag in den Bergen unterwegs, wandern und spielen. Es war wunderbar!<\/p>\n\n\n\n<ul class=\"wp-block-list\">\n<li><strong>10 SSW: <a href=\"https:\/\/familie-weitgereist.de\/?p=19958\" data-type=\"link\" data-id=\"https:\/\/familie-weitgereist.de\/?p=19958\">Dubai, Vereinigte Arabische Emirate <\/a><\/strong><\/li>\n<\/ul>\n\n\n\n<p>Wir haben eine Woche der Herbstferien in Dubai verbracht. Dort haben wir die Stadt erkundet und waren im h\u00f6chsten Geb\u00e4ude der Welt im 125. Stockwerk.<\/p>\n\n\n\n<ul class=\"wp-block-list\">\n<li><strong>11 SSW: <a href=\"https:\/\/familie-weitgereist.de\/?p=20096\" data-type=\"link\" data-id=\"https:\/\/familie-weitgereist.de\/?p=20096\">Resorturlaub in der T\u00fcrkei<\/a><\/strong><\/li>\n<\/ul>\n\n\n\n<p>Da ich diesmal im 1. Trimester meiner Schwangerschaft mit viel M\u00fcdigkeit zu k\u00e4mpfen hatte, wollten wir es in der 2. Woche der Herbstferien entspannt angehen lassen und haben 5 Tage in einem All-inclusive Resort in der N\u00e4he von Antalya in der T\u00fcrkei verbracht. F\u00fcr uns war es der erste Resort Urlaub und es war wirklich eine coole Erfahrung.<\/p>\n\n\n\n<ul class=\"wp-block-list\">\n<li><strong>17 &#8211; 18 SSW:<\/strong> <strong><a href=\"https:\/\/familie-weitgereist.de\/?p=20218\" data-type=\"link\" data-id=\"https:\/\/familie-weitgereist.de\/?p=20218\">Adventszeit im Elsass, Frankreich<\/a><\/strong><\/li>\n<\/ul>\n\n\n\n<p>Im Dezember haben wir einen wundersch\u00f6nen Ausflug in das weihnachtliche Elsass unternommen. Wir haben Strasbourg, Colmar, Riquewihr und Eguisheim besucht und waren von der Weihnachtsmagie verzaubert.<\/p>\n\n\n\n<ul class=\"wp-block-list\">\n<li><strong>18 SSW:<\/strong> <strong><a href=\"https:\/\/familie-weitgereist.de\/?p=20383\" data-type=\"link\" data-id=\"https:\/\/familie-weitgereist.de\/?p=20383\">Adventszeit in Basel, Schweiz<\/a><\/strong><\/li>\n<\/ul>\n\n\n\n<p>Wir haben einen genialen Ausflug von Herbolzheim im <strong><a href=\"https:\/\/familie-weitgereist.de\/?p=20255\" data-type=\"link\" data-id=\"https:\/\/familie-weitgereist.de\/?p=20255\">Schwarzwald<\/a><\/strong>, wo wir auch viele Ausfl\u00fcge unternommen haben, u.a. nach Freiburg im Breisgau, nach Basel in der Schweiz unternommen. Auch hier haben wir die Stadt zur Adventszeit erlebt.<\/p>\n\n\n\n<ul class=\"wp-block-list\">\n<li><strong>20 SSW: <a href=\"https:\/\/familie-weitgereist.de\/?p=20503\" data-type=\"link\" data-id=\"https:\/\/familie-weitgereist.de\/?p=20503\">Estland im Baltikum<\/a><\/strong><\/li>\n<\/ul>\n\n\n\n<p>Am 2. Weihnachtsfeiertag sind wir nach Tallinn in Estland geflogen und haben eine Woche lang das n\u00f6rdlichste und kleinste Land im Baltikum bereist. Wir waren in der Hauptstadt Tallinn und auf der Insel <a href=\"https:\/\/familie-weitgereist.de\/?p=20645\" data-type=\"link\" data-id=\"https:\/\/familie-weitgereist.de\/?p=20645\"><strong>Hiiumaa<\/strong><\/a>.<\/p>\n\n\n\n<ul class=\"wp-block-list\">\n<li><strong>21 SSW: <a href=\"https:\/\/familie-weitgereist.de\/?p=20759\" data-type=\"link\" data-id=\"https:\/\/familie-weitgereist.de\/?p=20759\">St\u00e4dtetrip Riga, Lettland<\/a><\/strong><\/li>\n<\/ul>\n\n\n\n<p>Da es viel g\u00fcnstiger war, von Estland \u00fcber Riga in Lettland, zur\u00fcck nach Berlin zu fliegen, hatten wir einen wundervollen Wochenendtrip in Riga.<\/p>\n\n\n\n<ul class=\"wp-block-list\">\n<li><strong>24 SSW: <a href=\"https:\/\/familie-weitgereist.de\/?p=20892\" data-type=\"link\" data-id=\"https:\/\/familie-weitgereist.de\/?p=20892\">Winterurlaub Bayerischer Wald, Deutschland<\/a><\/strong><\/li>\n<\/ul>\n\n\n\n<p>Wir hatten eine wunderbare Woche im Bayerischen Wald. Wir waren Snowboarden, Skifahren und Rodeln. Mit unserer G\u00e4stekarte haben wir noch viele andere Aktivit\u00e4ten unternommen und es hat richtig viel Spa\u00df gemacht.<\/p>\n\n\n\n<ul class=\"wp-block-list\">\n<li><strong>26 SSW: <a href=\"https:\/\/familie-weitgereist.de\/?p=21031\" data-type=\"link\" data-id=\"https:\/\/familie-weitgereist.de\/?p=21031\">Roadtrip Italien<\/a><\/strong><\/li>\n<\/ul>\n\n\n\n<p>Wir sind mit unserem Camper noch einmal auf eine l\u00e4ngere <strong>Europatour<\/strong> gegangen, bevor unser 3. Baby auf die Welt kam. Wir haben Italien als Durchreiseland genutzt, haben uns jedoch auch neue Orte angesehen.<\/p>\n\n\n\n<ul class=\"wp-block-list\">\n<li><strong>27 SSW: <a href=\"https:\/\/familie-weitgereist.de\/?p=21056\" data-type=\"link\" data-id=\"https:\/\/familie-weitgereist.de\/?p=21056\">Tagesausflug San Marino<\/a><\/strong><\/li>\n<\/ul>\n\n\n\n<p>Wir hatten einen wunderbaren Tag in San Marino. F\u00fcr die Jungs war es ein Besuch in Merlins 51. und Maris 39. Reiseland. Wir haben die Altstadt und das historische Zentrum von San Marino erkundet, sind auf dem Hexenweg gewandert und haben weitere Orte in dem kleinen Land erkundet.<\/p>\n\n\n\n<ul class=\"wp-block-list\">\n<li><strong>28 &#8211; 31 SSW: <a href=\"https:\/\/familie-weitgereist.de\/?p=21116\" data-type=\"link\" data-id=\"https:\/\/familie-weitgereist.de\/?p=21116\">Workation Griechenland<\/a><\/strong> <\/li>\n<\/ul>\n\n\n\n<p>In Griechenland haben wir drei Wochen verbracht. Wir waren auf der Insel Lefkada und in dem kleinen K\u00fcstenort Peraia, unweit von Thessaloniki.<\/p>\n\n\n\n<ul class=\"wp-block-list\">\n<li><strong>31 &#8211; 32 SSW: <a href=\"https:\/\/familie-weitgereist.de\/?p=21337\" data-type=\"link\" data-id=\"https:\/\/familie-weitgereist.de\/?p=21337\">Workation Plowdiw, Bulgarien<\/a><\/strong><\/li>\n<\/ul>\n\n\n\n<p>Von Peraia sind wir weiter nach Plowdiw in Bulgarien gereist. In der \u00e4ltesten, st\u00e4ndig bewohnten Stadt Europas haben wir eine wundersch\u00f6ne Woche verbracht. Es gibt so viel zu sehen, da die griechische, r\u00f6mische und osmanische Einfl\u00fcsse hat.<\/p>\n\n\n\n<ul class=\"wp-block-list\">\n<li><strong>32 &#8211; 33 SSW: <a href=\"https:\/\/familie-weitgereist.de\/?p=21444\" data-type=\"link\" data-id=\"https:\/\/familie-weitgereist.de\/?p=21444\">Workation Sokobanja, Serbien<\/a><\/strong><\/li>\n<\/ul>\n\n\n\n<p>Von Bulgarien reisten wir weiter n\u00f6rdlich nach Sokobanja in Serbien. Es war unser allererstes Mal in Serbien. Der kleine Ort in den Bergen ist ein anerkannter Kurort und wirklich total toll!<\/p>\n\n\n\n<figure class=\"wp-block-image size-large\"><img loading=\"lazy\" decoding=\"async\" width=\"768\" height=\"1024\" src=\"https:\/\/familie-weitgereist.de\/wp-content\/uploads\/2025\/03\/IMG_20250325_170604-768x1024.jpg\" alt=\"\" class=\"wp-image-21496\" srcset=\"https:\/\/familie-weitgereist.de\/wp-content\/uploads\/2025\/03\/IMG_20250325_170604-768x1024.jpg 768w, https:\/\/familie-weitgereist.de\/wp-content\/uploads\/2025\/03\/IMG_20250325_170604-225x300.jpg 225w, https:\/\/familie-weitgereist.de\/wp-content\/uploads\/2025\/03\/IMG_20250325_170604-1152x1536.jpg 1152w, https:\/\/familie-weitgereist.de\/wp-content\/uploads\/2025\/03\/IMG_20250325_170604-1536x2048.jpg 1536w, https:\/\/familie-weitgereist.de\/wp-content\/uploads\/2025\/03\/IMG_20250325_170604-1200x1600.jpg 1200w, https:\/\/familie-weitgereist.de\/wp-content\/uploads\/2025\/03\/IMG_20250325_170604-1980x2640.jpg 1980w, https:\/\/familie-weitgereist.de\/wp-content\/uploads\/2025\/03\/IMG_20250325_170604-640x853.jpg 640w, https:\/\/familie-weitgereist.de\/wp-content\/uploads\/2025\/03\/IMG_20250325_170604-150x200.jpg 150w, https:\/\/familie-weitgereist.de\/wp-content\/uploads\/2025\/03\/IMG_20250325_170604-scaled.jpg 1920w\" sizes=\"auto, (max-width: 768px) 100vw, 768px\" \/><\/figure>\n\n\n\n<ul class=\"wp-block-list\">\n<li><strong>33 &#8211; 34 SSW: <a href=\"https:\/\/familie-weitgereist.de\/?p=21527\" data-type=\"link\" data-id=\"https:\/\/familie-weitgereist.de\/?p=21527\">Workation in Si\u00f3fok am Balaton in Ungarn<\/a> <\/strong><\/li>\n<\/ul>\n\n\n\n<p>Von Sokobanja in Serbien reisten wir weiter n\u00f6rdlich an den Balaton in Ungarn. Der Balaton ist so sch\u00f6n und der Ort Si\u00f3fok bietet wirklich viel f\u00fcr Kinder und Touristen. Wir hatten so eine tolle Woche!<\/p>\n\n\n\n<figure class=\"wp-block-image size-large\"><img loading=\"lazy\" decoding=\"async\" width=\"1024\" height=\"768\" src=\"https:\/\/familie-weitgereist.de\/wp-content\/uploads\/2025\/03\/IMG_20250331_173947-1024x768.jpg\" alt=\"\" class=\"wp-image-21552\" srcset=\"https:\/\/familie-weitgereist.de\/wp-content\/uploads\/2025\/03\/IMG_20250331_173947-1024x768.jpg 1024w, https:\/\/familie-weitgereist.de\/wp-content\/uploads\/2025\/03\/IMG_20250331_173947-300x225.jpg 300w, https:\/\/familie-weitgereist.de\/wp-content\/uploads\/2025\/03\/IMG_20250331_173947-768x576.jpg 768w, https:\/\/familie-weitgereist.de\/wp-content\/uploads\/2025\/03\/IMG_20250331_173947-1536x1152.jpg 1536w, https:\/\/familie-weitgereist.de\/wp-content\/uploads\/2025\/03\/IMG_20250331_173947-2048x1536.jpg 2048w, https:\/\/familie-weitgereist.de\/wp-content\/uploads\/2025\/03\/IMG_20250331_173947-1200x900.jpg 1200w, https:\/\/familie-weitgereist.de\/wp-content\/uploads\/2025\/03\/IMG_20250331_173947-1980x1485.jpg 1980w, https:\/\/familie-weitgereist.de\/wp-content\/uploads\/2025\/03\/IMG_20250331_173947-150x113.jpg 150w\" sizes=\"auto, (max-width: 1024px) 100vw, 1024px\" \/><\/figure>\n\n\n\n<p><strong>35 &#8211; 42 SSW: <\/strong>Ausfl\u00fcge in der<strong> <a href=\"https:\/\/familie-weitgereist.de\/?p=21800\" data-type=\"link\" data-id=\"https:\/\/familie-weitgereist.de\/?p=21800\">Oberlausitz<\/a><\/strong>, im <strong><a href=\"https:\/\/familie-weitgereist.de\/?p=1374\" data-type=\"link\" data-id=\"https:\/\/familie-weitgereist.de\/?p=1374\">Spreewald<\/a><\/strong> und im <strong><a href=\"https:\/\/familie-weitgereist.de\/?p=16825\/#auerswalde\" data-type=\"link\" data-id=\"https:\/\/familie-weitgereist.de\/?p=16825\/#auerswalde\">Erzgebirge<\/a><\/strong><\/p>\n\n\n\n<p>Die letzten Wochen vor der Geburt waren wir in Deutschland und haben noch viele Tagesausfl\u00fcge und Familienbesuche unternommen.<\/p>\n\n\n\n<figure class=\"wp-block-image size-large\"><img loading=\"lazy\" decoding=\"async\" width=\"1024\" height=\"768\" src=\"https:\/\/familie-weitgereist.de\/wp-content\/uploads\/2020\/09\/IMG_20250524_120650-1024x768.jpg\" alt=\"\" class=\"wp-image-21736\" srcset=\"https:\/\/familie-weitgereist.de\/wp-content\/uploads\/2020\/09\/IMG_20250524_120650-1024x768.jpg 1024w, https:\/\/familie-weitgereist.de\/wp-content\/uploads\/2020\/09\/IMG_20250524_120650-300x225.jpg 300w, https:\/\/familie-weitgereist.de\/wp-content\/uploads\/2020\/09\/IMG_20250524_120650-768x576.jpg 768w, https:\/\/familie-weitgereist.de\/wp-content\/uploads\/2020\/09\/IMG_20250524_120650-1536x1152.jpg 1536w, https:\/\/familie-weitgereist.de\/wp-content\/uploads\/2020\/09\/IMG_20250524_120650-2048x1536.jpg 2048w, https:\/\/familie-weitgereist.de\/wp-content\/uploads\/2020\/09\/IMG_20250524_120650-1200x900.jpg 1200w, https:\/\/familie-weitgereist.de\/wp-content\/uploads\/2020\/09\/IMG_20250524_120650-1980x1485.jpg 1980w, https:\/\/familie-weitgereist.de\/wp-content\/uploads\/2020\/09\/IMG_20250524_120650-150x113.jpg 150w\" sizes=\"auto, (max-width: 1024px) 100vw, 1024px\" \/><\/figure>\n\n\n\n<p><strong>In meiner dritten Schwangerschaft haben wir 14 L\u00e4nder bereist.<\/strong><\/p>\n","protected":false},"excerpt":{"rendered":"<p>In diesem Beitrag m\u00f6chte ich \u00fcber unsere Reisen in meinen Schwangerschaften berichten. Wir haben in meiner ersten Schwangerschaft mit Merlin im Bauch schon einige Reisen unternommen, auch mit dem Flugzeug und waren ebenso in meiner zweiten Schwangerschaft wieder viel unterwegs. Diesmal jedoch mit Camper, Zug und Bus. Wie es uns dabei erging erfahrt ihr in [&hellip;]<\/p>\n","protected":false},"author":3,"featured_media":10453,"comment_status":"open","ping_status":"open","sticky":false,"template":"","format":"standard","meta":{"_themeisle_gutenberg_block_has_review":false,"footnotes":""},"categories":[8,1,5,1753,264,242,1515,257,271,253,239,270,4,1516,236,658,1762,1763,294,238,1562,296,246,659,273,263,1466],"tags":[159,325,1455,1493,191,272,140,178,184,1509,240,187,295,697,1491,198,1554,298,143,275,167,1456],"class_list":["post-10123","post","type-post","status-publish","format-standard","has-post-thumbnail","hentry","category-europa","category-allgemein","category-asien","category-brandenburg","category-bulgarien","category-deutschland","category-estland","category-frankreich","category-griechenland","category-island","category-italien","category-kroatien","category-laender","category-lettland","category-oesterreich","category-polen","category-sachsen","category-sachsen-anhalt","category-san-marino","category-schweiz","category-serbien","category-slowenien","category-spanien","category-tschechien","category-tuerkei","category-ungarn","category-vereinigte-arabische-emirate","tag-bulgarien","tag-deutschland","tag-dubai","tag-estland","tag-frankreich","tag-griechenland","tag-island","tag-italien","tag-kroatien","tag-lettland","tag-oesterreich","tag-polen","tag-san-marino","tag-schwangerschaft","tag-schwarzwald","tag-schweiz","tag-serbien","tag-slowenien","tag-spanien","tag-tuerkei","tag-ungarn","tag-vereinigte-arabische-emirate"],"_links":{"self":[{"href":"https:\/\/familie-weitgereist.de\/index.php?rest_route=\/wp\/v2\/posts\/10123","targetHints":{"allow":["GET"]}}],"collection":[{"href":"https:\/\/familie-weitgereist.de\/index.php?rest_route=\/wp\/v2\/posts"}],"about":[{"href":"https:\/\/familie-weitgereist.de\/index.php?rest_route=\/wp\/v2\/types\/post"}],"author":[{"embeddable":true,"href":"https:\/\/familie-weitgereist.de\/index.php?rest_route=\/wp\/v2\/users\/3"}],"replies":[{"embeddable":true,"href":"https:\/\/familie-weitgereist.de\/index.php?rest_route=%2Fwp%2Fv2%2Fcomments&post=10123"}],"version-history":[{"count":64,"href":"https:\/\/familie-weitgereist.de\/index.php?rest_route=\/wp\/v2\/posts\/10123\/revisions"}],"predecessor-version":[{"id":22000,"href":"https:\/\/familie-weitgereist.de\/index.php?rest_route=\/wp\/v2\/posts\/10123\/revisions\/22000"}],"wp:featuredmedia":[{"embeddable":true,"href":"https:\/\/familie-weitgereist.de\/index.php?rest_route=\/wp\/v2\/media\/10453"}],"wp:attachment":[{"href":"https:\/\/familie-weitgereist.de\/index.php?rest_route=%2Fwp%2Fv2%2Fmedia&parent=10123"}],"wp:term":[{"taxonomy":"category","embeddable":true,"href":"https:\/\/familie-weitgereist.de\/index.php?rest_route=%2Fwp%2Fv2%2Fcategories&post=10123"},{"taxonomy":"post_tag","embeddable":true,"href":"https:\/\/familie-weitgereist.de\/index.php?rest_route=%2Fwp%2Fv2%2Ftags&post=10123"}],"curies":[{"name":"wp","href":"https:\/\/api.w.org\/{rel}","templated":true}]}}