{"id":1012,"date":"2014-08-28T13:10:00","date_gmt":"2014-08-28T11:10:00","guid":{"rendered":"http:\/\/wordpress\/?p=1012"},"modified":"2025-11-08T18:47:37","modified_gmt":"2025-11-08T17:47:37","slug":"kas-tuerkei","status":"publish","type":"post","link":"https:\/\/familie-weitgereist.de\/?p=1012","title":{"rendered":"Erkundung von Ka\u015f, T\u00fcrkei"},"content":{"rendered":"\n<p>Merhaba! \ud83d\ude42<\/p>\n\n\n\n<p>Wir sind gerade total am Entspannen. \ud83d\ude42 Sommer, Sonne, hellblaues Meer und wir. Besser kann es gerade gar nicht sein.<br>Nachdem wir 169km gelaufen sind, ca. 6000 H\u00f6henmeter \u00fcberwunden haben, tut es so gut, einfach in Sandalen und ohne Rucksack zu schlendern. \ud83d\ude09<\/p>\n\n\n\n<p>Wir sind auf einem Zeltplatz in Kas, direkt am Meer. Unser Zelt steht unter schattenspendenen Olivenb\u00e4umen und wir h\u00f6ren den ganzen Tag das Meer rauschen. Es ist super! \ud83d\ude00<\/p>\n\n\n\n<div id=\"wp-block-themeisle-blocks-slider-75fac172\" class=\"wp-block-themeisle-blocks-slider glide\" data-per-view=\"1\" data-gap=\"0\" data-peek=\"0\" data-autoplay=\"true\" data-height=\"400px\" data-hide-arrows=\"false\"><div class=\"glide__track\" data-glide-el=\"track\"><div class=\"glide__slides\"><div class=\"wp-block-themeisle-blocks-slider-item-wrapper glide__slide\" tabindex=\"0\"><figure><img decoding=\"async\" class=\"wp-block-themeisle-blocks-slider-item\" src=\"https:\/\/familie-weitgereist.de\/wp-content\/uploads\/2022\/07\/IMG_20140826_180956-scaled.jpg\" alt=\"\" title=\"\" data-id=\"10077\"\/><\/figure><\/div><div class=\"wp-block-themeisle-blocks-slider-item-wrapper glide__slide\" tabindex=\"0\"><figure><img decoding=\"async\" class=\"wp-block-themeisle-blocks-slider-item\" src=\"https:\/\/familie-weitgereist.de\/wp-content\/uploads\/2022\/07\/IMG_20140827_101855-scaled.jpg\" alt=\"\" title=\"\" data-id=\"10079\"\/><\/figure><\/div><div class=\"wp-block-themeisle-blocks-slider-item-wrapper glide__slide\" tabindex=\"0\"><figure><img decoding=\"async\" class=\"wp-block-themeisle-blocks-slider-item\" src=\"https:\/\/familie-weitgereist.de\/wp-content\/uploads\/2022\/07\/IMG_20140827_101907-scaled.jpg\" alt=\"\" title=\"\" data-id=\"10080\"\/><\/figure><\/div><div class=\"wp-block-themeisle-blocks-slider-item-wrapper glide__slide\" tabindex=\"0\"><figure><img decoding=\"async\" class=\"wp-block-themeisle-blocks-slider-item\" src=\"https:\/\/familie-weitgereist.de\/wp-content\/uploads\/2022\/07\/IMG_20140827_133510-scaled.jpg\" alt=\"\" title=\"\" data-id=\"10081\"\/><\/figure><\/div><div class=\"wp-block-themeisle-blocks-slider-item-wrapper glide__slide\" tabindex=\"0\"><figure><img decoding=\"async\" class=\"wp-block-themeisle-blocks-slider-item\" src=\"https:\/\/familie-weitgereist.de\/wp-content\/uploads\/2022\/07\/IMG_20140828_091449-scaled.jpg\" alt=\"\" title=\"\" data-id=\"10082\"\/><\/figure><\/div><div class=\"wp-block-themeisle-blocks-slider-item-wrapper glide__slide\" tabindex=\"0\"><figure><img decoding=\"async\" class=\"wp-block-themeisle-blocks-slider-item\" src=\"https:\/\/familie-weitgereist.de\/wp-content\/uploads\/2022\/07\/IMG_20140828_120247-scaled.jpg\" alt=\"\" title=\"\" data-id=\"10085\"\/><\/figure><\/div><\/div><div class=\"glide__bullets\" data-glide-el=\"controls[nav]\"><button class=\"glide__bullet\" data-glide-dir=\"=0\"><\/button><button class=\"glide__bullet\" data-glide-dir=\"=1\"><\/button><button class=\"glide__bullet\" data-glide-dir=\"=2\"><\/button><button class=\"glide__bullet\" data-glide-dir=\"=3\"><\/button><button class=\"glide__bullet\" data-glide-dir=\"=4\"><\/button><button class=\"glide__bullet\" data-glide-dir=\"=5\"><\/button><\/div><\/div><\/div>\n\n\n\n<p>Und weil wir uns so viel Entspannung verdient haben, haben wir heute das F\u00e4hrticket nach Megisti gebucht. \ud83d\ude00 F\u00fcr alle die nicht wissen wo das ist, es ist eine griechische Insel, 2,5km von der t\u00fcrkischen K\u00fcste bei Kas entfernt. Ich habe vorher aber auch noch nichts von dieser mini Insel geh\u00f6rt. Hihi<\/p>\n\n\n\n<div id=\"wp-block-themeisle-blocks-slider-a2e67f75\" class=\"wp-block-themeisle-blocks-slider glide\" data-per-view=\"1\" data-gap=\"0\" data-peek=\"0\" data-autoplay=\"true\" data-height=\"400px\" data-hide-arrows=\"false\"><div class=\"glide__track\" data-glide-el=\"track\"><div class=\"glide__slides\"><div class=\"wp-block-themeisle-blocks-slider-item-wrapper glide__slide\" tabindex=\"0\"><figure><img decoding=\"async\" class=\"wp-block-themeisle-blocks-slider-item\" src=\"https:\/\/familie-weitgereist.de\/wp-content\/uploads\/2022\/07\/IMG_20140828_193233-scaled.jpg\" alt=\"\" title=\"\" data-id=\"10083\"\/><\/figure><\/div><div class=\"wp-block-themeisle-blocks-slider-item-wrapper glide__slide\" tabindex=\"0\"><figure><img decoding=\"async\" class=\"wp-block-themeisle-blocks-slider-item\" src=\"https:\/\/familie-weitgereist.de\/wp-content\/uploads\/2022\/07\/IMG_20140829_160149-scaled.jpg\" alt=\"\" title=\"\" data-id=\"10086\"\/><\/figure><\/div><\/div><div class=\"glide__bullets\" data-glide-el=\"controls[nav]\"><button class=\"glide__bullet\" data-glide-dir=\"=0\"><\/button><button class=\"glide__bullet\" data-glide-dir=\"=1\"><\/button><\/div><\/div><\/div>\n\n\n\n<p>Danach geht dann unsere n\u00e4chste F\u00e4hre nach Rhodos und wir werden dort noch ein paar Tage ausspannen.<\/p>\n\n\n\n<p>Ich liebe spontan geplante Urlaube. \ud83d\ude42<\/p>\n","protected":false},"excerpt":{"rendered":"<p>Merhaba! \ud83d\ude42 Wir sind gerade total am Entspannen. \ud83d\ude42 Sommer, Sonne, hellblaues Meer und wir. Besser kann es gerade gar nicht sein.Nachdem wir 169km gelaufen sind, ca. 6000 H\u00f6henmeter \u00fcberwunden haben, tut es so gut, einfach in Sandalen und ohne Rucksack zu schlendern. \ud83d\ude09 Wir sind auf einem Zeltplatz in Kas, direkt am Meer. Unser [&hellip;]<\/p>\n","protected":false},"author":3,"featured_media":10079,"comment_status":"open","ping_status":"open","sticky":false,"template":"","format":"standard","meta":{"_themeisle_gutenberg_block_has_review":false,"footnotes":""},"categories":[273,8,4],"tags":[277,275],"class_list":["post-1012","post","type-post","status-publish","format-standard","has-post-thumbnail","hentry","category-tuerkei","category-europa","category-laender","tag-kas","tag-tuerkei"],"_links":{"self":[{"href":"https:\/\/familie-weitgereist.de\/index.php?rest_route=\/wp\/v2\/posts\/1012","targetHints":{"allow":["GET"]}}],"collection":[{"href":"https:\/\/familie-weitgereist.de\/index.php?rest_route=\/wp\/v2\/posts"}],"about":[{"href":"https:\/\/familie-weitgereist.de\/index.php?rest_route=\/wp\/v2\/types\/post"}],"author":[{"embeddable":true,"href":"https:\/\/familie-weitgereist.de\/index.php?rest_route=\/wp\/v2\/users\/3"}],"replies":[{"embeddable":true,"href":"https:\/\/familie-weitgereist.de\/index.php?rest_route=%2Fwp%2Fv2%2Fcomments&post=1012"}],"version-history":[{"count":8,"href":"https:\/\/familie-weitgereist.de\/index.php?rest_route=\/wp\/v2\/posts\/1012\/revisions"}],"predecessor-version":[{"id":10089,"href":"https:\/\/familie-weitgereist.de\/index.php?rest_route=\/wp\/v2\/posts\/1012\/revisions\/10089"}],"wp:featuredmedia":[{"embeddable":true,"href":"https:\/\/familie-weitgereist.de\/index.php?rest_route=\/wp\/v2\/media\/10079"}],"wp:attachment":[{"href":"https:\/\/familie-weitgereist.de\/index.php?rest_route=%2Fwp%2Fv2%2Fmedia&parent=1012"}],"wp:term":[{"taxonomy":"category","embeddable":true,"href":"https:\/\/familie-weitgereist.de\/index.php?rest_route=%2Fwp%2Fv2%2Fcategories&post=1012"},{"taxonomy":"post_tag","embeddable":true,"href":"https:\/\/familie-weitgereist.de\/index.php?rest_route=%2Fwp%2Fv2%2Ftags&post=1012"}],"curies":[{"name":"wp","href":"https:\/\/api.w.org\/{rel}","templated":true}]}}