{"id":1009,"date":"2014-09-10T18:39:00","date_gmt":"2014-09-10T16:39:00","guid":{"rendered":"http:\/\/wordpress\/?p=1009"},"modified":"2025-11-08T18:39:37","modified_gmt":"2025-11-08T17:39:37","slug":"antalya-abschluss-unserer-reise","status":"publish","type":"post","link":"https:\/\/familie-weitgereist.de\/?p=1009","title":{"rendered":"St\u00e4dtetrip nach Antalya, T\u00fcrkei"},"content":{"rendered":"\n<p>Heute hei\u00dft es ein letztes Mal: Merhaba!&nbsp; &nbsp; <\/p>\n\n\n\n<p>Wir sind in Antalya angekommen und das ist das Ziel unserer vier w\u00f6chigen Reise &#8211; wie die Zeit vergeht &#8230;<\/p>\n\n\n\n<div id=\"wp-block-themeisle-blocks-slider-f4e27dbf\" class=\"wp-block-themeisle-blocks-slider glide\" data-per-view=\"1\" data-gap=\"0\" data-peek=\"0\" data-autoplay=\"true\" data-height=\"400px\" data-hide-arrows=\"false\"><div class=\"glide__track\" data-glide-el=\"track\"><div class=\"glide__slides\"><div class=\"wp-block-themeisle-blocks-slider-item-wrapper glide__slide\" tabindex=\"0\"><figure><img decoding=\"async\" class=\"wp-block-themeisle-blocks-slider-item\" src=\"https:\/\/familie-weitgereist.de\/wp-content\/uploads\/2022\/07\/IMG_20140909_082007-scaled.jpg\" alt=\"\" title=\"\" data-id=\"9931\"\/><\/figure><\/div><div class=\"wp-block-themeisle-blocks-slider-item-wrapper glide__slide\" tabindex=\"0\"><figure><img decoding=\"async\" class=\"wp-block-themeisle-blocks-slider-item\" src=\"https:\/\/familie-weitgereist.de\/wp-content\/uploads\/2022\/07\/IMG_20140909_124938-scaled.jpg\" alt=\"\" title=\"\" data-id=\"9933\"\/><\/figure><\/div><div class=\"wp-block-themeisle-blocks-slider-item-wrapper glide__slide\" tabindex=\"0\"><figure><img decoding=\"async\" class=\"wp-block-themeisle-blocks-slider-item\" src=\"https:\/\/familie-weitgereist.de\/wp-content\/uploads\/2022\/07\/IMG_20140909_131818-scaled.jpg\" alt=\"\" title=\"\" data-id=\"9935\"\/><\/figure><\/div><div class=\"wp-block-themeisle-blocks-slider-item-wrapper glide__slide\" tabindex=\"0\"><figure><img decoding=\"async\" class=\"wp-block-themeisle-blocks-slider-item\" src=\"https:\/\/familie-weitgereist.de\/wp-content\/uploads\/2022\/07\/IMG_20140909_132837-scaled.jpg\" alt=\"\" title=\"\" data-id=\"9936\"\/><\/figure><\/div><div class=\"wp-block-themeisle-blocks-slider-item-wrapper glide__slide\" tabindex=\"0\"><figure><img decoding=\"async\" class=\"wp-block-themeisle-blocks-slider-item\" src=\"https:\/\/familie-weitgereist.de\/wp-content\/uploads\/2022\/07\/IMG_20140910_174809-scaled.jpg\" alt=\"\" title=\"\" data-id=\"9937\"\/><\/figure><\/div><\/div><div class=\"glide__bullets\" data-glide-el=\"controls[nav]\"><button class=\"glide__bullet\" data-glide-dir=\"=0\"><\/button><button class=\"glide__bullet\" data-glide-dir=\"=1\"><\/button><button class=\"glide__bullet\" data-glide-dir=\"=2\"><\/button><button class=\"glide__bullet\" data-glide-dir=\"=3\"><\/button><button class=\"glide__bullet\" data-glide-dir=\"=4\"><\/button><\/div><\/div><\/div>\n\n\n\n<p>Die letzten Tage sind wir noch einmal 54 km gewandert, von Kas bis nach Demre. Von Demre haben wir den Bus nach Antalya genommen. Da ist uns erstmal wieder aufgefallen wie schnell man vorw\u00e4rts kommen kann. Unser Urlaub war Entschleunigung pur! \ud83d\ude42 &nbsp; <\/p>\n\n\n\n<p>Antike Bauwerke der Lykier, Griechen und T\u00fcrken haben uns stets auf unserem Weg begleitet. Osmanische Zisternen, Pydnai, Letoon, Xanthos, Patara, Phellos, Simena, Sura und Myra haben wir erkundet. So interessant! \ud83d\ude42 &nbsp; <\/p>\n\n\n\n<p>Nach 224 km und 7702 H\u00f6henmeter hoch und 7599 H\u00f6henmeter runter, denke ich, k\u00f6nnen wir stolz auf uns sein. Das ist das l\u00e4ngste, was wir bisher an einem St\u00fcck gelaufen sind. \ud83d\ude42 &nbsp; <\/p>\n\n\n\n<p>Der Heilige Nikolaus &#8211; Schutzpatron der Seefahrer und Reisenden hat uns bis zum Schluss gut begleitet. \ud83d\ude09 &nbsp; <\/p>\n\n\n\n<p>Nun freuen wir uns auf zu Hause, aber die n\u00e4chste Reise kommt bestimmt. \ud83d\ude42 \ud83d\ude42<\/p>\n","protected":false},"excerpt":{"rendered":"<p>Heute hei\u00dft es ein letztes Mal: Merhaba!&nbsp; &nbsp; Wir sind in Antalya angekommen und das ist das Ziel unserer vier w\u00f6chigen Reise &#8211; wie die Zeit vergeht &#8230; Die letzten Tage sind wir noch einmal 54 km gewandert, von Kas bis nach Demre. Von Demre haben wir den Bus nach Antalya genommen. Da ist uns [&hellip;]<\/p>\n","protected":false},"author":3,"featured_media":9933,"comment_status":"open","ping_status":"open","sticky":false,"template":"","format":"standard","meta":{"_themeisle_gutenberg_block_has_review":false,"footnotes":""},"categories":[273,8,4],"tags":[280,275],"class_list":["post-1009","post","type-post","status-publish","format-standard","has-post-thumbnail","hentry","category-tuerkei","category-europa","category-laender","tag-antalya","tag-tuerkei"],"_links":{"self":[{"href":"https:\/\/familie-weitgereist.de\/index.php?rest_route=\/wp\/v2\/posts\/1009","targetHints":{"allow":["GET"]}}],"collection":[{"href":"https:\/\/familie-weitgereist.de\/index.php?rest_route=\/wp\/v2\/posts"}],"about":[{"href":"https:\/\/familie-weitgereist.de\/index.php?rest_route=\/wp\/v2\/types\/post"}],"author":[{"embeddable":true,"href":"https:\/\/familie-weitgereist.de\/index.php?rest_route=\/wp\/v2\/users\/3"}],"replies":[{"embeddable":true,"href":"https:\/\/familie-weitgereist.de\/index.php?rest_route=%2Fwp%2Fv2%2Fcomments&post=1009"}],"version-history":[{"count":8,"href":"https:\/\/familie-weitgereist.de\/index.php?rest_route=\/wp\/v2\/posts\/1009\/revisions"}],"predecessor-version":[{"id":9982,"href":"https:\/\/familie-weitgereist.de\/index.php?rest_route=\/wp\/v2\/posts\/1009\/revisions\/9982"}],"wp:featuredmedia":[{"embeddable":true,"href":"https:\/\/familie-weitgereist.de\/index.php?rest_route=\/wp\/v2\/media\/9933"}],"wp:attachment":[{"href":"https:\/\/familie-weitgereist.de\/index.php?rest_route=%2Fwp%2Fv2%2Fmedia&parent=1009"}],"wp:term":[{"taxonomy":"category","embeddable":true,"href":"https:\/\/familie-weitgereist.de\/index.php?rest_route=%2Fwp%2Fv2%2Fcategories&post=1009"},{"taxonomy":"post_tag","embeddable":true,"href":"https:\/\/familie-weitgereist.de\/index.php?rest_route=%2Fwp%2Fv2%2Ftags&post=1009"}],"curies":[{"name":"wp","href":"https:\/\/api.w.org\/{rel}","templated":true}]}}