{"id":1006,"date":"2015-05-11T18:43:00","date_gmt":"2015-05-11T16:43:00","guid":{"rendered":"http:\/\/wordpress\/?p=1006"},"modified":"2025-11-08T18:32:18","modified_gmt":"2025-11-08T17:32:18","slug":"venezia-e-verona-italien","status":"publish","type":"post","link":"https:\/\/familie-weitgereist.de\/?p=1006","title":{"rendered":"Unser St\u00e4dtetrip nach Venedig und Verona, Italien"},"content":{"rendered":"\n<p>Ciao Venezia e Verona!<\/p>\n\n\n\n<p>Ein kleiner Kurzurlaub im Mai f\u00fchrte Phili und mich nach Italien.<\/p>\n\n\n\n<p>Wir sind auf einem Zeltplatz in einem Vorort von Venedig in einem Bungalow untergebracht. Am Tag unserer Ankunft sind wir nach einem kurzen Nickerchen direkt in den Pool gesprungen. Das war sch\u00f6n erfrischend. Das Wetter ist wundersch\u00f6n und die Sonne scheint den ganzen Tag. \ud83d\ude42<\/p>\n\n\n\n<div id=\"wp-block-themeisle-blocks-slider-bc3257d3\" class=\"wp-block-themeisle-blocks-slider glide\" data-per-view=\"1\" data-gap=\"0\" data-peek=\"0\" data-autoplay=\"true\" data-height=\"400px\" data-hide-arrows=\"false\"><div class=\"glide__track\" data-glide-el=\"track\"><div class=\"glide__slides\"><div class=\"wp-block-themeisle-blocks-slider-item-wrapper glide__slide\" tabindex=\"0\"><figure><img decoding=\"async\" class=\"wp-block-themeisle-blocks-slider-item\" src=\"https:\/\/familie-weitgereist.de\/wp-content\/uploads\/2022\/07\/IMG_20150510_110137-scaled.jpg\" alt=\"\" title=\"\" data-id=\"9878\"\/><\/figure><\/div><div class=\"wp-block-themeisle-blocks-slider-item-wrapper glide__slide\" tabindex=\"0\"><figure><img decoding=\"async\" class=\"wp-block-themeisle-blocks-slider-item\" src=\"https:\/\/familie-weitgereist.de\/wp-content\/uploads\/2022\/07\/IMG_20150510_110414-scaled.jpg\" alt=\"\" title=\"\" data-id=\"9879\"\/><\/figure><\/div><div class=\"wp-block-themeisle-blocks-slider-item-wrapper glide__slide\" tabindex=\"0\"><figure><img decoding=\"async\" class=\"wp-block-themeisle-blocks-slider-item\" src=\"https:\/\/familie-weitgereist.de\/wp-content\/uploads\/2022\/07\/IMG_20150510_113432-scaled.jpg\" alt=\"\" title=\"\" data-id=\"9880\"\/><\/figure><\/div><\/div><div class=\"glide__bullets\" data-glide-el=\"controls[nav]\"><button class=\"glide__bullet\" data-glide-dir=\"=0\"><\/button><button class=\"glide__bullet\" data-glide-dir=\"=1\"><\/button><button class=\"glide__bullet\" data-glide-dir=\"=2\"><\/button><\/div><\/div><\/div>\n\n\n\n<p>Venedig ist eine citt\u00e0 bella. Die kleinen Gassen, alten Geb\u00e4ude mit schicken Balkonen und die Kan\u00e4le, die sich durch die ganze Stadt schl\u00e4ngeln, sorgen f\u00fcr ein unvergleichbares Flair. Wir besichtigten den Markusplatz, viele Kirchen und waren in zwei Stadtparks. Dort konnten wir uns kurz entspannen und die frische Wald- bzw. Meeresluft genie\u00dfen.<\/p>\n\n\n\n<div id=\"wp-block-themeisle-blocks-slider-dccb540a\" class=\"wp-block-themeisle-blocks-slider glide\" data-per-view=\"1\" data-gap=\"0\" data-peek=\"0\" data-autoplay=\"true\" data-height=\"400px\" data-hide-arrows=\"false\"><div class=\"glide__track\" data-glide-el=\"track\"><div class=\"glide__slides\"><div class=\"wp-block-themeisle-blocks-slider-item-wrapper glide__slide\" tabindex=\"0\"><figure><img decoding=\"async\" class=\"wp-block-themeisle-blocks-slider-item\" src=\"https:\/\/familie-weitgereist.de\/wp-content\/uploads\/2022\/07\/IMG_20150510_115138-scaled.jpg\" alt=\"\" title=\"\" data-id=\"9881\"\/><\/figure><\/div><div class=\"wp-block-themeisle-blocks-slider-item-wrapper glide__slide\" tabindex=\"0\"><figure><img decoding=\"async\" class=\"wp-block-themeisle-blocks-slider-item\" src=\"https:\/\/familie-weitgereist.de\/wp-content\/uploads\/2022\/07\/IMG_20150510_122302-scaled.jpg\" alt=\"\" title=\"\" data-id=\"9882\"\/><\/figure><\/div><div class=\"wp-block-themeisle-blocks-slider-item-wrapper glide__slide\" tabindex=\"0\"><figure><img decoding=\"async\" class=\"wp-block-themeisle-blocks-slider-item\" src=\"https:\/\/familie-weitgereist.de\/wp-content\/uploads\/2022\/07\/IMG_20150510_135118-scaled.jpg\" alt=\"\" title=\"\" data-id=\"9883\"\/><\/figure><\/div><div class=\"wp-block-themeisle-blocks-slider-item-wrapper glide__slide\" tabindex=\"0\"><figure><img decoding=\"async\" class=\"wp-block-themeisle-blocks-slider-item\" src=\"https:\/\/familie-weitgereist.de\/wp-content\/uploads\/2022\/07\/IMG_20150510_141008-scaled.jpg\" alt=\"\" title=\"\" data-id=\"9884\"\/><\/figure><\/div><div class=\"wp-block-themeisle-blocks-slider-item-wrapper glide__slide\" tabindex=\"0\"><figure><img decoding=\"async\" class=\"wp-block-themeisle-blocks-slider-item\" src=\"https:\/\/familie-weitgereist.de\/wp-content\/uploads\/2022\/07\/IMG_20150510_165123-scaled.jpg\" alt=\"\" title=\"\" data-id=\"9885\"\/><\/figure><\/div><div class=\"wp-block-themeisle-blocks-slider-item-wrapper glide__slide\" tabindex=\"0\"><figure><img decoding=\"async\" class=\"wp-block-themeisle-blocks-slider-item\" src=\"https:\/\/familie-weitgereist.de\/wp-content\/uploads\/2022\/07\/IMG_20150510_193643-scaled.jpg\" alt=\"\" title=\"\" data-id=\"9886\"\/><\/figure><\/div><\/div><div class=\"glide__bullets\" data-glide-el=\"controls[nav]\"><button class=\"glide__bullet\" data-glide-dir=\"=0\"><\/button><button class=\"glide__bullet\" data-glide-dir=\"=1\"><\/button><button class=\"glide__bullet\" data-glide-dir=\"=2\"><\/button><button class=\"glide__bullet\" data-glide-dir=\"=3\"><\/button><button class=\"glide__bullet\" data-glide-dir=\"=4\"><\/button><button class=\"glide__bullet\" data-glide-dir=\"=5\"><\/button><\/div><\/div><\/div>\n\n\n\n<p>Verona war ebenfalls wunderbar. Wir sind auf einen Berg gestiegen und haben die Stadt von oben gesehen. Das unverkennbare mediterrane Flair ist auch in Verona zu Hause.<\/p>\n\n\n\n<div id=\"wp-block-themeisle-blocks-slider-c66fac1d\" class=\"wp-block-themeisle-blocks-slider glide\" data-per-view=\"1\" data-gap=\"0\" data-peek=\"0\" data-autoplay=\"true\" data-height=\"400px\" data-hide-arrows=\"false\"><div class=\"glide__track\" data-glide-el=\"track\"><div class=\"glide__slides\"><div class=\"wp-block-themeisle-blocks-slider-item-wrapper glide__slide\" tabindex=\"0\"><figure><img decoding=\"async\" class=\"wp-block-themeisle-blocks-slider-item\" src=\"https:\/\/familie-weitgereist.de\/wp-content\/uploads\/2022\/07\/IMG_20150511_120336-scaled.jpg\" alt=\"\" title=\"\" data-id=\"9887\"\/><\/figure><\/div><div class=\"wp-block-themeisle-blocks-slider-item-wrapper glide__slide\" tabindex=\"0\"><figure><img decoding=\"async\" class=\"wp-block-themeisle-blocks-slider-item\" src=\"https:\/\/familie-weitgereist.de\/wp-content\/uploads\/2022\/07\/IMG_20150511_152321-scaled.jpg\" alt=\"\" title=\"\" data-id=\"9889\"\/><\/figure><\/div><div class=\"wp-block-themeisle-blocks-slider-item-wrapper glide__slide\" tabindex=\"0\"><figure><img decoding=\"async\" class=\"wp-block-themeisle-blocks-slider-item\" src=\"https:\/\/familie-weitgereist.de\/wp-content\/uploads\/2022\/07\/IMG_20150511_163133-scaled.jpg\" alt=\"\" title=\"\" data-id=\"9890\"\/><\/figure><\/div><div class=\"wp-block-themeisle-blocks-slider-item-wrapper glide__slide\" tabindex=\"0\"><figure><img decoding=\"async\" class=\"wp-block-themeisle-blocks-slider-item\" src=\"https:\/\/familie-weitgereist.de\/wp-content\/uploads\/2022\/07\/IMG_20150511_165340-scaled.jpg\" alt=\"\" title=\"\" data-id=\"9891\"\/><\/figure><\/div><\/div><div class=\"glide__bullets\" data-glide-el=\"controls[nav]\"><button class=\"glide__bullet\" data-glide-dir=\"=0\"><\/button><button class=\"glide__bullet\" data-glide-dir=\"=1\"><\/button><button class=\"glide__bullet\" data-glide-dir=\"=2\"><\/button><button class=\"glide__bullet\" data-glide-dir=\"=3\"><\/button><\/div><\/div><\/div>\n\n\n\n<p>Nat\u00fcrlich lie\u00dfen wir es uns nicht nehmen, das Haus der Julia zu besichtigen, &#8222;la casa de Guiletta&#8220;. Wir haben uns mit der Statue von Julia fotografiert, dass soll die Liebe f\u00fcr ewig halten lassen. Italien ist ein so sch\u00f6nes Land und wir werden hoffentlich bald wieder kommen. <\/p>\n\n\n\n<p>Ciao e arrivederci!<\/p>\n","protected":false},"excerpt":{"rendered":"<p>Ciao Venezia e Verona! Ein kleiner Kurzurlaub im Mai f\u00fchrte Phili und mich nach Italien. Wir sind auf einem Zeltplatz in einem Vorort von Venedig in einem Bungalow untergebracht. Am Tag unserer Ankunft sind wir nach einem kurzen Nickerchen direkt in den Pool gesprungen. Das war sch\u00f6n erfrischend. Das Wetter ist wundersch\u00f6n und die Sonne [&hellip;]<\/p>\n","protected":false},"author":3,"featured_media":9878,"comment_status":"open","ping_status":"open","sticky":false,"template":"","format":"standard","meta":{"_themeisle_gutenberg_block_has_review":false,"footnotes":""},"categories":[239,8,4],"tags":[178,176,177],"class_list":["post-1006","post","type-post","status-publish","format-standard","has-post-thumbnail","hentry","category-italien","category-europa","category-laender","tag-italien","tag-venedig","tag-verona"],"_links":{"self":[{"href":"https:\/\/familie-weitgereist.de\/index.php?rest_route=\/wp\/v2\/posts\/1006","targetHints":{"allow":["GET"]}}],"collection":[{"href":"https:\/\/familie-weitgereist.de\/index.php?rest_route=\/wp\/v2\/posts"}],"about":[{"href":"https:\/\/familie-weitgereist.de\/index.php?rest_route=\/wp\/v2\/types\/post"}],"author":[{"embeddable":true,"href":"https:\/\/familie-weitgereist.de\/index.php?rest_route=\/wp\/v2\/users\/3"}],"replies":[{"embeddable":true,"href":"https:\/\/familie-weitgereist.de\/index.php?rest_route=%2Fwp%2Fv2%2Fcomments&post=1006"}],"version-history":[{"count":11,"href":"https:\/\/familie-weitgereist.de\/index.php?rest_route=\/wp\/v2\/posts\/1006\/revisions"}],"predecessor-version":[{"id":23938,"href":"https:\/\/familie-weitgereist.de\/index.php?rest_route=\/wp\/v2\/posts\/1006\/revisions\/23938"}],"wp:featuredmedia":[{"embeddable":true,"href":"https:\/\/familie-weitgereist.de\/index.php?rest_route=\/wp\/v2\/media\/9878"}],"wp:attachment":[{"href":"https:\/\/familie-weitgereist.de\/index.php?rest_route=%2Fwp%2Fv2%2Fmedia&parent=1006"}],"wp:term":[{"taxonomy":"category","embeddable":true,"href":"https:\/\/familie-weitgereist.de\/index.php?rest_route=%2Fwp%2Fv2%2Fcategories&post=1006"},{"taxonomy":"post_tag","embeddable":true,"href":"https:\/\/familie-weitgereist.de\/index.php?rest_route=%2Fwp%2Fv2%2Ftags&post=1006"}],"curies":[{"name":"wp","href":"https:\/\/api.w.org\/{rel}","templated":true}]}}