{"id":1005,"date":"2015-08-04T20:35:00","date_gmt":"2015-08-04T18:35:00","guid":{"rendered":"http:\/\/wordpress\/?p=1005"},"modified":"2025-11-13T22:29:52","modified_gmt":"2025-11-13T21:29:52","slug":"ausflug-zum-senftenberger-see","status":"publish","type":"post","link":"https:\/\/familie-weitgereist.de\/?p=1005","title":{"rendered":"Ausflug zum Senftenberger See, Brandenburg"},"content":{"rendered":"\n<p>Phili und ich haben einen kleinen Ausflug ins Gr\u00fcne gestartet! \ud83d\ude42 Wir haben uns zwei kultige Bikes geschnappt, unser Zelt auf den Gep\u00e4cktr\u00e4ger geschnallt und dann ging es auch schon los. Nachdem wir zwei Stunden mit dem Zug unterwegs waren, sind wir Abends endlich am Ziel angekommen und haben unser Zelt zwischen hochgewachsenen Kiefernb\u00e4umen aufgestellt. Gem\u00fctlich! Die warmen Temperaturen verbreiteten einen Duft von hei\u00dfen Piniennadeln, wie man es eigentlich nur aus ferneren Regionen kennt.<\/p>\n\n\n\n<div id=\"wp-block-themeisle-blocks-slider-0ca51c0c\" class=\"wp-block-themeisle-blocks-slider glide\" data-per-view=\"1\" data-gap=\"0\" data-peek=\"0\" data-autoplay=\"true\" data-height=\"400px\" data-hide-arrows=\"false\"><div class=\"glide__track\" data-glide-el=\"track\"><div class=\"glide__slides\"><div class=\"wp-block-themeisle-blocks-slider-item-wrapper glide__slide\" tabindex=\"0\"><figure><img decoding=\"async\" class=\"wp-block-themeisle-blocks-slider-item\" src=\"https:\/\/familie-weitgereist.de\/wp-content\/uploads\/2022\/07\/IMG_20150802_181942.jpg\" alt=\"\" title=\"\" data-id=\"9872\"\/><\/figure><\/div><div class=\"wp-block-themeisle-blocks-slider-item-wrapper glide__slide\" tabindex=\"0\"><figure><img decoding=\"async\" class=\"wp-block-themeisle-blocks-slider-item\" src=\"https:\/\/familie-weitgereist.de\/wp-content\/uploads\/2022\/07\/IMG_20150803_115032.jpg\" alt=\"\" title=\"\" data-id=\"9873\"\/><\/figure><\/div><div class=\"wp-block-themeisle-blocks-slider-item-wrapper glide__slide\" tabindex=\"0\"><figure><img decoding=\"async\" class=\"wp-block-themeisle-blocks-slider-item\" src=\"https:\/\/familie-weitgereist.de\/wp-content\/uploads\/2022\/07\/IMG_20150804_111736.jpg\" alt=\"\" title=\"\" data-id=\"9874\"\/><\/figure><\/div><\/div><div class=\"glide__bullets\" data-glide-el=\"controls[nav]\"><button class=\"glide__bullet\" data-glide-dir=\"=0\"><\/button><button class=\"glide__bullet\" data-glide-dir=\"=1\"><\/button><button class=\"glide__bullet\" data-glide-dir=\"=2\"><\/button><\/div><\/div><\/div>\n\n\n\n<p>Am n\u00e4chsten Tag haben wir eine Seenlandrunde unternommen. 60 km um die Oberlausitzer Seen. Wir haben f\u00fcnf Seen umfahren. Das Wetter war wundersch\u00f6n und unsere Drahtesel haben zum Gl\u00fcck auch durchgehalten. Also radelten wir unaufh\u00f6rlich durch die flache Seenlandschaft und haben unsere freie Zeit genossen.<\/p>\n\n\n\n<figure class=\"wp-block-image size-full\"><img loading=\"lazy\" decoding=\"async\" width=\"640\" height=\"640\" src=\"https:\/\/familie-weitgereist.de\/wp-content\/uploads\/2022\/07\/IMG_20150803_115046.jpg\" alt=\"\" class=\"wp-image-9875\" srcset=\"https:\/\/familie-weitgereist.de\/wp-content\/uploads\/2022\/07\/IMG_20150803_115046.jpg 640w, https:\/\/familie-weitgereist.de\/wp-content\/uploads\/2022\/07\/IMG_20150803_115046-300x300.jpg 300w, https:\/\/familie-weitgereist.de\/wp-content\/uploads\/2022\/07\/IMG_20150803_115046-150x150.jpg 150w, https:\/\/familie-weitgereist.de\/wp-content\/uploads\/2022\/07\/IMG_20150803_115046-96x96.jpg 96w\" sizes=\"auto, (max-width: 640px) 100vw, 640px\" \/><\/figure>\n\n\n\n<p>Ein Sprung ins k\u00fchle Nass, durfte nat\u00fcrlich nicht fehlen. Nachdem wir unsere Tour beendet haben, sind wir an den Strand und baden gegangen. Die Gegend ist wirklich ein Paradis. Unser Campingplatz war auf der Stra\u00dfe zur S\u00fcdsee angesiedelt. Ganz wie in der S\u00fcdsee war es zwar nicht, aber es kommt schon ganz sch\u00f6n nah ran. \ud83d\ude42<\/p>\n\n\n\n<p>Heute sind wir mit dem Fahrrad zur\u00fcck geradelt. Super anstrengend. Puhhh! Es war so warm, ca. 35\u00b0C und mitten in der K\u00f6nigsbr\u00fccker Heide ist uns das Wasser ausgegangen. Gl\u00fccklicherweise erreichten wir in K\u00f6nigsbr\u00fcck dann einen Laden und haben erstmal Saft und Wasser eingekauft. \ud83d\ude00 F\u00fcr die letzten paar Kilometer nahmen wir den Zug zur\u00fcck.<\/p>\n\n\n\n<p>Die kurze Auszeit war super sch\u00f6n und definitiv einen Ausflug wert! \ud83d\ude42<\/p>\n","protected":false},"excerpt":{"rendered":"<p>Phili und ich haben einen kleinen Ausflug ins Gr\u00fcne gestartet! \ud83d\ude42 Wir haben uns zwei kultige Bikes geschnappt, unser Zelt auf den Gep\u00e4cktr\u00e4ger geschnallt und dann ging es auch schon los. Nachdem wir zwei Stunden mit dem Zug unterwegs waren, sind wir Abends endlich am Ziel angekommen und haben unser Zelt zwischen hochgewachsenen Kiefernb\u00e4umen aufgestellt. [&hellip;]<\/p>\n","protected":false},"author":3,"featured_media":9873,"comment_status":"open","ping_status":"open","sticky":false,"template":"","format":"standard","meta":{"_themeisle_gutenberg_block_has_review":false,"footnotes":""},"categories":[242,1753],"tags":[203,325,174,175],"class_list":["post-1005","post","type-post","status-publish","format-standard","has-post-thumbnail","hentry","category-deutschland","category-brandenburg","tag-brandenburg","tag-deutschland","tag-senftenberg","tag-senftenberger-see"],"_links":{"self":[{"href":"https:\/\/familie-weitgereist.de\/index.php?rest_route=\/wp\/v2\/posts\/1005","targetHints":{"allow":["GET"]}}],"collection":[{"href":"https:\/\/familie-weitgereist.de\/index.php?rest_route=\/wp\/v2\/posts"}],"about":[{"href":"https:\/\/familie-weitgereist.de\/index.php?rest_route=\/wp\/v2\/types\/post"}],"author":[{"embeddable":true,"href":"https:\/\/familie-weitgereist.de\/index.php?rest_route=\/wp\/v2\/users\/3"}],"replies":[{"embeddable":true,"href":"https:\/\/familie-weitgereist.de\/index.php?rest_route=%2Fwp%2Fv2%2Fcomments&post=1005"}],"version-history":[{"count":9,"href":"https:\/\/familie-weitgereist.de\/index.php?rest_route=\/wp\/v2\/posts\/1005\/revisions"}],"predecessor-version":[{"id":24047,"href":"https:\/\/familie-weitgereist.de\/index.php?rest_route=\/wp\/v2\/posts\/1005\/revisions\/24047"}],"wp:featuredmedia":[{"embeddable":true,"href":"https:\/\/familie-weitgereist.de\/index.php?rest_route=\/wp\/v2\/media\/9873"}],"wp:attachment":[{"href":"https:\/\/familie-weitgereist.de\/index.php?rest_route=%2Fwp%2Fv2%2Fmedia&parent=1005"}],"wp:term":[{"taxonomy":"category","embeddable":true,"href":"https:\/\/familie-weitgereist.de\/index.php?rest_route=%2Fwp%2Fv2%2Fcategories&post=1005"},{"taxonomy":"post_tag","embeddable":true,"href":"https:\/\/familie-weitgereist.de\/index.php?rest_route=%2Fwp%2Fv2%2Ftags&post=1005"}],"curies":[{"name":"wp","href":"https:\/\/api.w.org\/{rel}","templated":true}]}}