{"id":1004,"date":"2015-08-12T16:21:00","date_gmt":"2015-08-12T14:21:00","guid":{"rendered":"http:\/\/wordpress\/?p=1004"},"modified":"2025-11-13T22:29:22","modified_gmt":"2025-11-13T21:29:22","slug":"ein-wunderschoener-sommer-in-deutschland","status":"publish","type":"post","link":"https:\/\/familie-weitgereist.de\/?p=1004","title":{"rendered":"Ein wundersch\u00f6ner Sommer in Deutschland!"},"content":{"rendered":"\n<p>Ein wundersch\u00f6ner Sommer in Deutschland geht f\u00fcr mich zu Ende. Das Wetter hat 2015 ja sein \u00dcbriges getan und sch\u00f6ne, vielseitige Erlebnisse waren vorprogrammiert.&nbsp;<\/p>\n\n\n\n<p>Da ich bis Ende Juli f\u00fcr Pr\u00fcfungen und Hausarbeiten an der Uni noch zu tun hatte, blieb bis zum Auslandsaufenthalt in Chile keine Zeit um noch einmal zu verreisen. Das war ja auch gar nicht n\u00f6tig, denn so sch\u00f6n und vielseitig wie es in der Heimat ist, lohnt es sich wirklich einmal Urlaub sprichw\u00f6rtlich auf Balkonien zu machen. Das ich mich nicht nur auf Balkonien aufgehalten habe, k\u00f6nnt ihr selbst sehen. \ud83d\ude42 &nbsp; Diverse Fahrradtouren f\u00fchrten uns in das Umland von Dresden, die S\u00e4chsische Schweiz und das Erzgebirge.<\/p>\n\n\n\n<div id=\"wp-block-themeisle-blocks-slider-b27e6063\" class=\"wp-block-themeisle-blocks-slider glide\" data-per-view=\"1\" data-gap=\"0\" data-peek=\"0\" data-autoplay=\"true\" data-height=\"400px\" data-hide-arrows=\"false\"><div class=\"glide__track\" data-glide-el=\"track\"><div class=\"glide__slides\"><div class=\"wp-block-themeisle-blocks-slider-item-wrapper glide__slide\" tabindex=\"0\"><figure><img decoding=\"async\" class=\"wp-block-themeisle-blocks-slider-item\" src=\"https:\/\/familie-weitgereist.de\/wp-content\/uploads\/2022\/07\/IMG_20150604_183254.jpg\" alt=\"\" title=\"\" data-id=\"9860\"\/><\/figure><\/div><div class=\"wp-block-themeisle-blocks-slider-item-wrapper glide__slide\" tabindex=\"0\"><figure><img decoding=\"async\" class=\"wp-block-themeisle-blocks-slider-item\" src=\"https:\/\/familie-weitgereist.de\/wp-content\/uploads\/2022\/07\/IMG_20150711_193745.jpg\" alt=\"\" title=\"\" data-id=\"9861\"\/><\/figure><\/div><div class=\"wp-block-themeisle-blocks-slider-item-wrapper glide__slide\" tabindex=\"0\"><figure><img decoding=\"async\" class=\"wp-block-themeisle-blocks-slider-item\" src=\"https:\/\/familie-weitgereist.de\/wp-content\/uploads\/2022\/07\/IMG_20150711_204936.jpg\" alt=\"\" title=\"\" data-id=\"9862\"\/><\/figure><\/div><div class=\"wp-block-themeisle-blocks-slider-item-wrapper glide__slide\" tabindex=\"0\"><figure><img decoding=\"async\" class=\"wp-block-themeisle-blocks-slider-item\" src=\"https:\/\/familie-weitgereist.de\/wp-content\/uploads\/2022\/07\/IMG_20150712_130228.jpg\" alt=\"\" title=\"\" data-id=\"9863\"\/><\/figure><\/div><div class=\"wp-block-themeisle-blocks-slider-item-wrapper glide__slide\" tabindex=\"0\"><figure><img decoding=\"async\" class=\"wp-block-themeisle-blocks-slider-item\" src=\"https:\/\/familie-weitgereist.de\/wp-content\/uploads\/2022\/07\/IMG_20150726_141126.jpg\" alt=\"\" title=\"\" data-id=\"9864\"\/><\/figure><\/div><\/div><div class=\"glide__bullets\" data-glide-el=\"controls[nav]\"><button class=\"glide__bullet\" data-glide-dir=\"=0\"><\/button><button class=\"glide__bullet\" data-glide-dir=\"=1\"><\/button><button class=\"glide__bullet\" data-glide-dir=\"=2\"><\/button><button class=\"glide__bullet\" data-glide-dir=\"=3\"><\/button><button class=\"glide__bullet\" data-glide-dir=\"=4\"><\/button><\/div><\/div><\/div>\n\n\n\n<p>Bei der sommerlichen Hitze lag es nat\u00fcrlich nahe, dass wir oft diverse Freib\u00e4der der Region besucht haben. Ich liebe die kleinen Wald- und Naturb\u00e4der ebenso wie die mit gro\u00dfen Sprungt\u00fcrmen. Dieses Jahr hatte ich Premiere und ich bin das erste Mal vom 7,5m und 10m Turm gesprungen. Das war cool! Die \u00dcberwindung ist am Anfang ganz sch\u00f6n gro\u00df, aber als ich einmal gesprungen bin, wollte ich direkt noch einmal. Hoch ist das von da oben! \ud83d\ude00<\/p>\n\n\n\n<figure class=\"wp-block-image size-full\"><img loading=\"lazy\" decoding=\"async\" width=\"640\" height=\"480\" src=\"https:\/\/familie-weitgereist.de\/wp-content\/uploads\/2022\/07\/Waldbad-Brunn-014.jpg\" alt=\"\" class=\"wp-image-9869\" srcset=\"https:\/\/familie-weitgereist.de\/wp-content\/uploads\/2022\/07\/Waldbad-Brunn-014.jpg 640w, https:\/\/familie-weitgereist.de\/wp-content\/uploads\/2022\/07\/Waldbad-Brunn-014-300x225.jpg 300w, https:\/\/familie-weitgereist.de\/wp-content\/uploads\/2022\/07\/Waldbad-Brunn-014-150x113.jpg 150w\" sizes=\"auto, (max-width: 640px) 100vw, 640px\" \/><\/figure>\n\n\n\n<p>Spontane Kinobesuche haben wir ebenso unternommen, wie Ausfl\u00fcge in die Natur. Das Erzgebirge und B\u00f6hmen haben wirklich ihren Reiz f\u00fcr Naturliebhaber. \ud83d\ude42 Wandern, die Natur bestaunen und Essen gehen konnten wir genie\u00dfen.<\/p>\n\n\n\n<p>Nach einem unternehmungsreichen und abenteuerlichen Tag, konnten wir in der hauseigenen Bar leckere selbst gemixte Cocktails genie\u00dfen. Die sind besser als in jeder Cocktail Bar. \ud83d\ude42<\/p>\n\n\n\n<figure class=\"wp-block-gallery has-nested-images columns-default is-cropped wp-block-gallery-1 is-layout-flex wp-block-gallery-is-layout-flex\">\n<figure class=\"wp-block-image size-large\"><img loading=\"lazy\" decoding=\"async\" width=\"480\" height=\"640\" data-id=\"9866\" src=\"https:\/\/familie-weitgereist.de\/wp-content\/uploads\/2022\/07\/IMG_20150530_203003.jpg\" alt=\"\" class=\"wp-image-9866\" srcset=\"https:\/\/familie-weitgereist.de\/wp-content\/uploads\/2022\/07\/IMG_20150530_203003.jpg 480w, https:\/\/familie-weitgereist.de\/wp-content\/uploads\/2022\/07\/IMG_20150530_203003-225x300.jpg 225w, https:\/\/familie-weitgereist.de\/wp-content\/uploads\/2022\/07\/IMG_20150530_203003-150x200.jpg 150w\" sizes=\"auto, (max-width: 480px) 100vw, 480px\" \/><\/figure>\n\n\n\n<figure class=\"wp-block-image size-large\"><img loading=\"lazy\" decoding=\"async\" width=\"640\" height=\"480\" data-id=\"9867\" src=\"https:\/\/familie-weitgereist.de\/wp-content\/uploads\/2022\/07\/IMG_20150530_225905.jpg\" alt=\"\" class=\"wp-image-9867\" srcset=\"https:\/\/familie-weitgereist.de\/wp-content\/uploads\/2022\/07\/IMG_20150530_225905.jpg 640w, https:\/\/familie-weitgereist.de\/wp-content\/uploads\/2022\/07\/IMG_20150530_225905-300x225.jpg 300w, https:\/\/familie-weitgereist.de\/wp-content\/uploads\/2022\/07\/IMG_20150530_225905-150x113.jpg 150w\" sizes=\"auto, (max-width: 640px) 100vw, 640px\" \/><\/figure>\n<\/figure>\n\n\n\n<p>Schade, dass alles sch\u00f6ne einmal vorbei gehen muss. Aber Deutschland bleibt ja da wo es ist und n\u00e4chstes Jahr bin ich wieder zur\u00fcck. \ud83d\ude42 Jetzt bin ich erstmal gespannt, was Chile und S\u00fcdamerika zu bieten haben. Ahhhh, wird das ein Abenteuer! So weit weg von zu Hause.<\/p>\n","protected":false},"excerpt":{"rendered":"<p>Ein wundersch\u00f6ner Sommer in Deutschland geht f\u00fcr mich zu Ende. Das Wetter hat 2015 ja sein \u00dcbriges getan und sch\u00f6ne, vielseitige Erlebnisse waren vorprogrammiert.&nbsp; Da ich bis Ende Juli f\u00fcr Pr\u00fcfungen und Hausarbeiten an der Uni noch zu tun hatte, blieb bis zum Auslandsaufenthalt in Chile keine Zeit um noch einmal zu verreisen. Das war [&hellip;]<\/p>\n","protected":false},"author":3,"featured_media":9862,"comment_status":"open","ping_status":"open","sticky":false,"template":"","format":"standard","meta":{"_themeisle_gutenberg_block_has_review":false,"footnotes":""},"categories":[242,1753,1762],"tags":[325,204],"class_list":["post-1004","post","type-post","status-publish","format-standard","has-post-thumbnail","hentry","category-deutschland","category-brandenburg","category-sachsen","tag-deutschland","tag-sachsen"],"_links":{"self":[{"href":"https:\/\/familie-weitgereist.de\/index.php?rest_route=\/wp\/v2\/posts\/1004","targetHints":{"allow":["GET"]}}],"collection":[{"href":"https:\/\/familie-weitgereist.de\/index.php?rest_route=\/wp\/v2\/posts"}],"about":[{"href":"https:\/\/familie-weitgereist.de\/index.php?rest_route=\/wp\/v2\/types\/post"}],"author":[{"embeddable":true,"href":"https:\/\/familie-weitgereist.de\/index.php?rest_route=\/wp\/v2\/users\/3"}],"replies":[{"embeddable":true,"href":"https:\/\/familie-weitgereist.de\/index.php?rest_route=%2Fwp%2Fv2%2Fcomments&post=1004"}],"version-history":[{"count":7,"href":"https:\/\/familie-weitgereist.de\/index.php?rest_route=\/wp\/v2\/posts\/1004\/revisions"}],"predecessor-version":[{"id":24046,"href":"https:\/\/familie-weitgereist.de\/index.php?rest_route=\/wp\/v2\/posts\/1004\/revisions\/24046"}],"wp:featuredmedia":[{"embeddable":true,"href":"https:\/\/familie-weitgereist.de\/index.php?rest_route=\/wp\/v2\/media\/9862"}],"wp:attachment":[{"href":"https:\/\/familie-weitgereist.de\/index.php?rest_route=%2Fwp%2Fv2%2Fmedia&parent=1004"}],"wp:term":[{"taxonomy":"category","embeddable":true,"href":"https:\/\/familie-weitgereist.de\/index.php?rest_route=%2Fwp%2Fv2%2Fcategories&post=1004"},{"taxonomy":"post_tag","embeddable":true,"href":"https:\/\/familie-weitgereist.de\/index.php?rest_route=%2Fwp%2Fv2%2Ftags&post=1004"}],"curies":[{"name":"wp","href":"https:\/\/api.w.org\/{rel}","templated":true}]}}