{"id":1003,"date":"2015-08-18T22:35:00","date_gmt":"2015-08-18T20:35:00","guid":{"rendered":"http:\/\/wordpress\/?p=1003"},"modified":"2025-11-07T22:50:07","modified_gmt":"2025-11-07T21:50:07","slug":"der-beginn-meines-gastsemesters-in-chile","status":"publish","type":"post","link":"https:\/\/familie-weitgereist.de\/?p=1003","title":{"rendered":"Der Beginn meines Gastsemesters in Chile!"},"content":{"rendered":"\n<p>Wir sind wirklich in S\u00fcdamerika angekommen. Das erste Mal auf einem neuen Kontinent! Wohoo! \ud83d\ude42 Bisher ist noch alles neu und aufregend.<\/p>\n\n\n\n<div id=\"wp-block-themeisle-blocks-slider-0b0b6c14\" class=\"wp-block-themeisle-blocks-slider glide\" data-per-view=\"1\" data-gap=\"0\" data-peek=\"0\" data-autoplay=\"true\" data-height=\"400px\" data-hide-arrows=\"false\"><div class=\"glide__track\" data-glide-el=\"track\"><div class=\"glide__slides\"><div class=\"wp-block-themeisle-blocks-slider-item-wrapper glide__slide\" tabindex=\"0\"><figure><img decoding=\"async\" class=\"wp-block-themeisle-blocks-slider-item\" src=\"https:\/\/familie-weitgereist.de\/wp-content\/uploads\/2022\/07\/IMG_20150813_212245-scaled.jpg\" alt=\"\" title=\"\" data-id=\"9847\"\/><\/figure><\/div><div class=\"wp-block-themeisle-blocks-slider-item-wrapper glide__slide\" tabindex=\"0\"><figure><img decoding=\"async\" class=\"wp-block-themeisle-blocks-slider-item\" src=\"https:\/\/familie-weitgereist.de\/wp-content\/uploads\/2022\/07\/IMG_20150814_001313-scaled.jpg\" alt=\"\" title=\"\" data-id=\"9849\"\/><\/figure><\/div><\/div><div class=\"glide__bullets\" data-glide-el=\"controls[nav]\"><button class=\"glide__bullet\" data-glide-dir=\"=0\"><\/button><button class=\"glide__bullet\" data-glide-dir=\"=1\"><\/button><\/div><\/div><\/div>\n\n\n\n<figure class=\"wp-block-image size-large\"><img loading=\"lazy\" decoding=\"async\" width=\"1024\" height=\"768\" src=\"https:\/\/familie-weitgereist.de\/wp-content\/uploads\/2022\/07\/IMG_20150818_134714-2-1024x768.jpg\" alt=\"\" class=\"wp-image-9840\" srcset=\"https:\/\/familie-weitgereist.de\/wp-content\/uploads\/2022\/07\/IMG_20150818_134714-2-1024x768.jpg 1024w, https:\/\/familie-weitgereist.de\/wp-content\/uploads\/2022\/07\/IMG_20150818_134714-2-300x225.jpg 300w, https:\/\/familie-weitgereist.de\/wp-content\/uploads\/2022\/07\/IMG_20150818_134714-2-768x576.jpg 768w, https:\/\/familie-weitgereist.de\/wp-content\/uploads\/2022\/07\/IMG_20150818_134714-2-1536x1152.jpg 1536w, https:\/\/familie-weitgereist.de\/wp-content\/uploads\/2022\/07\/IMG_20150818_134714-2-2048x1536.jpg 2048w, https:\/\/familie-weitgereist.de\/wp-content\/uploads\/2022\/07\/IMG_20150818_134714-2-1200x900.jpg 1200w, https:\/\/familie-weitgereist.de\/wp-content\/uploads\/2022\/07\/IMG_20150818_134714-2-1980x1485.jpg 1980w, https:\/\/familie-weitgereist.de\/wp-content\/uploads\/2022\/07\/IMG_20150818_134714-2-150x113.jpg 150w\" sizes=\"auto, (max-width: 1024px) 100vw, 1024px\" \/><\/figure>\n\n\n\n<p>Die Anreise nach Chile war dennoch die weiteste, die ich bisher unternommen habe. Insgesamt waren wir 40 Stunden (!!) unterwegs. Das war lang und zwischendurch dachte ich, wir kommen nie an. Unsere Reise startete am Flughafen in Frankfurt, von dort ging es nach Panama mit einem Zwischenstop in der Dominikanischen Republik. Bis wir schlie\u00dflich in Santiago de Chile angekommen waren, sind immer noch einmal 7 Flugstunden vergangen. Ich war vielleicht m\u00fcde. Zwar habe ich zwischendrin immer mal etwas geschlafen, aber das Entertainment Programm im Flugzeug war dann doch zu verlockend, als dass ich h\u00e4tte nur schlafen k\u00f6nnen.<\/p>\n\n\n\n<div id=\"wp-block-themeisle-blocks-slider-22fa1f0f\" class=\"wp-block-themeisle-blocks-slider glide\" data-per-view=\"1\" data-gap=\"0\" data-peek=\"0\" data-autoplay=\"true\" data-height=\"400px\" data-hide-arrows=\"false\"><div class=\"glide__track\" data-glide-el=\"track\"><div class=\"glide__slides\"><div class=\"wp-block-themeisle-blocks-slider-item-wrapper glide__slide\" tabindex=\"0\"><figure><img decoding=\"async\" class=\"wp-block-themeisle-blocks-slider-item\" src=\"https:\/\/familie-weitgereist.de\/wp-content\/uploads\/2022\/07\/IMG_20151026_154212-scaled.jpg\" alt=\"\" title=\"\" data-id=\"9842\"\/><\/figure><\/div><div class=\"wp-block-themeisle-blocks-slider-item-wrapper glide__slide\" tabindex=\"0\"><figure><img decoding=\"async\" class=\"wp-block-themeisle-blocks-slider-item\" src=\"https:\/\/familie-weitgereist.de\/wp-content\/uploads\/2022\/07\/IMG_20151107_115845-scaled.jpg\" alt=\"\" title=\"\" data-id=\"9843\"\/><\/figure><\/div><div class=\"wp-block-themeisle-blocks-slider-item-wrapper glide__slide\" tabindex=\"0\"><figure><img decoding=\"async\" class=\"wp-block-themeisle-blocks-slider-item\" src=\"https:\/\/familie-weitgereist.de\/wp-content\/uploads\/2022\/07\/IMG_20151107_134834-scaled.jpg\" alt=\"\" title=\"\" data-id=\"9845\"\/><\/figure><\/div><div class=\"wp-block-themeisle-blocks-slider-item-wrapper glide__slide\" tabindex=\"0\"><figure><img decoding=\"async\" class=\"wp-block-themeisle-blocks-slider-item\" src=\"https:\/\/familie-weitgereist.de\/wp-content\/uploads\/2022\/07\/IMG_20151207_161925-1-scaled.jpg\" alt=\"\" title=\"\" data-id=\"9846\"\/><\/figure><\/div><\/div><div class=\"glide__bullets\" data-glide-el=\"controls[nav]\"><button class=\"glide__bullet\" data-glide-dir=\"=0\"><\/button><button class=\"glide__bullet\" data-glide-dir=\"=1\"><\/button><button class=\"glide__bullet\" data-glide-dir=\"=2\"><\/button><button class=\"glide__bullet\" data-glide-dir=\"=3\"><\/button><\/div><\/div><\/div>\n\n\n\n<p>In Santiago de Chile hat es ca. eine Stunde gedauert bis wir unsere Koffer hatten und durch die Passkontrollen waren. Als ich unsere Koffer gesehen habe, wie sie aus dem Flugzeug entladen wurden, habe ich mich erstmal gefreut. Bei so einer langen Reise wei\u00df man ja nie, ob sie auch gleich mit ankommen.<\/p>\n\n\n\n<p>Schlie\u00dflich ging es in unser Hostel. Absolut DISGUSTING! Also nein, dass war wirklich nicht sch\u00f6n. Die Toilette wurde kein einziges Mal geputzt in den zwei Tagen und Kot war \u00fcberall auf der Klobrille verschmiert. Puhhh, war das widerlich! \ud83d\ude41<br>Das Auschecken hat sich dann auch schwieriger gestaltet als gedacht, denn f\u00fcr die Frau an der Rezeption war 8:30 eindeutig zu fr\u00fch und wir mussten sie wecken \u2026 obwohl wir am Vortag sagten, dass wir relativ zeitig gehen m\u00fcssen. Oh man \u2026<\/p>\n\n\n\n<figure class=\"wp-block-image size-large\"><img loading=\"lazy\" decoding=\"async\" width=\"1024\" height=\"768\" src=\"https:\/\/familie-weitgereist.de\/wp-content\/uploads\/2022\/07\/IMG_20150815_132810-2-1024x768.jpg\" alt=\"\" class=\"wp-image-9853\" srcset=\"https:\/\/familie-weitgereist.de\/wp-content\/uploads\/2022\/07\/IMG_20150815_132810-2-1024x768.jpg 1024w, https:\/\/familie-weitgereist.de\/wp-content\/uploads\/2022\/07\/IMG_20150815_132810-2-300x225.jpg 300w, https:\/\/familie-weitgereist.de\/wp-content\/uploads\/2022\/07\/IMG_20150815_132810-2-768x576.jpg 768w, https:\/\/familie-weitgereist.de\/wp-content\/uploads\/2022\/07\/IMG_20150815_132810-2-1536x1152.jpg 1536w, https:\/\/familie-weitgereist.de\/wp-content\/uploads\/2022\/07\/IMG_20150815_132810-2-2048x1536.jpg 2048w, https:\/\/familie-weitgereist.de\/wp-content\/uploads\/2022\/07\/IMG_20150815_132810-2-1200x900.jpg 1200w, https:\/\/familie-weitgereist.de\/wp-content\/uploads\/2022\/07\/IMG_20150815_132810-2-1980x1485.jpg 1980w, https:\/\/familie-weitgereist.de\/wp-content\/uploads\/2022\/07\/IMG_20150815_132810-2-150x113.jpg 150w\" sizes=\"auto, (max-width: 1024px) 100vw, 1024px\" \/><figcaption>Santiago de Chile, die Hauptstadt<\/figcaption><\/figure>\n\n\n\n<p>Nun sind wir endlich da. JUHU! La Serena ist abgesehen von den vielen Wildhunden sehr sch\u00f6n. Die Wohnung ist top und meine tschechische Mitbewohnerin auch sehr nett.<br>Den Strand haben wir schon erkundet und auch das Universit\u00e4tsgel\u00e4nde, leider wird momentan noch gestreikt, so dass erst einmal keine Vorlesungen stattfinden. Ich hoffe, dass der Streik sp\u00e4testens im September ein Ende findet. Bis dahin gehen wir auf Reisen. Sozusagen, auf Reisen vom Reisen. hihi \ud83d\ude00 Seid gespannt.<\/p>\n\n\n\n<figure class=\"wp-block-image size-large is-resized\"><img loading=\"lazy\" decoding=\"async\" src=\"https:\/\/familie-weitgereist.de\/wp-content\/uploads\/2022\/07\/IMG_20150817_135213-1024x768.jpg\" alt=\"\" class=\"wp-image-9856\" width=\"610\" height=\"457\" srcset=\"https:\/\/familie-weitgereist.de\/wp-content\/uploads\/2022\/07\/IMG_20150817_135213-1024x768.jpg 1024w, https:\/\/familie-weitgereist.de\/wp-content\/uploads\/2022\/07\/IMG_20150817_135213-300x225.jpg 300w, https:\/\/familie-weitgereist.de\/wp-content\/uploads\/2022\/07\/IMG_20150817_135213-768x576.jpg 768w, https:\/\/familie-weitgereist.de\/wp-content\/uploads\/2022\/07\/IMG_20150817_135213-1536x1152.jpg 1536w, https:\/\/familie-weitgereist.de\/wp-content\/uploads\/2022\/07\/IMG_20150817_135213-2048x1536.jpg 2048w, https:\/\/familie-weitgereist.de\/wp-content\/uploads\/2022\/07\/IMG_20150817_135213-1200x900.jpg 1200w, https:\/\/familie-weitgereist.de\/wp-content\/uploads\/2022\/07\/IMG_20150817_135213-1980x1485.jpg 1980w, https:\/\/familie-weitgereist.de\/wp-content\/uploads\/2022\/07\/IMG_20150817_135213-150x113.jpg 150w\" sizes=\"auto, (max-width: 610px) 100vw, 610px\" \/><figcaption>El Faro, La Serena<\/figcaption><\/figure>\n","protected":false},"excerpt":{"rendered":"<p>Wir sind wirklich in S\u00fcdamerika angekommen. Das erste Mal auf einem neuen Kontinent! Wohoo! \ud83d\ude42 Bisher ist noch alles neu und aufregend. Die Anreise nach Chile war dennoch die weiteste, die ich bisher unternommen habe. Insgesamt waren wir 40 Stunden (!!) unterwegs. Das war lang und zwischendurch dachte ich, wir kommen nie an. Unsere Reise [&hellip;]<\/p>\n","protected":false},"author":3,"featured_media":9843,"comment_status":"open","ping_status":"open","sticky":false,"template":"","format":"standard","meta":{"_themeisle_gutenberg_block_has_review":false,"footnotes":""},"categories":[302,4,7],"tags":[315,323,1779],"class_list":["post-1003","post","type-post","status-publish","format-standard","has-post-thumbnail","hentry","category-chile","category-laender","category-suedamerika","tag-chile","tag-la-serena","tag-santiago-de-chile"],"_links":{"self":[{"href":"https:\/\/familie-weitgereist.de\/index.php?rest_route=\/wp\/v2\/posts\/1003","targetHints":{"allow":["GET"]}}],"collection":[{"href":"https:\/\/familie-weitgereist.de\/index.php?rest_route=\/wp\/v2\/posts"}],"about":[{"href":"https:\/\/familie-weitgereist.de\/index.php?rest_route=\/wp\/v2\/types\/post"}],"author":[{"embeddable":true,"href":"https:\/\/familie-weitgereist.de\/index.php?rest_route=\/wp\/v2\/users\/3"}],"replies":[{"embeddable":true,"href":"https:\/\/familie-weitgereist.de\/index.php?rest_route=%2Fwp%2Fv2%2Fcomments&post=1003"}],"version-history":[{"count":7,"href":"https:\/\/familie-weitgereist.de\/index.php?rest_route=\/wp\/v2\/posts\/1003\/revisions"}],"predecessor-version":[{"id":9857,"href":"https:\/\/familie-weitgereist.de\/index.php?rest_route=\/wp\/v2\/posts\/1003\/revisions\/9857"}],"wp:featuredmedia":[{"embeddable":true,"href":"https:\/\/familie-weitgereist.de\/index.php?rest_route=\/wp\/v2\/media\/9843"}],"wp:attachment":[{"href":"https:\/\/familie-weitgereist.de\/index.php?rest_route=%2Fwp%2Fv2%2Fmedia&parent=1003"}],"wp:term":[{"taxonomy":"category","embeddable":true,"href":"https:\/\/familie-weitgereist.de\/index.php?rest_route=%2Fwp%2Fv2%2Fcategories&post=1003"},{"taxonomy":"post_tag","embeddable":true,"href":"https:\/\/familie-weitgereist.de\/index.php?rest_route=%2Fwp%2Fv2%2Ftags&post=1003"}],"curies":[{"name":"wp","href":"https:\/\/api.w.org\/{rel}","templated":true}]}}