{"id":1002,"date":"2015-08-24T03:22:00","date_gmt":"2015-08-24T01:22:00","guid":{"rendered":"http:\/\/wordpress\/?p=1002"},"modified":"2025-11-07T22:47:22","modified_gmt":"2025-11-07T21:47:22","slug":"san-pedro-de-atacama-in-der-trockensten-wueste-der-welt","status":"publish","type":"post","link":"https:\/\/familie-weitgereist.de\/?p=1002","title":{"rendered":"Unterwegs in der trockensten W\u00fcste der Welt &#8211; San Pedro de Atacama in Chile"},"content":{"rendered":"\n<p>Die letzten drei Tage waren landschaftlich gesehen beeindruckend! Ich habe noch nie so einen trockenen und entlegenen W\u00fcstenort besucht wie San Pedro de Atacama. Wir sind in der trockensten W\u00fcste der Welt angekommen. An manchen Stellen hat es seit 400 Jahren nicht mehr geregnet, sagen sie und nur alle 6-10 Jahren kommt es zu einem heftigen Regensturm. Obwohl der Ort so entlegen ist, ist doch einiges los hier. Es ist ein Touristenort. An jeder Ecke werden Touren in das Umland angeboten. Geldwechselstuben, zwei Banken und kleinere Shops sind auch vorhanden. Zurzeit ist noch Nebensaison in Chile, dennoch sind schon viele Backpacker aus allen Nationen unterwegs.<\/p>\n\n\n\n<figure class=\"wp-block-image size-large\"><img loading=\"lazy\" decoding=\"async\" width=\"768\" height=\"1024\" src=\"https:\/\/familie-weitgereist.de\/wp-content\/uploads\/2022\/07\/IMG_20150821_104605-2-768x1024.jpg\" alt=\"\" class=\"wp-image-9810\" srcset=\"https:\/\/familie-weitgereist.de\/wp-content\/uploads\/2022\/07\/IMG_20150821_104605-2-768x1024.jpg 768w, https:\/\/familie-weitgereist.de\/wp-content\/uploads\/2022\/07\/IMG_20150821_104605-2-225x300.jpg 225w, https:\/\/familie-weitgereist.de\/wp-content\/uploads\/2022\/07\/IMG_20150821_104605-2-1152x1536.jpg 1152w, https:\/\/familie-weitgereist.de\/wp-content\/uploads\/2022\/07\/IMG_20150821_104605-2-1536x2048.jpg 1536w, https:\/\/familie-weitgereist.de\/wp-content\/uploads\/2022\/07\/IMG_20150821_104605-2-1200x1600.jpg 1200w, https:\/\/familie-weitgereist.de\/wp-content\/uploads\/2022\/07\/IMG_20150821_104605-2-1980x2640.jpg 1980w, https:\/\/familie-weitgereist.de\/wp-content\/uploads\/2022\/07\/IMG_20150821_104605-2-640x853.jpg 640w, https:\/\/familie-weitgereist.de\/wp-content\/uploads\/2022\/07\/IMG_20150821_104605-2-150x200.jpg 150w, https:\/\/familie-weitgereist.de\/wp-content\/uploads\/2022\/07\/IMG_20150821_104605-2-scaled.jpg 1920w\" sizes=\"auto, (max-width: 768px) 100vw, 768px\" \/><\/figure>\n\n\n\n<p>Einen Ausflug haben wir auch gebucht &#8211; ein Muss wenn man in San Pedro ist. Wir haben das Valle de la Luna besichtigt. Wow! Als wir hinein gefahren sind, haben wir einen wirklichen Staunmoment erlebt. Die Natur ist unglaublich. Alles erscheint extrem trocken, der Boden ist aufgerissen, es bl\u00fcht kein Bl\u00fcmchen und steht kein B\u00e4umchen. Der wei\u00dfe Untergrund scheint Salz zu sein, ist es aber nicht. Es sind bestimmt Bakterien die mithilfe von Sauerstoff den Boden wei\u00df erscheinen lassen. Das Salz in dieser W\u00fcste ist durchsichtig und schimmert unter dem wei\u00df hindurch.<\/p>\n\n\n\n<div id=\"wp-block-themeisle-blocks-slider-72cd0ecf\" class=\"wp-block-themeisle-blocks-slider glide\" data-per-view=\"1\" data-gap=\"0\" data-peek=\"0\" data-autoplay=\"true\" data-height=\"400px\" data-hide-arrows=\"false\"><div class=\"glide__track\" data-glide-el=\"track\"><div class=\"glide__slides\"><div class=\"wp-block-themeisle-blocks-slider-item-wrapper glide__slide\" tabindex=\"0\"><figure><img decoding=\"async\" class=\"wp-block-themeisle-blocks-slider-item\" src=\"https:\/\/familie-weitgereist.de\/wp-content\/uploads\/2022\/07\/IMG_20150821_103644-scaled.jpg\" alt=\"\" title=\"\" data-id=\"9813\"\/><\/figure><\/div><div class=\"wp-block-themeisle-blocks-slider-item-wrapper glide__slide\" tabindex=\"0\"><figure><img decoding=\"async\" class=\"wp-block-themeisle-blocks-slider-item\" src=\"https:\/\/familie-weitgereist.de\/wp-content\/uploads\/2022\/07\/IMG_20150821_111927-scaled.jpg\" alt=\"\" title=\"\" data-id=\"9815\"\/><\/figure><\/div><div class=\"wp-block-themeisle-blocks-slider-item-wrapper glide__slide\" tabindex=\"0\"><figure><img decoding=\"async\" class=\"wp-block-themeisle-blocks-slider-item\" src=\"https:\/\/familie-weitgereist.de\/wp-content\/uploads\/2022\/07\/IMG_20150822_115739-scaled.jpg\" alt=\"\" title=\"\" data-id=\"9816\"\/><\/figure><\/div><\/div><div class=\"glide__bullets\" data-glide-el=\"controls[nav]\"><button class=\"glide__bullet\" data-glide-dir=\"=0\"><\/button><button class=\"glide__bullet\" data-glide-dir=\"=1\"><\/button><button class=\"glide__bullet\" data-glide-dir=\"=2\"><\/button><\/div><\/div><\/div>\n\n\n\n<p>Beeindruckende Aussichten konnten wir genie\u00dfen! Abseits von den typischen Touristenzielen hat man die W\u00fcste auch f\u00fcr sich allein. ;)In Pakar\u00e1 de Quitor haben wir antike Ruinen besichtigt, die 9000 v. Chr. entstanden sind. Es ist immer wieder unglaublich sich vorzustellen, dass vor so langer Zeit schon Menschen an diesem Ort gelebt haben, an dem wir nun auch gestanden haben.<\/p>\n\n\n\n<div id=\"wp-block-themeisle-blocks-slider-9596a639\" class=\"wp-block-themeisle-blocks-slider glide\" data-per-view=\"1\" data-gap=\"0\" data-peek=\"0\" data-autoplay=\"true\" data-height=\"400px\" data-hide-arrows=\"false\"><div class=\"glide__track\" data-glide-el=\"track\"><div class=\"glide__slides\"><div class=\"wp-block-themeisle-blocks-slider-item-wrapper glide__slide\" tabindex=\"0\"><figure><img decoding=\"async\" class=\"wp-block-themeisle-blocks-slider-item\" src=\"https:\/\/familie-weitgereist.de\/wp-content\/uploads\/2022\/07\/IMG_20150822_154205-scaled.jpg\" alt=\"\" title=\"\" data-id=\"9818\"\/><\/figure><\/div><div class=\"wp-block-themeisle-blocks-slider-item-wrapper glide__slide\" tabindex=\"0\"><figure><img decoding=\"async\" class=\"wp-block-themeisle-blocks-slider-item\" src=\"https:\/\/familie-weitgereist.de\/wp-content\/uploads\/2022\/07\/IMG_20150822_160020-scaled.jpg\" alt=\"\" title=\"\" data-id=\"9820\"\/><\/figure><\/div><div class=\"wp-block-themeisle-blocks-slider-item-wrapper glide__slide\" tabindex=\"0\"><figure><img decoding=\"async\" class=\"wp-block-themeisle-blocks-slider-item\" src=\"https:\/\/familie-weitgereist.de\/wp-content\/uploads\/2022\/07\/IMG_20150822_170503-scaled.jpg\" alt=\"\" title=\"\" data-id=\"9821\"\/><\/figure><\/div><\/div><div class=\"glide__bullets\" data-glide-el=\"controls[nav]\"><button class=\"glide__bullet\" data-glide-dir=\"=0\"><\/button><button class=\"glide__bullet\" data-glide-dir=\"=1\"><\/button><button class=\"glide__bullet\" data-glide-dir=\"=2\"><\/button><\/div><\/div><\/div>\n\n\n\n<p>Chile ist unglaublich vielf\u00e4ltig! Ich bin immer noch begeistert vom Norden. Trockenheit, Staub und Hitze dominieren die Region. \u00a0 Die Atacama W\u00fcste ist definitiv eine Reise wert! \ud83d\ude42<\/p>\n\n\n\n<div id=\"wp-block-themeisle-blocks-slider-a53712ff\" class=\"wp-block-themeisle-blocks-slider glide\" data-per-view=\"1\" data-gap=\"0\" data-peek=\"0\" data-autoplay=\"true\" data-height=\"400px\" data-hide-arrows=\"false\"><div class=\"glide__track\" data-glide-el=\"track\"><div class=\"glide__slides\"><div class=\"wp-block-themeisle-blocks-slider-item-wrapper glide__slide\" tabindex=\"0\"><figure><img decoding=\"async\" class=\"wp-block-themeisle-blocks-slider-item\" src=\"https:\/\/familie-weitgereist.de\/wp-content\/uploads\/2022\/07\/IMG_20150822_173209-scaled.jpg\" alt=\"\" title=\"\" data-id=\"9823\"\/><\/figure><\/div><div class=\"wp-block-themeisle-blocks-slider-item-wrapper glide__slide\" tabindex=\"0\"><figure><img decoding=\"async\" class=\"wp-block-themeisle-blocks-slider-item\" src=\"https:\/\/familie-weitgereist.de\/wp-content\/uploads\/2022\/07\/IMG_20150822_181007-scaled.jpg\" alt=\"\" title=\"\" data-id=\"9825\"\/><\/figure><\/div><div class=\"wp-block-themeisle-blocks-slider-item-wrapper glide__slide\" tabindex=\"0\"><figure><img decoding=\"async\" class=\"wp-block-themeisle-blocks-slider-item\" src=\"https:\/\/familie-weitgereist.de\/wp-content\/uploads\/2022\/07\/IMG_20150822_182258-scaled.jpg\" alt=\"\" title=\"\" data-id=\"9827\"\/><\/figure><\/div><div class=\"wp-block-themeisle-blocks-slider-item-wrapper glide__slide\" tabindex=\"0\"><figure><img decoding=\"async\" class=\"wp-block-themeisle-blocks-slider-item\" src=\"https:\/\/familie-weitgereist.de\/wp-content\/uploads\/2022\/07\/IMG_20150822_185349-scaled.jpg\" alt=\"\" title=\"\" data-id=\"9828\"\/><\/figure><\/div><div class=\"wp-block-themeisle-blocks-slider-item-wrapper glide__slide\" tabindex=\"0\"><figure><img decoding=\"async\" class=\"wp-block-themeisle-blocks-slider-item\" src=\"https:\/\/familie-weitgereist.de\/wp-content\/uploads\/2022\/07\/IMG_20150823_123348-scaled.jpg\" alt=\"\" title=\"\" data-id=\"9829\"\/><\/figure><\/div><div class=\"wp-block-themeisle-blocks-slider-item-wrapper glide__slide\" tabindex=\"0\"><figure><img decoding=\"async\" class=\"wp-block-themeisle-blocks-slider-item\" src=\"https:\/\/familie-weitgereist.de\/wp-content\/uploads\/2022\/07\/IMG_20150823_134949-scaled.jpg\" alt=\"\" title=\"\" data-id=\"9831\"\/><\/figure><\/div><\/div><div class=\"glide__bullets\" data-glide-el=\"controls[nav]\"><button class=\"glide__bullet\" data-glide-dir=\"=0\"><\/button><button class=\"glide__bullet\" data-glide-dir=\"=1\"><\/button><button class=\"glide__bullet\" data-glide-dir=\"=2\"><\/button><button class=\"glide__bullet\" data-glide-dir=\"=3\"><\/button><button class=\"glide__bullet\" data-glide-dir=\"=4\"><\/button><button class=\"glide__bullet\" data-glide-dir=\"=5\"><\/button><\/div><\/div><\/div>\n","protected":false},"excerpt":{"rendered":"<p>Die letzten drei Tage waren landschaftlich gesehen beeindruckend! Ich habe noch nie so einen trockenen und entlegenen W\u00fcstenort besucht wie San Pedro de Atacama. Wir sind in der trockensten W\u00fcste der Welt angekommen. An manchen Stellen hat es seit 400 Jahren nicht mehr geregnet, sagen sie und nur alle 6-10 Jahren kommt es zu einem [&hellip;]<\/p>\n","protected":false},"author":3,"featured_media":9828,"comment_status":"open","ping_status":"open","sticky":false,"template":"","format":"standard","meta":{"_themeisle_gutenberg_block_has_review":false,"footnotes":""},"categories":[302,4,7],"tags":[315,324],"class_list":["post-1002","post","type-post","status-publish","format-standard","has-post-thumbnail","hentry","category-chile","category-laender","category-suedamerika","tag-chile","tag-san-pedro-de-atacama"],"_links":{"self":[{"href":"https:\/\/familie-weitgereist.de\/index.php?rest_route=\/wp\/v2\/posts\/1002","targetHints":{"allow":["GET"]}}],"collection":[{"href":"https:\/\/familie-weitgereist.de\/index.php?rest_route=\/wp\/v2\/posts"}],"about":[{"href":"https:\/\/familie-weitgereist.de\/index.php?rest_route=\/wp\/v2\/types\/post"}],"author":[{"embeddable":true,"href":"https:\/\/familie-weitgereist.de\/index.php?rest_route=\/wp\/v2\/users\/3"}],"replies":[{"embeddable":true,"href":"https:\/\/familie-weitgereist.de\/index.php?rest_route=%2Fwp%2Fv2%2Fcomments&post=1002"}],"version-history":[{"count":11,"href":"https:\/\/familie-weitgereist.de\/index.php?rest_route=\/wp\/v2\/posts\/1002\/revisions"}],"predecessor-version":[{"id":9833,"href":"https:\/\/familie-weitgereist.de\/index.php?rest_route=\/wp\/v2\/posts\/1002\/revisions\/9833"}],"wp:featuredmedia":[{"embeddable":true,"href":"https:\/\/familie-weitgereist.de\/index.php?rest_route=\/wp\/v2\/media\/9828"}],"wp:attachment":[{"href":"https:\/\/familie-weitgereist.de\/index.php?rest_route=%2Fwp%2Fv2%2Fmedia&parent=1002"}],"wp:term":[{"taxonomy":"category","embeddable":true,"href":"https:\/\/familie-weitgereist.de\/index.php?rest_route=%2Fwp%2Fv2%2Fcategories&post=1002"},{"taxonomy":"post_tag","embeddable":true,"href":"https:\/\/familie-weitgereist.de\/index.php?rest_route=%2Fwp%2Fv2%2Ftags&post=1002"}],"curies":[{"name":"wp","href":"https:\/\/api.w.org\/{rel}","templated":true}]}}