{"id":1001,"date":"2015-08-28T22:22:00","date_gmt":"2015-08-28T20:22:00","guid":{"rendered":"http:\/\/wordpress\/?p=1001"},"modified":"2025-11-07T22:45:43","modified_gmt":"2025-11-07T21:45:43","slug":"bolivien","status":"publish","type":"post","link":"https:\/\/familie-weitgereist.de\/?p=1001","title":{"rendered":"Unsere Reise durch Bolivien"},"content":{"rendered":"\n<p>Wir sind in Bolivien!! \ud83d\ude42 <\/p>\n\n\n\n<figure class=\"wp-block-image size-large\"><img loading=\"lazy\" decoding=\"async\" width=\"1024\" height=\"768\" src=\"https:\/\/familie-weitgereist.de\/wp-content\/uploads\/2022\/07\/IMG_20150825_174326-2-1024x768.jpg\" alt=\"\" class=\"wp-image-9792\" srcset=\"https:\/\/familie-weitgereist.de\/wp-content\/uploads\/2022\/07\/IMG_20150825_174326-2-1024x768.jpg 1024w, https:\/\/familie-weitgereist.de\/wp-content\/uploads\/2022\/07\/IMG_20150825_174326-2-300x225.jpg 300w, https:\/\/familie-weitgereist.de\/wp-content\/uploads\/2022\/07\/IMG_20150825_174326-2-768x576.jpg 768w, https:\/\/familie-weitgereist.de\/wp-content\/uploads\/2022\/07\/IMG_20150825_174326-2-1536x1152.jpg 1536w, https:\/\/familie-weitgereist.de\/wp-content\/uploads\/2022\/07\/IMG_20150825_174326-2-2048x1536.jpg 2048w, https:\/\/familie-weitgereist.de\/wp-content\/uploads\/2022\/07\/IMG_20150825_174326-2-1200x900.jpg 1200w, https:\/\/familie-weitgereist.de\/wp-content\/uploads\/2022\/07\/IMG_20150825_174326-2-1980x1485.jpg 1980w, https:\/\/familie-weitgereist.de\/wp-content\/uploads\/2022\/07\/IMG_20150825_174326-2-150x113.jpg 150w\" sizes=\"auto, (max-width: 1024px) 100vw, 1024px\" \/><\/figure>\n\n\n\n<p>Die Landschaft ist wundersch\u00f6n. Das Land hat so viel zu bieten. Wir waren im Nationalpark Eduardo Avaroa und haben unendlich viele sch\u00f6ne Lagunen gesehen. Jede Lagune hatte eine andere Farbe aufgrund der unterschiedlichen Metalle die darin enthalten sind. W\u00fcstenlandschaft wechselte sich mit hei\u00dfen Quellen und dem Salar de Uyuni ab. Beeindruckend!<\/p>\n\n\n\n<div id=\"wp-block-themeisle-blocks-slider-af2a4c96\" class=\"wp-block-themeisle-blocks-slider glide\" data-per-view=\"1\" data-gap=\"0\" data-peek=\"0\" data-autoplay=\"true\" data-height=\"400px\" data-hide-arrows=\"false\"><div class=\"glide__track\" data-glide-el=\"track\"><div class=\"glide__slides\"><div class=\"wp-block-themeisle-blocks-slider-item-wrapper glide__slide\" tabindex=\"0\"><figure><img decoding=\"async\" class=\"wp-block-themeisle-blocks-slider-item\" src=\"https:\/\/familie-weitgereist.de\/wp-content\/uploads\/2022\/07\/IMG_20150824_094141-scaled.jpg\" alt=\"\" title=\"\" data-id=\"9779\"\/><\/figure><\/div><div class=\"wp-block-themeisle-blocks-slider-item-wrapper glide__slide\" tabindex=\"0\"><figure><img decoding=\"async\" class=\"wp-block-themeisle-blocks-slider-item\" src=\"https:\/\/familie-weitgereist.de\/wp-content\/uploads\/2022\/07\/IMG_20150824_105119-scaled.jpg\" alt=\"\" title=\"\" data-id=\"9781\"\/><\/figure><\/div><div class=\"wp-block-themeisle-blocks-slider-item-wrapper glide__slide\" tabindex=\"0\"><figure><img decoding=\"async\" class=\"wp-block-themeisle-blocks-slider-item\" src=\"https:\/\/familie-weitgereist.de\/wp-content\/uploads\/2022\/07\/IMG_20150824_110328-scaled.jpg\" alt=\"\" title=\"\" data-id=\"9782\"\/><\/figure><\/div><div class=\"wp-block-themeisle-blocks-slider-item-wrapper glide__slide\" tabindex=\"0\"><figure><img decoding=\"async\" class=\"wp-block-themeisle-blocks-slider-item\" src=\"https:\/\/familie-weitgereist.de\/wp-content\/uploads\/2022\/07\/IMG_20150824_112048-scaled.jpg\" alt=\"\" title=\"\" data-id=\"9783\"\/><\/figure><\/div><div class=\"wp-block-themeisle-blocks-slider-item-wrapper glide__slide\" tabindex=\"0\"><figure><img decoding=\"async\" class=\"wp-block-themeisle-blocks-slider-item\" src=\"https:\/\/familie-weitgereist.de\/wp-content\/uploads\/2022\/07\/IMG_20150824_123218-scaled.jpg\" alt=\"\" title=\"\" data-id=\"9784\"\/><\/figure><\/div><\/div><div class=\"glide__bullets\" data-glide-el=\"controls[nav]\"><button class=\"glide__bullet\" data-glide-dir=\"=0\"><\/button><button class=\"glide__bullet\" data-glide-dir=\"=1\"><\/button><button class=\"glide__bullet\" data-glide-dir=\"=2\"><\/button><button class=\"glide__bullet\" data-glide-dir=\"=3\"><\/button><button class=\"glide__bullet\" data-glide-dir=\"=4\"><\/button><\/div><\/div><\/div>\n\n\n\n<p>Auf 5000 H\u00f6henmetern hatten wir ganz sch\u00f6n gro\u00dfe Probleme. Es f\u00fchlt sich an, als h\u00e4tte man einen Sandsack auf dem Kopf. Der Druck ist so hoch. Mit der d\u00fcnnen Luft hatten wir zum Gl\u00fcck keine Probleme. 5000 m sind wirklich hoch. \ud83d\ude09<\/p>\n\n\n\n<figure class=\"wp-block-image size-large\"><img loading=\"lazy\" decoding=\"async\" width=\"1024\" height=\"759\" src=\"https:\/\/familie-weitgereist.de\/wp-content\/uploads\/2022\/07\/IMG_20150825_100707-1024x759.jpg\" alt=\"\" class=\"wp-image-9835\" srcset=\"https:\/\/familie-weitgereist.de\/wp-content\/uploads\/2022\/07\/IMG_20150825_100707-1024x759.jpg 1024w, https:\/\/familie-weitgereist.de\/wp-content\/uploads\/2022\/07\/IMG_20150825_100707-300x222.jpg 300w, https:\/\/familie-weitgereist.de\/wp-content\/uploads\/2022\/07\/IMG_20150825_100707-768x569.jpg 768w, https:\/\/familie-weitgereist.de\/wp-content\/uploads\/2022\/07\/IMG_20150825_100707-1536x1139.jpg 1536w, https:\/\/familie-weitgereist.de\/wp-content\/uploads\/2022\/07\/IMG_20150825_100707-2048x1518.jpg 2048w, https:\/\/familie-weitgereist.de\/wp-content\/uploads\/2022\/07\/IMG_20150825_100707-1200x890.jpg 1200w, https:\/\/familie-weitgereist.de\/wp-content\/uploads\/2022\/07\/IMG_20150825_100707-1980x1468.jpg 1980w, https:\/\/familie-weitgereist.de\/wp-content\/uploads\/2022\/07\/IMG_20150825_100707-150x111.jpg 150w\" sizes=\"auto, (max-width: 1024px) 100vw, 1024px\" \/><figcaption class=\"wp-element-caption\">\u00c1rbol de Piedra &#8211; Steinbaum<\/figcaption><\/figure>\n\n\n\n<div id=\"wp-block-themeisle-blocks-slider-61c246dd\" class=\"wp-block-themeisle-blocks-slider glide\" data-per-view=\"1\" data-gap=\"0\" data-peek=\"0\" data-autoplay=\"true\" data-height=\"400px\" data-hide-arrows=\"false\"><div class=\"glide__track\" data-glide-el=\"track\"><div class=\"glide__slides\"><div class=\"wp-block-themeisle-blocks-slider-item-wrapper glide__slide\" tabindex=\"0\"><figure><img decoding=\"async\" class=\"wp-block-themeisle-blocks-slider-item\" src=\"https:\/\/familie-weitgereist.de\/wp-content\/uploads\/2022\/07\/IMG_20150824_142137-scaled.jpg\" alt=\"\" title=\"\" data-id=\"9785\"\/><\/figure><\/div><div class=\"wp-block-themeisle-blocks-slider-item-wrapper glide__slide\" tabindex=\"0\"><figure><img decoding=\"async\" class=\"wp-block-themeisle-blocks-slider-item\" src=\"https:\/\/familie-weitgereist.de\/wp-content\/uploads\/2022\/07\/IMG_20150824_163949-scaled.jpg\" alt=\"\" title=\"\" data-id=\"9786\"\/><\/figure><\/div><div class=\"wp-block-themeisle-blocks-slider-item-wrapper glide__slide\" tabindex=\"0\"><figure><img decoding=\"async\" class=\"wp-block-themeisle-blocks-slider-item\" src=\"https:\/\/familie-weitgereist.de\/wp-content\/uploads\/2022\/07\/IMG_20150824_170921-scaled.jpg\" alt=\"\" title=\"\" data-id=\"9788\"\/><\/figure><\/div><div class=\"wp-block-themeisle-blocks-slider-item-wrapper glide__slide\" tabindex=\"0\"><figure><img decoding=\"async\" class=\"wp-block-themeisle-blocks-slider-item\" src=\"https:\/\/familie-weitgereist.de\/wp-content\/uploads\/2022\/07\/IMG_20150825_121037-scaled.jpg\" alt=\"\" title=\"\" data-id=\"9789\"\/><\/figure><\/div><div class=\"wp-block-themeisle-blocks-slider-item-wrapper glide__slide\" tabindex=\"0\"><figure><img decoding=\"async\" class=\"wp-block-themeisle-blocks-slider-item\" src=\"https:\/\/familie-weitgereist.de\/wp-content\/uploads\/2022\/07\/IMG_20150825_121617-scaled.jpg\" alt=\"\" title=\"\" data-id=\"9793\"\/><\/figure><\/div><div class=\"wp-block-themeisle-blocks-slider-item-wrapper glide__slide\" tabindex=\"0\"><figure><img decoding=\"async\" class=\"wp-block-themeisle-blocks-slider-item\" src=\"https:\/\/familie-weitgereist.de\/wp-content\/uploads\/2022\/07\/IMG_20150825_152053-scaled.jpg\" alt=\"\" title=\"\" data-id=\"9796\"\/><\/figure><\/div><\/div><div class=\"glide__bullets\" data-glide-el=\"controls[nav]\"><button class=\"glide__bullet\" data-glide-dir=\"=0\"><\/button><button class=\"glide__bullet\" data-glide-dir=\"=1\"><\/button><button class=\"glide__bullet\" data-glide-dir=\"=2\"><\/button><button class=\"glide__bullet\" data-glide-dir=\"=3\"><\/button><button class=\"glide__bullet\" data-glide-dir=\"=4\"><\/button><button class=\"glide__bullet\" data-glide-dir=\"=5\"><\/button><\/div><\/div><\/div>\n\n\n\n<p>Der Salar de Uyuni war so beeindruckend. Wei\u00df so weit das Auge reicht. Ein riesiger Salzsee.<\/p>\n\n\n\n<div id=\"wp-block-themeisle-blocks-slider-94c316fc\" class=\"wp-block-themeisle-blocks-slider glide\" data-per-view=\"1\" data-gap=\"0\" data-peek=\"0\" data-autoplay=\"true\" data-height=\"400px\" data-hide-arrows=\"false\"><div class=\"glide__track\" data-glide-el=\"track\"><div class=\"glide__slides\"><div class=\"wp-block-themeisle-blocks-slider-item-wrapper glide__slide\" tabindex=\"0\"><figure><img decoding=\"async\" class=\"wp-block-themeisle-blocks-slider-item\" src=\"https:\/\/familie-weitgereist.de\/wp-content\/uploads\/2022\/07\/IMG_20150826_083537-scaled.jpg\" alt=\"\" title=\"\" data-id=\"9798\"\/><\/figure><\/div><div class=\"wp-block-themeisle-blocks-slider-item-wrapper glide__slide\" tabindex=\"0\"><figure><img decoding=\"async\" class=\"wp-block-themeisle-blocks-slider-item\" src=\"https:\/\/familie-weitgereist.de\/wp-content\/uploads\/2022\/07\/IMG_20150826_100512-scaled.jpg\" alt=\"\" title=\"\" data-id=\"9801\"\/><\/figure><\/div><div class=\"wp-block-themeisle-blocks-slider-item-wrapper glide__slide\" tabindex=\"0\"><figure><img decoding=\"async\" class=\"wp-block-themeisle-blocks-slider-item\" src=\"https:\/\/familie-weitgereist.de\/wp-content\/uploads\/2022\/07\/IMG_20150826_103403-scaled.jpg\" alt=\"\" title=\"\" data-id=\"9802\"\/><\/figure><\/div><div class=\"wp-block-themeisle-blocks-slider-item-wrapper glide__slide\" tabindex=\"0\"><figure><img decoding=\"async\" class=\"wp-block-themeisle-blocks-slider-item\" src=\"https:\/\/familie-weitgereist.de\/wp-content\/uploads\/2022\/07\/IMG_20150826_105721-scaled.jpg\" alt=\"\" title=\"\" data-id=\"9803\"\/><\/figure><\/div><div class=\"wp-block-themeisle-blocks-slider-item-wrapper glide__slide\" tabindex=\"0\"><figure><img decoding=\"async\" class=\"wp-block-themeisle-blocks-slider-item\" src=\"https:\/\/familie-weitgereist.de\/wp-content\/uploads\/2022\/07\/IMG_20150826_110103-scaled.jpg\" alt=\"\" title=\"\" data-id=\"9804\"\/><\/figure><\/div><div class=\"wp-block-themeisle-blocks-slider-item-wrapper glide__slide\" tabindex=\"0\"><figure><img decoding=\"async\" class=\"wp-block-themeisle-blocks-slider-item\" src=\"https:\/\/familie-weitgereist.de\/wp-content\/uploads\/2022\/07\/IMG_20150826_110847-scaled.jpg\" alt=\"\" title=\"\" data-id=\"9806\"\/><\/figure><\/div><\/div><div class=\"glide__bullets\" data-glide-el=\"controls[nav]\"><button class=\"glide__bullet\" data-glide-dir=\"=0\"><\/button><button class=\"glide__bullet\" data-glide-dir=\"=1\"><\/button><button class=\"glide__bullet\" data-glide-dir=\"=2\"><\/button><button class=\"glide__bullet\" data-glide-dir=\"=3\"><\/button><button class=\"glide__bullet\" data-glide-dir=\"=4\"><\/button><button class=\"glide__bullet\" data-glide-dir=\"=5\"><\/button><\/div><\/div><\/div>\n\n\n\n<p>Zurzeit sind wir in La Paz auf 3600 m. Hier ist es ertr\u00e4glich und man kann sich von der H\u00f6he gut erholen. La Paz ist eine sehr gro\u00dfe Metropole. Einfach gigantisch! Die engen Gassen schl\u00e4ngeln sich den Berghang hoch.<\/p>\n\n\n\n<p>Die Busfahrt von Oruro nach La Paz war mehr als abenteuerlich. So eine Busfahrt habe ich noch nie erlebt. Wir sind knapp 800 km in 13 Stunden gefahren. Davon waren 400 km unbefestigte Stra\u00dfen. Mit 100 km\/h ist der Busfahrer gefahren und uns hat es 50 cm hoch aus dem Sitz gehoben. Die Nachtfahrt war der Horror! Ich konnte es nicht glauben, normalerweise werden solche Stra\u00dfen nur mit Jeep befahren. Das war heftig!\u00a0 \u00a0<\/p>\n\n\n\n<p>Morgen fahren wir zum Gl\u00fcck nur 3,5 Stunden nach Copacabana, an den Titicacasee. \ud83d\ude42 Dort wird es hoffentlich sch\u00f6n gem\u00fctlich und nicht so &#8222;metropolisch&#8220; wie in La Paz.<\/p>\n","protected":false},"excerpt":{"rendered":"<p>Wir sind in Bolivien!! \ud83d\ude42 Die Landschaft ist wundersch\u00f6n. Das Land hat so viel zu bieten. Wir waren im Nationalpark Eduardo Avaroa und haben unendlich viele sch\u00f6ne Lagunen gesehen. Jede Lagune hatte eine andere Farbe aufgrund der unterschiedlichen Metalle die darin enthalten sind. W\u00fcstenlandschaft wechselte sich mit hei\u00dfen Quellen und dem Salar de Uyuni ab. [&hellip;]<\/p>\n","protected":false},"author":3,"featured_media":9806,"comment_status":"open","ping_status":"open","sticky":false,"template":"","format":"standard","meta":{"_themeisle_gutenberg_block_has_review":false,"footnotes":""},"categories":[303,7],"tags":[306,1778,1774,1777,1775],"class_list":["post-1001","post","type-post","status-publish","format-standard","has-post-thumbnail","hentry","category-bolivien","category-suedamerika","tag-bolivien","tag-la-paz","tag-nationalpark-eduardo-avaroa","tag-oruro","tag-salar-de-uyuni"],"_links":{"self":[{"href":"https:\/\/familie-weitgereist.de\/index.php?rest_route=\/wp\/v2\/posts\/1001","targetHints":{"allow":["GET"]}}],"collection":[{"href":"https:\/\/familie-weitgereist.de\/index.php?rest_route=\/wp\/v2\/posts"}],"about":[{"href":"https:\/\/familie-weitgereist.de\/index.php?rest_route=\/wp\/v2\/types\/post"}],"author":[{"embeddable":true,"href":"https:\/\/familie-weitgereist.de\/index.php?rest_route=\/wp\/v2\/users\/3"}],"replies":[{"embeddable":true,"href":"https:\/\/familie-weitgereist.de\/index.php?rest_route=%2Fwp%2Fv2%2Fcomments&post=1001"}],"version-history":[{"count":12,"href":"https:\/\/familie-weitgereist.de\/index.php?rest_route=\/wp\/v2\/posts\/1001\/revisions"}],"predecessor-version":[{"id":23933,"href":"https:\/\/familie-weitgereist.de\/index.php?rest_route=\/wp\/v2\/posts\/1001\/revisions\/23933"}],"wp:featuredmedia":[{"embeddable":true,"href":"https:\/\/familie-weitgereist.de\/index.php?rest_route=\/wp\/v2\/media\/9806"}],"wp:attachment":[{"href":"https:\/\/familie-weitgereist.de\/index.php?rest_route=%2Fwp%2Fv2%2Fmedia&parent=1001"}],"wp:term":[{"taxonomy":"category","embeddable":true,"href":"https:\/\/familie-weitgereist.de\/index.php?rest_route=%2Fwp%2Fv2%2Fcategories&post=1001"},{"taxonomy":"post_tag","embeddable":true,"href":"https:\/\/familie-weitgereist.de\/index.php?rest_route=%2Fwp%2Fv2%2Ftags&post=1001"}],"curies":[{"name":"wp","href":"https:\/\/api.w.org\/{rel}","templated":true}]}}