{"id":1000,"date":"2015-08-31T01:08:00","date_gmt":"2015-08-30T23:08:00","guid":{"rendered":"http:\/\/wordpress\/?p=1000"},"modified":"2025-11-07T22:30:53","modified_gmt":"2025-11-07T21:30:53","slug":"copacabana-bolivien","status":"publish","type":"post","link":"https:\/\/familie-weitgereist.de\/?p=1000","title":{"rendered":"Erkundungen der Copacabana, Bolivien"},"content":{"rendered":"\n<p>Viele Gr\u00fc\u00dfe von der wahren Copacabana in Bolivien!<\/p>\n\n\n\n<figure class=\"wp-block-image size-large\"><img loading=\"lazy\" decoding=\"async\" width=\"1024\" height=\"768\" src=\"https:\/\/familie-weitgereist.de\/wp-content\/uploads\/2022\/07\/IMG_20150830_102943-1024x768.jpg\" alt=\"\" class=\"wp-image-9768\" srcset=\"https:\/\/familie-weitgereist.de\/wp-content\/uploads\/2022\/07\/IMG_20150830_102943-1024x768.jpg 1024w, https:\/\/familie-weitgereist.de\/wp-content\/uploads\/2022\/07\/IMG_20150830_102943-300x225.jpg 300w, https:\/\/familie-weitgereist.de\/wp-content\/uploads\/2022\/07\/IMG_20150830_102943-768x576.jpg 768w, https:\/\/familie-weitgereist.de\/wp-content\/uploads\/2022\/07\/IMG_20150830_102943-1536x1152.jpg 1536w, https:\/\/familie-weitgereist.de\/wp-content\/uploads\/2022\/07\/IMG_20150830_102943-2048x1536.jpg 2048w, https:\/\/familie-weitgereist.de\/wp-content\/uploads\/2022\/07\/IMG_20150830_102943-1200x900.jpg 1200w, https:\/\/familie-weitgereist.de\/wp-content\/uploads\/2022\/07\/IMG_20150830_102943-1980x1485.jpg 1980w, https:\/\/familie-weitgereist.de\/wp-content\/uploads\/2022\/07\/IMG_20150830_102943-150x113.jpg 150w\" sizes=\"auto, (max-width: 1024px) 100vw, 1024px\" \/><\/figure>\n\n\n\n<p>Die letzten beiden Tage waren wundersch\u00f6n. Hier ist es so entspannt &#8211; ganz anders als in La Paz. Der Titicacasee ist riesig und das Panorama super! Die Leute sind hier teilweise auch ganz nett &#8211; zu mindestens netter als in La Paz. \ud83d\ude09\u00a0 Das ganze Dorf ist \u00fcberf\u00fcllt mit St\u00e4nden an denen man Popcorn in mega T\u00fcten kaufen kann, Kekse und dieses eklige Fleisch (was wahrscheinlich schon seit Tagen in der Sonne gammelt, jedenfalls stinkt es so). Einen Supermarkt gibt es hier nat\u00fcrlich auch nicht, deshalb kaufen auch alle Bolivianer an den St\u00e4nden ein.\u00a0 Zurzeit ern\u00e4hren wir uns etwas einseitig von \u00c4pfeln, Orangen, Keksen und Salaten, wenn wir essen gehen. F\u00fcr Phili gibt es dann meistens einen Taco. Alles andere ist ein bisschen riskant wegen der Lebensmittelhygiene. \ud83d\ude09<\/p>\n\n\n\n<div id=\"wp-block-themeisle-blocks-slider-fb325e22\" class=\"wp-block-themeisle-blocks-slider glide\" data-per-view=\"1\" data-gap=\"0\" data-peek=\"0\" data-autoplay=\"true\" data-height=\"400px\" data-hide-arrows=\"false\"><div class=\"glide__track\" data-glide-el=\"track\"><div class=\"glide__slides\"><div class=\"wp-block-themeisle-blocks-slider-item-wrapper glide__slide\" tabindex=\"0\"><figure><img decoding=\"async\" class=\"wp-block-themeisle-blocks-slider-item\" src=\"https:\/\/familie-weitgereist.de\/wp-content\/uploads\/2022\/07\/IMG_20150830_125632-scaled.jpg\" alt=\"\" title=\"\" data-id=\"9771\"\/><\/figure><\/div><div class=\"wp-block-themeisle-blocks-slider-item-wrapper glide__slide\" tabindex=\"0\"><figure><img decoding=\"async\" class=\"wp-block-themeisle-blocks-slider-item\" src=\"https:\/\/familie-weitgereist.de\/wp-content\/uploads\/2022\/07\/IMG_20150830_125803-scaled.jpg\" alt=\"\" title=\"\" data-id=\"9773\"\/><\/figure><\/div><div class=\"wp-block-themeisle-blocks-slider-item-wrapper glide__slide\" tabindex=\"0\"><figure><img decoding=\"async\" class=\"wp-block-themeisle-blocks-slider-item\" src=\"https:\/\/familie-weitgereist.de\/wp-content\/uploads\/2022\/07\/IMG_20150830_132606-scaled.jpg\" alt=\"\" title=\"\" data-id=\"9774\"\/><\/figure><\/div><div class=\"wp-block-themeisle-blocks-slider-item-wrapper glide__slide\" tabindex=\"0\"><figure><img decoding=\"async\" class=\"wp-block-themeisle-blocks-slider-item\" src=\"https:\/\/familie-weitgereist.de\/wp-content\/uploads\/2022\/07\/IMG_20150830_140226-scaled.jpg\" alt=\"\" title=\"\" data-id=\"9776\"\/><\/figure><\/div><\/div><div class=\"glide__bullets\" data-glide-el=\"controls[nav]\"><button class=\"glide__bullet\" data-glide-dir=\"=0\"><\/button><button class=\"glide__bullet\" data-glide-dir=\"=1\"><\/button><button class=\"glide__bullet\" data-glide-dir=\"=2\"><\/button><button class=\"glide__bullet\" data-glide-dir=\"=3\"><\/button><\/div><\/div><\/div>\n\n\n\n<p>Sonnencreme mit Schutzfaktor 70 haben wir uns auch erst einmal gekauft. Trotz, dass es zurzeit Winter ist, hat die Sonne eine unwahrscheinliche Kraft. \u00a0 Ich bin froh, dass ich Spanisch spreche, denn ohne Spanisch kommt man hier nicht voran. Kein Mensch spricht hier Englisch.\u00a0 \u00a0 Morgen fahren wir mit einem Boot zur Isla del Sol und \u00fcbernachten dort. Das wird sch\u00f6n, denn die Insel ist kaum bev\u00f6lkert.<\/p>\n","protected":false},"excerpt":{"rendered":"<p>Viele Gr\u00fc\u00dfe von der wahren Copacabana in Bolivien! Die letzten beiden Tage waren wundersch\u00f6n. Hier ist es so entspannt &#8211; ganz anders als in La Paz. Der Titicacasee ist riesig und das Panorama super! Die Leute sind hier teilweise auch ganz nett &#8211; zu mindestens netter als in La Paz. \ud83d\ude09\u00a0 Das ganze Dorf ist [&hellip;]<\/p>\n","protected":false},"author":3,"featured_media":9776,"comment_status":"open","ping_status":"open","sticky":false,"template":"","format":"standard","meta":{"_themeisle_gutenberg_block_has_review":false,"footnotes":""},"categories":[303,4,7],"tags":[306,305],"class_list":["post-1000","post","type-post","status-publish","format-standard","has-post-thumbnail","hentry","category-bolivien","category-laender","category-suedamerika","tag-bolivien","tag-copacabana"],"_links":{"self":[{"href":"https:\/\/familie-weitgereist.de\/index.php?rest_route=\/wp\/v2\/posts\/1000","targetHints":{"allow":["GET"]}}],"collection":[{"href":"https:\/\/familie-weitgereist.de\/index.php?rest_route=\/wp\/v2\/posts"}],"about":[{"href":"https:\/\/familie-weitgereist.de\/index.php?rest_route=\/wp\/v2\/types\/post"}],"author":[{"embeddable":true,"href":"https:\/\/familie-weitgereist.de\/index.php?rest_route=\/wp\/v2\/users\/3"}],"replies":[{"embeddable":true,"href":"https:\/\/familie-weitgereist.de\/index.php?rest_route=%2Fwp%2Fv2%2Fcomments&post=1000"}],"version-history":[{"count":9,"href":"https:\/\/familie-weitgereist.de\/index.php?rest_route=\/wp\/v2\/posts\/1000\/revisions"}],"predecessor-version":[{"id":9778,"href":"https:\/\/familie-weitgereist.de\/index.php?rest_route=\/wp\/v2\/posts\/1000\/revisions\/9778"}],"wp:featuredmedia":[{"embeddable":true,"href":"https:\/\/familie-weitgereist.de\/index.php?rest_route=\/wp\/v2\/media\/9776"}],"wp:attachment":[{"href":"https:\/\/familie-weitgereist.de\/index.php?rest_route=%2Fwp%2Fv2%2Fmedia&parent=1000"}],"wp:term":[{"taxonomy":"category","embeddable":true,"href":"https:\/\/familie-weitgereist.de\/index.php?rest_route=%2Fwp%2Fv2%2Fcategories&post=1000"},{"taxonomy":"post_tag","embeddable":true,"href":"https:\/\/familie-weitgereist.de\/index.php?rest_route=%2Fwp%2Fv2%2Ftags&post=1000"}],"curies":[{"name":"wp","href":"https:\/\/api.w.org\/{rel}","templated":true}]}}